{"id":6544,"date":"2019-08-15T16:04:29","date_gmt":"2019-08-15T14:04:29","guid":{"rendered":"https:\/\/www.asnia.es\/?p=6544"},"modified":"2019-09-26T16:09:52","modified_gmt":"2019-09-26T14:09:52","slug":"no-es-un-adios-es-hasta-pronto","status":"publish","type":"post","link":"https:\/\/www.asnia.es\/?p=6544","title":{"rendered":"No es un adi\u00f3s, es hasta pronto!!!!"},"content":{"rendered":"\n<p>Llego el d\u00eda de salida de nuestro grupo desde la biblioteca municipal de Bonares, acompa\u00f1ados por la concejala de bienestar social&nbsp;<a href=\"https:\/\/www.facebook.com\/rocio.galanmartinez.376?__tn__=K-R&amp;eid=ARAoYvqO2moMglEl5uIYoJFx-6eFZ7XXHV2EcUPyv0db2dfxPfn0E_mm9a-CntQ6m0RBmTQLm6IcPp-2&amp;fref=mentions&amp;__xts__%5B0%5D=68.ARCLghEeJmqXIAR8BGnWP9u2sICudj0FWG5WfpBVXf5CoBU6Mc4XGpAitgm6z4nFQg0js0YN_eSWKGgZHTwBwza-JDeYx9ELVF4AAGmExGc5WeVbWLsU6bGzyGvWtHUpumfu8bQBgjhgn5fne8Fejj20KGBXL65GlSsPrTWHmJKLLAUc5EuBbzkk4bFmWxodS3NxoIRvo_i8Gtm2V13nIzyrtdk1sLp4kknJ-slLI38t037tpwapmexEjWj45OH75JqoTCohH-5xMUo--J8snA7A0ZmfKSFYdgjeqguHf-qhneuz2CoHpEkVCkk02N8fGXlO7zJBgEy3zG5kHgaN3tI9EQ\">Roc\u00edo Gal\u00e1n Mart\u00ednez<\/a>, cumpli\u00e9ndose as\u00ed nuestro d\u00e9cimo segundo a\u00f1o realizando este programa. Un a\u00f1o intenso de trabajo a nivel asociativo pero con la recompensa del trabajo bien hecho, verles llegar el pasado 25 de junio y verles regresar sin incidentes&#8230;.. cargados de salud, emociones, ilusiones, recuerdos y vivencias llenas de amor y solidaridad tanto por parte de las familias como de todas las instituciones y empresas que hacen posible que nuestros chic@s durante su estancia tengan todas sus necesidades m\u00e9dico-sanitarias, culturales y l\u00fadicas cubiertas, al margen de cumplir los objetivos marcados en materia de ayuda humanitaria en terreno&nbsp;<a href=\"https:\/\/www.facebook.com\/hashtag\/hijosdelcorazon?source=feed_text&amp;epa=HASHTAG&amp;__xts__%5B0%5D=68.ARCLghEeJmqXIAR8BGnWP9u2sICudj0FWG5WfpBVXf5CoBU6Mc4XGpAitgm6z4nFQg0js0YN_eSWKGgZHTwBwza-JDeYx9ELVF4AAGmExGc5WeVbWLsU6bGzyGvWtHUpumfu8bQBgjhgn5fne8Fejj20KGBXL65GlSsPrTWHmJKLLAUc5EuBbzkk4bFmWxodS3NxoIRvo_i8Gtm2V13nIzyrtdk1sLp4kknJ-slLI38t037tpwapmexEjWj45OH75JqoTCohH-5xMUo--J8snA7A0ZmfKSFYdgjeqguHf-qhneuz2CoHpEkVCkk02N8fGXlO7zJBgEy3zG5kHgaN3tI9EQ&amp;__tn__=%2ANK-R\">#hijosdelcorazon<\/a>, tres proyectos que entregaremos en breves d\u00edas en Bielorrusia m\u00e1s un nuevo programa de escolarizaci\u00f3n.<br>GRACIAS a las familias guardadoras que son el motor de ASNIA.HUELVA.<br>GRACIAS al&nbsp;<a href=\"https:\/\/www.facebook.com\/AytoHuelva\/?__tn__=K-R&amp;eid=ARCvKCcDOvI7aq83lgNl6sSez-KzgAuiV307UMV4HIdmQGiukBb69LmY0mfD9xrzU3p5XlRz6Cz8MPR-&amp;fref=mentions&amp;__xts__%5B0%5D=68.ARCLghEeJmqXIAR8BGnWP9u2sICudj0FWG5WfpBVXf5CoBU6Mc4XGpAitgm6z4nFQg0js0YN_eSWKGgZHTwBwza-JDeYx9ELVF4AAGmExGc5WeVbWLsU6bGzyGvWtHUpumfu8bQBgjhgn5fne8Fejj20KGBXL65GlSsPrTWHmJKLLAUc5EuBbzkk4bFmWxodS3NxoIRvo_i8Gtm2V13nIzyrtdk1sLp4kknJ-slLI38t037tpwapmexEjWj45OH75JqoTCohH-5xMUo--J8snA7A0ZmfKSFYdgjeqguHf-qhneuz2CoHpEkVCkk02N8fGXlO7zJBgEy3zG5kHgaN3tI9EQ\">Ayuntamiento de Huelva<\/a>,&nbsp;<a href=\"https:\/\/www.facebook.com\/Ayuntamiento-de-Bonares-828403207275329\/?__tn__=K-R&amp;eid=ARDS6SrvP7kxi2mM29qog6m4z9m2DtR7OMMX62a4fV66Ex4CHIkdLeBu2T6kxOCYQai6Np3xjkLlnhK2&amp;fref=mentions&amp;__xts__%5B0%5D=68.ARCLghEeJmqXIAR8BGnWP9u2sICudj0FWG5WfpBVXf5CoBU6Mc4XGpAitgm6z4nFQg0js0YN_eSWKGgZHTwBwza-JDeYx9ELVF4AAGmExGc5WeVbWLsU6bGzyGvWtHUpumfu8bQBgjhgn5fne8Fejj20KGBXL65GlSsPrTWHmJKLLAUc5EuBbzkk4bFmWxodS3NxoIRvo_i8Gtm2V13nIzyrtdk1sLp4kknJ-slLI38t037tpwapmexEjWj45OH75JqoTCohH-5xMUo--J8snA7A0ZmfKSFYdgjeqguHf-qhneuz2CoHpEkVCkk02N8fGXlO7zJBgEy3zG5kHgaN3tI9EQ\">Ayuntamiento de Bonares<\/a>,&nbsp;<a href=\"https:\/\/www.facebook.com\/Ayuntamiento-de-Paymogo-476956009126143\/?__tn__=K-R&amp;eid=ARC9Rpu98fHXFb0Fj7uMMHZOKTrwz4cUQoJU_CJl5DbLjp4ur7j4r5ulDmeKkUAYo4XE2gcvTzU1_PKh&amp;fref=mentions&amp;__xts__%5B0%5D=68.ARCLghEeJmqXIAR8BGnWP9u2sICudj0FWG5WfpBVXf5CoBU6Mc4XGpAitgm6z4nFQg0js0YN_eSWKGgZHTwBwza-JDeYx9ELVF4AAGmExGc5WeVbWLsU6bGzyGvWtHUpumfu8bQBgjhgn5fne8Fejj20KGBXL65GlSsPrTWHmJKLLAUc5EuBbzkk4bFmWxodS3NxoIRvo_i8Gtm2V13nIzyrtdk1sLp4kknJ-slLI38t037tpwapmexEjWj45OH75JqoTCohH-5xMUo--J8snA7A0ZmfKSFYdgjeqguHf-qhneuz2CoHpEkVCkk02N8fGXlO7zJBgEy3zG5kHgaN3tI9EQ\">Ayuntamiento de Paymogo<\/a>,&nbsp;<a href=\"https:\/\/www.facebook.com\/DiputaciondeHuelva\/?__tn__=K-R&amp;eid=ARCZhVM8n6yYEF59QGKqmfKJbjAnIrxvn-Xs9vPbXimWCC9-KUodJ7Adk7kPV_yGPi4HbPgU64Zgun21&amp;fref=mentions&amp;__xts__%5B0%5D=68.ARCLghEeJmqXIAR8BGnWP9u2sICudj0FWG5WfpBVXf5CoBU6Mc4XGpAitgm6z4nFQg0js0YN_eSWKGgZHTwBwza-JDeYx9ELVF4AAGmExGc5WeVbWLsU6bGzyGvWtHUpumfu8bQBgjhgn5fne8Fejj20KGBXL65GlSsPrTWHmJKLLAUc5EuBbzkk4bFmWxodS3NxoIRvo_i8Gtm2V13nIzyrtdk1sLp4kknJ-slLI38t037tpwapmexEjWj45OH75JqoTCohH-5xMUo--J8snA7A0ZmfKSFYdgjeqguHf-qhneuz2CoHpEkVCkk02N8fGXlO7zJBgEy3zG5kHgaN3tI9EQ\">Diputaci\u00f3n de Huelva<\/a>,&nbsp;<a href=\"https:\/\/www.facebook.com\/pages\/Cl%C3%ADnica-Baviera\/184852132417211?__tn__=K-R&amp;eid=ARBlG4w8TDmQqOiuzWhsItPjgc7OOsWb_D_Y_Cm6FPzaZN_l9UmjPZppa91JNISnO5TwnU0MxeTDBMvY&amp;fref=mentions&amp;__xts__%5B0%5D=68.ARCLghEeJmqXIAR8BGnWP9u2sICudj0FWG5WfpBVXf5CoBU6Mc4XGpAitgm6z4nFQg0js0YN_eSWKGgZHTwBwza-JDeYx9ELVF4AAGmExGc5WeVbWLsU6bGzyGvWtHUpumfu8bQBgjhgn5fne8Fejj20KGBXL65GlSsPrTWHmJKLLAUc5EuBbzkk4bFmWxodS3NxoIRvo_i8Gtm2V13nIzyrtdk1sLp4kknJ-slLI38t037tpwapmexEjWj45OH75JqoTCohH-5xMUo--J8snA7A0ZmfKSFYdgjeqguHf-qhneuz2CoHpEkVCkk02N8fGXlO7zJBgEy3zG5kHgaN3tI9EQ\">Cl\u00ednica Baviera<\/a>,&nbsp;<a href=\"https:\/\/www.facebook.com\/Fundacionodontologiasocial\/?__tn__=K-R&amp;eid=ARCM0UttMgJZwoeQYXGCvV9hBQ51olLRz5JZTpiEhXf2QG4_w1inbsWDAQTdlhOEQRPkANQ3LVPWtID0&amp;fref=mentions&amp;__xts__%5B0%5D=68.ARCLghEeJmqXIAR8BGnWP9u2sICudj0FWG5WfpBVXf5CoBU6Mc4XGpAitgm6z4nFQg0js0YN_eSWKGgZHTwBwza-JDeYx9ELVF4AAGmExGc5WeVbWLsU6bGzyGvWtHUpumfu8bQBgjhgn5fne8Fejj20KGBXL65GlSsPrTWHmJKLLAUc5EuBbzkk4bFmWxodS3NxoIRvo_i8Gtm2V13nIzyrtdk1sLp4kknJ-slLI38t037tpwapmexEjWj45OH75JqoTCohH-5xMUo--J8snA7A0ZmfKSFYdgjeqguHf-qhneuz2CoHpEkVCkk02N8fGXlO7zJBgEy3zG5kHgaN3tI9EQ\">Fundaci\u00f3n Odontolog\u00eda Social Luis S\u00e9iquer<\/a>,&nbsp;<a href=\"https:\/\/www.facebook.com\/opticasantaotilia\/?__tn__=K-R&amp;eid=ARBuoC-Fqa17OJH0_ly6t9OEvpJOO8NBsOZ47-WeLFF4ShZOAsTfjKnYPYTqmsBN1z3kCxdejecKQ7j7&amp;fref=mentions&amp;__xts__%5B0%5D=68.ARCLghEeJmqXIAR8BGnWP9u2sICudj0FWG5WfpBVXf5CoBU6Mc4XGpAitgm6z4nFQg0js0YN_eSWKGgZHTwBwza-JDeYx9ELVF4AAGmExGc5WeVbWLsU6bGzyGvWtHUpumfu8bQBgjhgn5fne8Fejj20KGBXL65GlSsPrTWHmJKLLAUc5EuBbzkk4bFmWxodS3NxoIRvo_i8Gtm2V13nIzyrtdk1sLp4kknJ-slLI38t037tpwapmexEjWj45OH75JqoTCohH-5xMUo--J8snA7A0ZmfKSFYdgjeqguHf-qhneuz2CoHpEkVCkk02N8fGXlO7zJBgEy3zG5kHgaN3tI9EQ\">Optica Santa Otilia<\/a>, @Voluntarios de \u201cLa Caixa,&nbsp;<a href=\"https:\/\/www.facebook.com\/pages\/Gaes\/1717309788510048?__tn__=K-R&amp;eid=ARDEquqjHbOwDAWUahyEe7sSoo_YvZW6_xNk22kb0Sp7x-lDd-t2q5xFZpG7Ue9VEa7K9Tmj0cWr6jXv&amp;fref=mentions&amp;__xts__%5B0%5D=68.ARCLghEeJmqXIAR8BGnWP9u2sICudj0FWG5WfpBVXf5CoBU6Mc4XGpAitgm6z4nFQg0js0YN_eSWKGgZHTwBwza-JDeYx9ELVF4AAGmExGc5WeVbWLsU6bGzyGvWtHUpumfu8bQBgjhgn5fne8Fejj20KGBXL65GlSsPrTWHmJKLLAUc5EuBbzkk4bFmWxodS3NxoIRvo_i8Gtm2V13nIzyrtdk1sLp4kknJ-slLI38t037tpwapmexEjWj45OH75JqoTCohH-5xMUo--J8snA7A0ZmfKSFYdgjeqguHf-qhneuz2CoHpEkVCkk02N8fGXlO7zJBgEy3zG5kHgaN3tI9EQ\">Gaes<\/a>,&nbsp;<a href=\"https:\/\/www.facebook.com\/WiHuTV\/?__tn__=K-R&amp;eid=ARDvaEt97x7bu0AvU-zGPQi_6OfXLmzNSF7VOlTOAo6gwpDTayVm5tztkI6X99v1-gqdHEjJDEb1qW9a&amp;fref=mentions&amp;__xts__%5B0%5D=68.ARCLghEeJmqXIAR8BGnWP9u2sICudj0FWG5WfpBVXf5CoBU6Mc4XGpAitgm6z4nFQg0js0YN_eSWKGgZHTwBwza-JDeYx9ELVF4AAGmExGc5WeVbWLsU6bGzyGvWtHUpumfu8bQBgjhgn5fne8Fejj20KGBXL65GlSsPrTWHmJKLLAUc5EuBbzkk4bFmWxodS3NxoIRvo_i8Gtm2V13nIzyrtdk1sLp4kknJ-slLI38t037tpwapmexEjWj45OH75JqoTCohH-5xMUo--J8snA7A0ZmfKSFYdgjeqguHf-qhneuz2CoHpEkVCkk02N8fGXlO7zJBgEy3zG5kHgaN3tI9EQ\">WiHu<\/a><\/p>\n\n\n\n<p>Volvemos en 2020!!!<\/p>\n\n\n\n<p>#hijosdelcorazon\u00a0<a href=\"https:\/\/www.facebook.com\/hashtag\/hijosdechernobyl?source=feed_text&amp;epa=HASHTAG&amp;__xts__%5B0%5D=68.ARCLghEeJmqXIAR8BGnWP9u2sICudj0FWG5WfpBVXf5CoBU6Mc4XGpAitgm6z4nFQg0js0YN_eSWKGgZHTwBwza-JDeYx9ELVF4AAGmExGc5WeVbWLsU6bGzyGvWtHUpumfu8bQBgjhgn5fne8Fejj20KGBXL65GlSsPrTWHmJKLLAUc5EuBbzkk4bFmWxodS3NxoIRvo_i8Gtm2V13nIzyrtdk1sLp4kknJ-slLI38t037tpwapmexEjWj45OH75JqoTCohH-5xMUo--J8snA7A0ZmfKSFYdgjeqguHf-qhneuz2CoHpEkVCkk02N8fGXlO7zJBgEy3zG5kHgaN3tI9EQ&amp;__tn__=%2ANK-R\">#hijosdechernobyl<\/a>\u00a0<a href=\"https:\/\/www.facebook.com\/hashtag\/acoje?source=feed_text&amp;epa=HASHTAG&amp;__xts__%5B0%5D=68.ARCLghEeJmqXIAR8BGnWP9u2sICudj0FWG5WfpBVXf5CoBU6Mc4XGpAitgm6z4nFQg0js0YN_eSWKGgZHTwBwza-JDeYx9ELVF4AAGmExGc5WeVbWLsU6bGzyGvWtHUpumfu8bQBgjhgn5fne8Fejj20KGBXL65GlSsPrTWHmJKLLAUc5EuBbzkk4bFmWxodS3NxoIRvo_i8Gtm2V13nIzyrtdk1sLp4kknJ-slLI38t037tpwapmexEjWj45OH75JqoTCohH-5xMUo--J8snA7A0ZmfKSFYdgjeqguHf-qhneuz2CoHpEkVCkk02N8fGXlO7zJBgEy3zG5kHgaN3tI9EQ&amp;__tn__=%2ANK-R\">#acoje<\/a><\/p>\n\n\n\n<div class=\"wp-block-image\"><figure class=\"aligncenter\"><img loading=\"lazy\" decoding=\"async\" width=\"960\" height=\"510\" src=\"https:\/\/www.asnia.es\/wp-content\/uploads\/2019\/09\/68497741_2392970694131044_4655238842234699776_n.jpg\" alt=\"\" class=\"wp-image-6545\" srcset=\"https:\/\/www.asnia.es\/wp-content\/uploads\/2019\/09\/68497741_2392970694131044_4655238842234699776_n.jpg 960w, https:\/\/www.asnia.es\/wp-content\/uploads\/2019\/09\/68497741_2392970694131044_4655238842234699776_n-300x159.jpg 300w, https:\/\/www.asnia.es\/wp-content\/uploads\/2019\/09\/68497741_2392970694131044_4655238842234699776_n-768x408.jpg 768w\" sizes=\"auto, (max-width: 960px) 100vw, 960px\" \/><figcaption>Din del Programa de Saneamiento 2019. Despedida desde la Biblioteca Municipal de Bonares acompa\u00f1ados por la Concejala de Bienestar Social Rocio Galan<\/figcaption><\/figure><\/div>\n","protected":false},"excerpt":{"rendered":"<p>Llego el d\u00eda de salida de nuestro grupo desde la biblioteca municipal de Bonares, acompa\u00f1ados por la concejala de bienestar social&nbsp;Roc\u00edo Gal\u00e1n Mart\u00ednez, cumpli\u00e9ndose as\u00ed nuestro d\u00e9cimo segundo a\u00f1o realizando este programa. Un a\u00f1o intenso de trabajo a nivel asociativo pero con la recompensa del trabajo bien hecho, verles llegar el pasado 25 de junio &hellip; <\/p>\n<p><a class=\"more-link btn\" href=\"https:\/\/www.asnia.es\/?p=6544\">Seguir leyendo<\/a><\/p>\n","protected":false},"author":1,"featured_media":0,"comment_status":"open","ping_status":"open","sticky":false,"template":"","format":"standard","meta":{"ngg_post_thumbnail":0,"footnotes":""},"categories":[1,28],"tags":[],"class_list":["post-6544","post","type-post","status-publish","format-standard","hentry","category-general","category-programa-2019","item-wrap"],"_links":{"self":[{"href":"https:\/\/www.asnia.es\/index.php?rest_route=\/wp\/v2\/posts\/6544","targetHints":{"allow":["GET"]}}],"collection":[{"href":"https:\/\/www.asnia.es\/index.php?rest_route=\/wp\/v2\/posts"}],"about":[{"href":"https:\/\/www.asnia.es\/index.php?rest_route=\/wp\/v2\/types\/post"}],"author":[{"embeddable":true,"href":"https:\/\/www.asnia.es\/index.php?rest_route=\/wp\/v2\/users\/1"}],"replies":[{"embeddable":true,"href":"https:\/\/www.asnia.es\/index.php?rest_route=%2Fwp%2Fv2%2Fcomments&post=6544"}],"version-history":[{"count":1,"href":"https:\/\/www.asnia.es\/index.php?rest_route=\/wp\/v2\/posts\/6544\/revisions"}],"predecessor-version":[{"id":6546,"href":"https:\/\/www.asnia.es\/index.php?rest_route=\/wp\/v2\/posts\/6544\/revisions\/6546"}],"wp:attachment":[{"href":"https:\/\/www.asnia.es\/index.php?rest_route=%2Fwp%2Fv2%2Fmedia&parent=6544"}],"wp:term":[{"taxonomy":"category","embeddable":true,"href":"https:\/\/www.asnia.es\/index.php?rest_route=%2Fwp%2Fv2%2Fcategories&post=6544"},{"taxonomy":"post_tag","embeddable":true,"href":"https:\/\/www.asnia.es\/index.php?rest_route=%2Fwp%2Fv2%2Ftags&post=6544"}],"curies":[{"name":"wp","href":"https:\/\/api.w.org\/{rel}","templated":true}]}}