{"id":6507,"date":"2019-07-15T14:52:57","date_gmt":"2019-07-15T12:52:57","guid":{"rendered":"https:\/\/www.asnia.es\/?p=6507"},"modified":"2019-09-26T15:10:04","modified_gmt":"2019-09-26T13:10:04","slug":"odontologia-proyecto-ulibka-sonrisa-2019","status":"publish","type":"post","link":"https:\/\/www.asnia.es\/?p=6507","title":{"rendered":"Odontolog\u00eda: Proyecto Ulibka \u00bb Sonrisa 2019"},"content":{"rendered":"\n<p>En el d\u00eda de hoy hemos comenzado con el operativo 2019 enmarcado dentro del convenio suscrito con la&nbsp;<a href=\"https:\/\/www.facebook.com\/Fundacionodontologiasocial\/?__tn__=K-R&amp;eid=ARCnV-6Y-QXGN7P-24ULDOVz6aCR1j9GpdzmsSWtKhVJcRKP3oOVaEh5xxsx9UOvqR8TSBGvyfIxTnRK&amp;fref=mentions&amp;__xts__%5B0%5D=68.ARDCXzEoBJUVJ-kmH-uv8tLCansbeN-eJFXyM0l-UNmtkCH2ZqBYBn-E5oPyesP0GoDKv3122CVaz7JgvYE6e21SpFhDlA-yUo9VlHHPuXqOenXH76LQeO4VM_RYPhblZfr8sLz2TT2C2Qtx9XVivcEMIAD-2rFbT_CSIF3FP3nVL0o5sfcKbZCMsU7wq5YsY5GrcPoZPlW4VwvJ1-SSmnt2yUSP_bB3xFquXg8Gp4T9g3oACPY-ezfbWb-mLLXBmDiQ607Yml4crnlipDKPD_Z_GPSOVIBAnzjA4AxiEG0WcQvshTa0dFJFLBSIBHdRuqgzMNAS9t84oQrVY0k14SYkFA\">Fundaci\u00f3n Odontolog\u00eda Social Luis S\u00e9iquer<\/a>&nbsp;para el proyecto \u201cULIBKA\u201d. Se han realizado las revisiones odontol\u00f3gicas para la valoraci\u00f3n a los 18 menores. 3 de ellos tras las actuaciones necesarias han sido ALTA y el resto con un total aproximado de 70 obturaciones, al margen de sellados, extracciones, reconstrucciones, fluorizaci\u00f3n y dem\u00e1s actuaciones. En principio, quedan citados tras la jornada de 8 horas en el d\u00eda de hoy, para ma\u00f1ana y mi\u00e9rcoles en las instalaciones de la Ciudad de los Ni\u00f1os. Han sido atendidos por el equipo de doctores de la FOS, a la cabeza con el Doctor Casta\u00f1o, con gran calidad humana y profesional de todos ellos como es habitual. Tambi\u00e9n recibimos la visita de nuestra querida amiga y compa\u00f1era Al\u00edcia Narciso, la cual no quiso perder la ocasi\u00f3n de ver a nuestros chic@s y continuidad de un proyecto el cual fue ella la impulsora para que nuestro colectivo y la FOS estrecharan lazos, llegar a la firma del convenio de colaboraci\u00f3n y que nuestro menores por primera vez en 2018 fueran atendidos integralmente en asistencia bucodental antes de su partida de una forma totalmente gratuita. Nuestro m\u00e1s sincero agradecimiento querida amiga. Siempre estaremos para ti cuando quieras o lo necesites. Ma\u00f1ana continuaremos a partir de las 10:30 h. para que nuestros chic@s luzcan la mejor de su \u201cULIBKA\u201d (Sonrisa).<br><a href=\"https:\/\/www.facebook.com\/hashtag\/hijosdelcorazon?source=feed_text&amp;epa=HASHTAG&amp;__xts__%5B0%5D=68.ARDCXzEoBJUVJ-kmH-uv8tLCansbeN-eJFXyM0l-UNmtkCH2ZqBYBn-E5oPyesP0GoDKv3122CVaz7JgvYE6e21SpFhDlA-yUo9VlHHPuXqOenXH76LQeO4VM_RYPhblZfr8sLz2TT2C2Qtx9XVivcEMIAD-2rFbT_CSIF3FP3nVL0o5sfcKbZCMsU7wq5YsY5GrcPoZPlW4VwvJ1-SSmnt2yUSP_bB3xFquXg8Gp4T9g3oACPY-ezfbWb-mLLXBmDiQ607Yml4crnlipDKPD_Z_GPSOVIBAnzjA4AxiEG0WcQvshTa0dFJFLBSIBHdRuqgzMNAS9t84oQrVY0k14SYkFA&amp;__tn__=%2ANK-R\">#hijosdelcorazon<\/a><a href=\"https:\/\/www.facebook.com\/hashtag\/hijosdechernobyl?source=feed_text&amp;epa=HASHTAG&amp;__xts__%5B0%5D=68.ARDCXzEoBJUVJ-kmH-uv8tLCansbeN-eJFXyM0l-UNmtkCH2ZqBYBn-E5oPyesP0GoDKv3122CVaz7JgvYE6e21SpFhDlA-yUo9VlHHPuXqOenXH76LQeO4VM_RYPhblZfr8sLz2TT2C2Qtx9XVivcEMIAD-2rFbT_CSIF3FP3nVL0o5sfcKbZCMsU7wq5YsY5GrcPoZPlW4VwvJ1-SSmnt2yUSP_bB3xFquXg8Gp4T9g3oACPY-ezfbWb-mLLXBmDiQ607Yml4crnlipDKPD_Z_GPSOVIBAnzjA4AxiEG0WcQvshTa0dFJFLBSIBHdRuqgzMNAS9t84oQrVY0k14SYkFA&amp;__tn__=%2ANK-R\">#hijosdechernobyl<\/a><a href=\"https:\/\/www.facebook.com\/hashtag\/acoge?source=feed_text&amp;epa=HASHTAG&amp;__xts__%5B0%5D=68.ARDCXzEoBJUVJ-kmH-uv8tLCansbeN-eJFXyM0l-UNmtkCH2ZqBYBn-E5oPyesP0GoDKv3122CVaz7JgvYE6e21SpFhDlA-yUo9VlHHPuXqOenXH76LQeO4VM_RYPhblZfr8sLz2TT2C2Qtx9XVivcEMIAD-2rFbT_CSIF3FP3nVL0o5sfcKbZCMsU7wq5YsY5GrcPoZPlW4VwvJ1-SSmnt2yUSP_bB3xFquXg8Gp4T9g3oACPY-ezfbWb-mLLXBmDiQ607Yml4crnlipDKPD_Z_GPSOVIBAnzjA4AxiEG0WcQvshTa0dFJFLBSIBHdRuqgzMNAS9t84oQrVY0k14SYkFA&amp;__tn__=%2ANK-R\">#acoge<\/a><\/p>\n\n\n\n<figure class=\"wp-block-image\"><img loading=\"lazy\" decoding=\"async\" width=\"960\" height=\"720\" src=\"https:\/\/www.asnia.es\/wp-content\/uploads\/2019\/09\/67089618_2341025495992231_313295423039078400_n.jpg\" alt=\"\" class=\"wp-image-6508\" srcset=\"https:\/\/www.asnia.es\/wp-content\/uploads\/2019\/09\/67089618_2341025495992231_313295423039078400_n.jpg 960w, https:\/\/www.asnia.es\/wp-content\/uploads\/2019\/09\/67089618_2341025495992231_313295423039078400_n-300x225.jpg 300w, https:\/\/www.asnia.es\/wp-content\/uploads\/2019\/09\/67089618_2341025495992231_313295423039078400_n-768x576.jpg 768w\" sizes=\"auto, (max-width: 960px) 100vw, 960px\" \/><figcaption>Fundaci\u00f3n Odontolog\u00eda Social Luis Seiquer<\/figcaption><\/figure>\n","protected":false},"excerpt":{"rendered":"<p>En el d\u00eda de hoy hemos comenzado con el operativo 2019 enmarcado dentro del convenio suscrito con la&nbsp;Fundaci\u00f3n Odontolog\u00eda Social Luis S\u00e9iquer&nbsp;para el proyecto \u201cULIBKA\u201d. Se han realizado las revisiones odontol\u00f3gicas para la valoraci\u00f3n a los 18 menores. 3 de ellos tras las actuaciones necesarias han sido ALTA y el resto con un total aproximado &hellip; <\/p>\n<p><a class=\"more-link btn\" href=\"https:\/\/www.asnia.es\/?p=6507\">Seguir leyendo<\/a><\/p>\n","protected":false},"author":1,"featured_media":0,"comment_status":"open","ping_status":"open","sticky":false,"template":"","format":"standard","meta":{"ngg_post_thumbnail":0,"footnotes":""},"categories":[1,28],"tags":[],"class_list":["post-6507","post","type-post","status-publish","format-standard","hentry","category-general","category-programa-2019","item-wrap"],"_links":{"self":[{"href":"https:\/\/www.asnia.es\/index.php?rest_route=\/wp\/v2\/posts\/6507","targetHints":{"allow":["GET"]}}],"collection":[{"href":"https:\/\/www.asnia.es\/index.php?rest_route=\/wp\/v2\/posts"}],"about":[{"href":"https:\/\/www.asnia.es\/index.php?rest_route=\/wp\/v2\/types\/post"}],"author":[{"embeddable":true,"href":"https:\/\/www.asnia.es\/index.php?rest_route=\/wp\/v2\/users\/1"}],"replies":[{"embeddable":true,"href":"https:\/\/www.asnia.es\/index.php?rest_route=%2Fwp%2Fv2%2Fcomments&post=6507"}],"version-history":[{"count":2,"href":"https:\/\/www.asnia.es\/index.php?rest_route=\/wp\/v2\/posts\/6507\/revisions"}],"predecessor-version":[{"id":6520,"href":"https:\/\/www.asnia.es\/index.php?rest_route=\/wp\/v2\/posts\/6507\/revisions\/6520"}],"wp:attachment":[{"href":"https:\/\/www.asnia.es\/index.php?rest_route=%2Fwp%2Fv2%2Fmedia&parent=6507"}],"wp:term":[{"taxonomy":"category","embeddable":true,"href":"https:\/\/www.asnia.es\/index.php?rest_route=%2Fwp%2Fv2%2Fcategories&post=6507"},{"taxonomy":"post_tag","embeddable":true,"href":"https:\/\/www.asnia.es\/index.php?rest_route=%2Fwp%2Fv2%2Ftags&post=6507"}],"curies":[{"name":"wp","href":"https:\/\/api.w.org\/{rel}","templated":true}]}}