{"id":6482,"date":"2019-07-11T13:46:44","date_gmt":"2019-07-11T11:46:44","guid":{"rendered":"https:\/\/www.asnia.es\/?p=6482"},"modified":"2019-09-26T14:09:39","modified_gmt":"2019-09-26T12:09:39","slug":"prensa-nacional-hbo-hace-memoria","status":"publish","type":"post","link":"https:\/\/www.asnia.es\/?p=6482","title":{"rendered":"Prensa Nacional: HBO hace memoria"},"content":{"rendered":"\n<p><a href=\"https:\/\/www.abc.es\/sociedad\/abci-unos-900-ninos-bielorrusia-descansan-radiacion-nuestro-pais-201907101502_noticia.html?fbclid=IwAR1IZq_OtB8JV_bpOKRD2WLvPVF9LMXb33sCNMOcxsEnymFZWJHqBlqgVIY#ns_campaign=rrss-inducido&amp;ns_mchannel=abc-es&amp;ns_source=fb&amp;ns_linkname=noticia-foto&amp;ns_fee=0\">https:\/\/www.abc.es\/sociedad\/abci-unos-900-ninos-bielorrusia-descansan-radiacion-nuestro-pais-201907101502_noticia.html?fbclid=IwAR1IZq_OtB8JV_bpOKRD2WLvPVF9LMXb33sCNMOcxsEnymFZWJHqBlqgVIY#ns_campaign=rrss-inducido&amp;ns_mchannel=abc-es&amp;ns_source=fb&amp;ns_linkname=noticia-foto&amp;ns_fee=0<\/a><\/p>\n\n\n\n<figure class=\"wp-block-image\"><img loading=\"lazy\" decoding=\"async\" width=\"1024\" height=\"573\" src=\"https:\/\/www.asnia.es\/wp-content\/uploads\/2019\/09\/nino-rusia-ojos-U30883739077Y0B-1240x698@abc-1024x573.jpg\" alt=\"\" class=\"wp-image-6483\" srcset=\"https:\/\/www.asnia.es\/wp-content\/uploads\/2019\/09\/nino-rusia-ojos-U30883739077Y0B-1240x698@abc-1024x573.jpg 1024w, https:\/\/www.asnia.es\/wp-content\/uploads\/2019\/09\/nino-rusia-ojos-U30883739077Y0B-1240x698@abc-300x168.jpg 300w, https:\/\/www.asnia.es\/wp-content\/uploads\/2019\/09\/nino-rusia-ojos-U30883739077Y0B-1240x698@abc-768x430.jpg 768w, https:\/\/www.asnia.es\/wp-content\/uploads\/2019\/09\/nino-rusia-ojos-U30883739077Y0B-1240x698@abc.jpg 1240w\" sizes=\"auto, (max-width: 1024px) 100vw, 1024px\" \/><\/figure>\n\n\n\n<p><a href=\"https:\/\/www.eldiario.es\/politica\/ninos-Chernobil-vacaciones-familias-espanolas_0_919008458.html\">https:\/\/www.eldiario.es\/politica\/ninos-Chernobil-vacaciones-familias-espanolas_0_919008458.html<\/a><\/p>\n\n\n\n<figure class=\"wp-block-image\"><img loading=\"lazy\" decoding=\"async\" width=\"643\" height=\"362\" src=\"https:\/\/www.asnia.es\/wp-content\/uploads\/2019\/09\/ninos-Chernobil-vacaciones-familias-espanolas_EDIIMA20190710_0358_4.jpg\" alt=\"\" class=\"wp-image-6484\" srcset=\"https:\/\/www.asnia.es\/wp-content\/uploads\/2019\/09\/ninos-Chernobil-vacaciones-familias-espanolas_EDIIMA20190710_0358_4.jpg 643w, https:\/\/www.asnia.es\/wp-content\/uploads\/2019\/09\/ninos-Chernobil-vacaciones-familias-espanolas_EDIIMA20190710_0358_4-300x169.jpg 300w\" sizes=\"auto, (max-width: 643px) 100vw, 643px\" \/><\/figure>\n\n\n\n<p><a href=\"https:\/\/www.cope.es\/actualidad\/internacional\/noticias\/unos-900-ninos-chernobil-pasan-sus-vacaciones-con-familias-espanolas-20190710_456337\">https:\/\/www.cope.es\/actualidad\/internacional\/noticias\/unos-900-ninos-chernobil-pasan-sus-vacaciones-con-familias-espanolas-20190710_456337<\/a><\/p>\n\n\n\n<figure class=\"wp-block-image\"><img loading=\"lazy\" decoding=\"async\" width=\"976\" height=\"549\" src=\"https:\/\/www.asnia.es\/wp-content\/uploads\/2019\/09\/1562748344756.jpg\" alt=\"\" class=\"wp-image-6485\" srcset=\"https:\/\/www.asnia.es\/wp-content\/uploads\/2019\/09\/1562748344756.jpg 976w, https:\/\/www.asnia.es\/wp-content\/uploads\/2019\/09\/1562748344756-300x169.jpg 300w, https:\/\/www.asnia.es\/wp-content\/uploads\/2019\/09\/1562748344756-768x432.jpg 768w\" sizes=\"auto, (max-width: 976px) 100vw, 976px\" \/><\/figure>\n\n\n\n<p><a href=\"https:\/\/www.diariodeleon.es\/articulo\/sociedad\/horror-toma-respiro\/201907110400001904637.html\">https:\/\/www.diariodeleon.es\/articulo\/sociedad\/horror-toma-respiro\/201907110400001904637.html<\/a><\/p>\n\n\n\n<p> Aliaksandra es una de las ni\u00f1as afectadas por la radiaci\u00f3n de la explosi\u00f3n en Chern\u00f3bil que durante su minor\u00eda de edad viajaba cada verano a Espa\u00f1a <\/p>\n\n\n\n<p>. <\/p>\n\n\n\n<div class=\"wp-block-image\"><figure class=\"aligncenter\"><img loading=\"lazy\" decoding=\"async\" width=\"540\" height=\"281\" src=\"https:\/\/www.asnia.es\/wp-content\/uploads\/2019\/09\/safe_image-1-1.jpg\" alt=\"\" class=\"wp-image-6486\" srcset=\"https:\/\/www.asnia.es\/wp-content\/uploads\/2019\/09\/safe_image-1-1.jpg 540w, https:\/\/www.asnia.es\/wp-content\/uploads\/2019\/09\/safe_image-1-1-300x156.jpg 300w\" sizes=\"auto, (max-width: 540px) 100vw, 540px\" \/><\/figure><\/div>\n\n\n\n<h1 class=\"wp-block-heading\">Los ni\u00f1os de Chern\u00f3bil en Espa\u00f1a: del miedo a la experiencia inolvidable<\/h1>\n\n\n\n<p><a href=\"https:\/\/www.eldiario.es\/sociedad\/ninos-Chernobil-Espana-experiencia-inolvidable_0_919008456.html\">https:\/\/www.eldiario.es\/sociedad\/ninos-Chernobil-Espana-experiencia-inolvidable_0_919008456.html<\/a><\/p>\n\n\n\n<h2 class=\"wp-block-heading\"><strong>Todo Noticias &#8211; Tarde &#8211; Menores de Chern\u00f3byl siguen precisando acogida<\/strong><\/h2>\n\n\n\n<p><a href=\"http:\/\/www.rtve.es\/alacarta\/audios\/todo-noticias-tarde\/menores-chernobyl-siguen-precisando-acogida\/5335640\/#\">http:\/\/www.rtve.es\/alacarta\/audios\/todo-noticias-tarde\/menores-chernobyl-siguen-precisando-acogida\/5335640\/#<\/a><\/p>\n\n\n\n<h1 class=\"wp-block-heading\">Los ni\u00f1os que a\u00fan llegan de Chern\u00f3bil: un verano en Espa\u00f1a para ganar meses de vida<\/h1>\n\n\n\n<h2 class=\"wp-block-heading\">Con solo 45 o 50 d\u00edas en nuestro pa\u00eds, los ni\u00f1os procedentes de Bielorrusia, una de las zonas m\u00e1s afectadas por el desastre nuclear, consiguen aumentar su esperanza de vida entre 18 y 24 meses<\/h2>\n\n\n\n<p><a href=\"https:\/\/www.elconfidencial.com\/espana\/2019-07-21\/veranos-espana-reducir-radiacion-herederos-chernobyl_2133183\/?fbclid=IwAR1WA5gRg00TxdX4hSSGhjpLPU-fUv2ir3SlU4nUjafsfa7gr_Z_7yua0Lg\">https:\/\/www.elconfidencial.com\/espana\/2019-07-21\/veranos-espana-reducir-radiacion-herederos-chernobyl_2133183\/?fbclid=IwAR1WA5gRg00TxdX4hSSGhjpLPU-fUv2ir3SlU4nUjafsfa7gr_Z_7yua0Lg<\/a><\/p>\n\n\n\n<figure class=\"wp-block-image\"><img loading=\"lazy\" decoding=\"async\" width=\"540\" height=\"281\" src=\"https:\/\/www.asnia.es\/wp-content\/uploads\/2019\/09\/safe_image-2.jpg\" alt=\"\" class=\"wp-image-6487\" srcset=\"https:\/\/www.asnia.es\/wp-content\/uploads\/2019\/09\/safe_image-2.jpg 540w, https:\/\/www.asnia.es\/wp-content\/uploads\/2019\/09\/safe_image-2-300x156.jpg 300w\" sizes=\"auto, (max-width: 540px) 100vw, 540px\" \/><\/figure>\n\n\n\n<p>LA <strong>PRENSA ALEMANA SE HACE ECO DE LAS ACOGIDAS EN ESPA\u00d1A<\/strong><\/p>\n\n\n\n<h1 class=\"wp-block-heading\">Las consecuencias de Chernobyl: por qu\u00e9 los espa\u00f1oles aceptan ni\u00f1os de la zona del accidente<\/h1>\n\n\n\n<p>Cientos de ni\u00f1os de Rusia, Bielorrusia y Ucrania llegaron a Espa\u00f1a este verano, procedentes de regiones afectadas por el desastre de Chernobyl.\u00a0DW sobre por qu\u00e9 lo necesitan y c\u00f3mo se organiza el resto.<\/p>\n\n\n\n<p><a href=\"https:\/\/www.dw.com\/ru\/%D0%BF%D0%BE%D1%81%D0%BB%D0%B5%D0%B4%D1%81%D1%82%D0%B2%D0%B8%D1%8F-%D1%87%D0%B5%D1%80%D0%BD%D0%BE%D0%B1%D1%8B%D0%BB%D1%8F-%D0%BF%D0%BE%D1%87%D0%B5%D0%BC%D1%83-%D0%B8%D1%81%D0%BF%D0%B0%D0%BD%D1%86%D1%8B-%D0%BF%D1%80%D0%B8%D0%BD%D0%B8%D0%BC%D0%B0%D1%8E%D1%82-%D0%B4%D0%B5%D1%82%D0%B5%D0%B9-%D0%B8%D0%B7-%D0%B7%D0%BE%D0%BD%D1%8B-%D0%B0%D0%B2%D0%B0%D1%80%D0%B8%D0%B8\/a-49806678?maca=ru-Facebook-sharing&amp;fbclid=IwAR2M5MmFUHtplpW2frtT3HWC72Ji8Jr8asr857W5Ea9GiZcoPjLpPGtBCFQ\">https:\/\/www.dw.com\/ru\/%D0%BF%D0%BE%D1%81%D0%BB%D0%B5%D0%B4%D1%81%D1%82%D0%B2%D0%B8%D1%8F-%D1%87%D0%B5%D1%80%D0%BD%D0%BE%D0%B1%D1%8B%D0%BB%D1%8F-%D0%BF%D0%BE%D1%87%D0%B5%D0%BC%D1%83-%D0%B8%D1%81%D0%BF%D0%B0%D0%BD%D1%86%D1%8B-%D0%BF%D1%80%D0%B8%D0%BD%D0%B8%D0%BC%D0%B0%D1%8E%D1%82-%D0%B4%D0%B5%D1%82%D0%B5%D0%B9-%D0%B8%D0%B7-%D0%B7%D0%BE%D0%BD%D1%8B-%D0%B0%D0%B2%D0%B0%D1%80%D0%B8%D0%B8\/a-49806678?maca=ru-Facebook-sharing&amp;fbclid=IwAR2M5MmFUHtplpW2frtT3HWC72Ji8Jr8asr857W5Ea9GiZcoPjLpPGtBCFQ<\/a><\/p>\n\n\n\n<figure class=\"wp-block-image\"><img loading=\"lazy\" decoding=\"async\" width=\"700\" height=\"394\" src=\"https:\/\/www.asnia.es\/wp-content\/uploads\/2019\/09\/49805041_401.jpg\" alt=\"\" class=\"wp-image-6488\" srcset=\"https:\/\/www.asnia.es\/wp-content\/uploads\/2019\/09\/49805041_401.jpg 700w, https:\/\/www.asnia.es\/wp-content\/uploads\/2019\/09\/49805041_401-300x169.jpg 300w\" sizes=\"auto, (max-width: 700px) 100vw, 700px\" \/><figcaption>GRUPO ASOCIACI\u00d3N PRO NI\u00d1OS DEL MUNDO &#8211; MADRID<\/figcaption><\/figure>\n\n\n\n<p><\/p>\n","protected":false},"excerpt":{"rendered":"<p>https:\/\/www.abc.es\/sociedad\/abci-unos-900-ninos-bielorrusia-descansan-radiacion-nuestro-pais-201907101502_noticia.html?fbclid=IwAR1IZq_OtB8JV_bpOKRD2WLvPVF9LMXb33sCNMOcxsEnymFZWJHqBlqgVIY#ns_campaign=rrss-inducido&amp;ns_mchannel=abc-es&amp;ns_source=fb&amp;ns_linkname=noticia-foto&amp;ns_fee=0 https:\/\/www.eldiario.es\/politica\/ninos-Chernobil-vacaciones-familias-espanolas_0_919008458.html https:\/\/www.cope.es\/actualidad\/internacional\/noticias\/unos-900-ninos-chernobil-pasan-sus-vacaciones-con-familias-espanolas-20190710_456337 https:\/\/www.diariodeleon.es\/articulo\/sociedad\/horror-toma-respiro\/201907110400001904637.html Aliaksandra es una de las ni\u00f1as afectadas por la radiaci\u00f3n de la explosi\u00f3n en Chern\u00f3bil que durante su minor\u00eda de edad viajaba cada verano a Espa\u00f1a . Los ni\u00f1os de Chern\u00f3bil en Espa\u00f1a: del miedo a la experiencia inolvidable https:\/\/www.eldiario.es\/sociedad\/ninos-Chernobil-Espana-experiencia-inolvidable_0_919008456.html Todo Noticias &#8211; Tarde &#8211; Menores de Chern\u00f3byl siguen precisando acogida &hellip; <\/p>\n<p><a class=\"more-link btn\" href=\"https:\/\/www.asnia.es\/?p=6482\">Seguir leyendo<\/a><\/p>\n","protected":false},"author":1,"featured_media":0,"comment_status":"open","ping_status":"open","sticky":false,"template":"","format":"standard","meta":{"ngg_post_thumbnail":0,"footnotes":""},"categories":[1,22],"tags":[],"class_list":["post-6482","post","type-post","status-publish","format-standard","hentry","category-general","category-noticias-exposiciones-y-documentales","item-wrap"],"_links":{"self":[{"href":"https:\/\/www.asnia.es\/index.php?rest_route=\/wp\/v2\/posts\/6482","targetHints":{"allow":["GET"]}}],"collection":[{"href":"https:\/\/www.asnia.es\/index.php?rest_route=\/wp\/v2\/posts"}],"about":[{"href":"https:\/\/www.asnia.es\/index.php?rest_route=\/wp\/v2\/types\/post"}],"author":[{"embeddable":true,"href":"https:\/\/www.asnia.es\/index.php?rest_route=\/wp\/v2\/users\/1"}],"replies":[{"embeddable":true,"href":"https:\/\/www.asnia.es\/index.php?rest_route=%2Fwp%2Fv2%2Fcomments&post=6482"}],"version-history":[{"count":1,"href":"https:\/\/www.asnia.es\/index.php?rest_route=\/wp\/v2\/posts\/6482\/revisions"}],"predecessor-version":[{"id":6489,"href":"https:\/\/www.asnia.es\/index.php?rest_route=\/wp\/v2\/posts\/6482\/revisions\/6489"}],"wp:attachment":[{"href":"https:\/\/www.asnia.es\/index.php?rest_route=%2Fwp%2Fv2%2Fmedia&parent=6482"}],"wp:term":[{"taxonomy":"category","embeddable":true,"href":"https:\/\/www.asnia.es\/index.php?rest_route=%2Fwp%2Fv2%2Fcategories&post=6482"},{"taxonomy":"post_tag","embeddable":true,"href":"https:\/\/www.asnia.es\/index.php?rest_route=%2Fwp%2Fv2%2Ftags&post=6482"}],"curies":[{"name":"wp","href":"https:\/\/api.w.org\/{rel}","templated":true}]}}