{"id":6480,"date":"2019-07-10T13:33:31","date_gmt":"2019-07-10T11:33:31","guid":{"rendered":"https:\/\/www.asnia.es\/?p=6480"},"modified":"2019-09-26T13:46:42","modified_gmt":"2019-09-26T11:46:42","slug":"acogidas-2019-agencia-efe","status":"publish","type":"post","link":"https:\/\/www.asnia.es\/?p=6480","title":{"rendered":"Acogidas 2019: Agencia EFE"},"content":{"rendered":"\n<p>Nuestro m\u00e1s sincero agradecimiento a CRISTINA LLAD\u00d3 de la agencia EFE<\/p>\n\n\n\n<p>Unos 900 \u00abni\u00f1os de Chern\u00f3bil\u00bb pasan sus vacaciones con familias espa\u00f1olas<\/p>\n\n\n\n<p>Cristina Llad\u00f3<\/p>\n\n\n\n<p>Madrid, 10 jul (EFE).- Unos 900 ni\u00f1os de Bielorrusia y Ucrania pasan en Espa\u00f1a sus vacaciones de verano para \u00abdesintoxicarse\u00bb y afrontar con m\u00e1s fuerza una vida cotidiana rodeada de la radiactividad que a\u00fan pervive en la zona afectada por la explosi\u00f3n de la central nuclear de Chern\u00f3bil hace 32 a\u00f1os.<\/p>\n\n\n\n<p>La solidaridad de las familias espa\u00f1olas que los acogen por 45 d\u00edas cada verano ha supuesto que, desde 1990, m\u00e1s de 76.000 ni\u00f1os de la regi\u00f3n m\u00e1s afectada por la explosi\u00f3n del reactor 4 de la central hayan pasado sus vacaciones en Espa\u00f1a, jugando en parques, bebiendo leche y comiendo hortalizas y frutas sin miedo.<\/p>\n\n\n\n<p>Son datos de la Federaci\u00f3n Pro Infancia Chern\u00f3bil, que re\u00fane a m\u00e1s de 30 colectivos y organizaciones espa\u00f1olas que coordinan la acogida de ni\u00f1os de Bielorrusia por familias de todo el pa\u00eds tanto para \u00abestancias de sanaci\u00f3n\u00bb en verano y navidades, como para temporadas m\u00e1s largas que permiten a los ni\u00f1os cursar sus estudios en Espa\u00f1a.<\/p>\n\n\n\n<p>\u00abSomos el tercer pa\u00eds del mundo que m\u00e1s ni\u00f1os ha acogido, solo por detr\u00e1s del Reino Unido y Alemania, y muy especialmente desde 1990, cuando se ponen en marcha decenas de grupos solidarios, muchos de los cuales siguen funcionando\u00bb, asegura a Efe Nieves S\u00e1nchez Venega, una madre de Huelva que comenz\u00f3 recibiendo a ni\u00f1os bielorrusos en su casa y ahora es presidenta de la federaci\u00f3n.<\/p>\n\n\n\n<p>En Espa\u00f1a, las vacaciones organizadas para ni\u00f1os de Chern\u00f3bil, tanto de Ucrania -donde est\u00e1 la central nuclear- como de Bielorrusia -la zona m\u00e1s afectada por la radiaci\u00f3n- comenzaron con fuerza en 1990, tras la ca\u00edda de la Uni\u00f3n Sovi\u00e9tica.<\/p>\n\n\n\n<p>Al principio llegaban unos 9.000 al a\u00f1o, hasta que en 2008 los recelos de las autoridades bielorrusas intentaron poner fin a las salidas, sobre todo de los ni\u00f1os de m\u00e1s de 14 a\u00f1os, con la \u00abexcusa de que ya no hab\u00eda riesgo y el argumento de que los est\u00e1bamos corrompiendo y no era aconsejable que salieran\u00bb, explica S\u00e1nchez Venega.<\/p>\n\n\n\n<p>Fue entonces cuando, aconsejadas por el c\u00f3nsul general de Espa\u00f1a en Mosc\u00fa (de quien depend\u00eda Bielorrusia), las organizaciones espa\u00f1olas se unieron para crear una federaci\u00f3n que les diera m\u00e1s fuerza negociadora.<\/p>\n\n\n\n<p>\u00abCost\u00f3 sudor y sangre, pero gracias al cari\u00f1o, trabajo y a la lucha de este se\u00f1or logramos que se firmara un acuerdo entre Espa\u00f1a y Bielorrusia que detallaba c\u00f3mo seguir con las acogidas veraniegas de los ni\u00f1os\u00bb, explica S\u00e1nchez Venega.<\/p>\n\n\n\n<p>Y es fue el diplom\u00e1tico Jes\u00fas Atienza, entonces c\u00f3nsul general de Espa\u00f1a en Mosc\u00fa, el gran impulsor y \u00abpieza clave\u00bb de la negociaci\u00f3n.<\/p>\n\n\n\n<p>En conversaci\u00f3n con Efe, Atienza recuerda que \u00abno fue f\u00e1cil tratar con el Gobierno bielorruso, que garantizaba que no hab\u00eda ning\u00fan tipo de riesgo en la regi\u00f3n, aunque todos sab\u00edamos que la realidad era un poco m\u00e1s dif\u00edcil\u00bb.<\/p>\n\n\n\n<p>\u00abLa actitud de las autoridades era un poco ambivalente porque para ellos era el recuerdo permanente de unas circunstancias que preferir\u00edan olvidar y la demostraci\u00f3n de su incapacidad para resolver los problemas de sus propios ciudadanos\u00bb, recuerda.<\/p>\n\n\n\n<p>Al final se logr\u00f3 y, desde septiembre de 2009, Espa\u00f1a y Bielorrusia tienen un acuerdo que facilita la llegada de los ni\u00f1os de vacaciones o para temporadas de estudios.<\/p>\n\n\n\n<p>El \u00fanico lamento de S\u00e1nchez Venega es el gradual descenso en el n\u00famero de ni\u00f1os que veranean en Espa\u00f1a: si los primeros a\u00f1os tras el accidente llegaban \u00abalgo m\u00e1s de 9.000 al a\u00f1o, ahora estamos entre los 800 o 900, no m\u00e1s\u00bb, dice confiada en que la popularidad de la exitosa serie sobre Chern\u00f3bil emitida por la plataforma de HBO haga recuperar el inter\u00e9s y restaure la generosidad de las familias espa\u00f1olas.<\/p>\n\n\n\n<p>\u00abEl desconocimiento de lo ocurrido y sus secuelas de largo alcance y los cero euros de ayudas que recibimos ha hecho bajar mucho el inter\u00e9s, y as\u00ed hemos pasado de recibir unos 1.000 ni\u00f1os solo en Andaluc\u00eda, a los 200 de este a\u00f1o\u00bb, explica.<\/p>\n\n\n\n<p>Tambi\u00e9n Bego\u00f1a Garay, presidenta de Acogida de Ni\u00f1os Bielorrusos (Acobi) del Pa\u00eds Vasco, lamenta las escasas ayudas y las dificultades para encontrar familias dispuestas a brindar un verano saludable a estos ni\u00f1os.<\/p>\n\n\n\n<p>En conversaci\u00f3n con Efe, Garay reconoce que el proceso \u00abno es f\u00e1cil\u00bb; a los en torno a 900 euros que cuesta traerlos se une lo complicado de acreditar a las familias acogedoras.<\/p>\n\n\n\n<p>\u00abNecesitan decenas de papeles: permisos, certificados de penales, de empadronamiento, documentos que acrediten su buena fe, moralidad, transparencia&#8230;, pero es que los ni\u00f1os son menores y tienen que estar bien protegidos\u00bb, explica.<\/p>\n\n\n\n<p>Garay, quien ha viajado en numerosas ocasiones a Bielorrusia, tambi\u00e9n conf\u00eda en que el \u00e9xito de la serie de televisi\u00f3n \u00abvuelva a animar las familias a acogerles y volvamos a ver las cifras de las \u00e9pocas buenas principio\u00bb, dice. EFE<\/p>\n","protected":false},"excerpt":{"rendered":"<p>Nuestro m\u00e1s sincero agradecimiento a CRISTINA LLAD\u00d3 de la agencia EFE Unos 900 \u00abni\u00f1os de Chern\u00f3bil\u00bb pasan sus vacaciones con familias espa\u00f1olas Cristina Llad\u00f3 Madrid, 10 jul (EFE).- Unos 900 ni\u00f1os de Bielorrusia y Ucrania pasan en Espa\u00f1a sus vacaciones de verano para \u00abdesintoxicarse\u00bb y afrontar con m\u00e1s fuerza una vida cotidiana rodeada de la &hellip; <\/p>\n<p><a class=\"more-link btn\" href=\"https:\/\/www.asnia.es\/?p=6480\">Seguir leyendo<\/a><\/p>\n","protected":false},"author":1,"featured_media":0,"comment_status":"open","ping_status":"open","sticky":false,"template":"","format":"standard","meta":{"ngg_post_thumbnail":0,"footnotes":""},"categories":[1,22],"tags":[],"class_list":["post-6480","post","type-post","status-publish","format-standard","hentry","category-general","category-noticias-exposiciones-y-documentales","item-wrap"],"_links":{"self":[{"href":"https:\/\/www.asnia.es\/index.php?rest_route=\/wp\/v2\/posts\/6480","targetHints":{"allow":["GET"]}}],"collection":[{"href":"https:\/\/www.asnia.es\/index.php?rest_route=\/wp\/v2\/posts"}],"about":[{"href":"https:\/\/www.asnia.es\/index.php?rest_route=\/wp\/v2\/types\/post"}],"author":[{"embeddable":true,"href":"https:\/\/www.asnia.es\/index.php?rest_route=\/wp\/v2\/users\/1"}],"replies":[{"embeddable":true,"href":"https:\/\/www.asnia.es\/index.php?rest_route=%2Fwp%2Fv2%2Fcomments&post=6480"}],"version-history":[{"count":1,"href":"https:\/\/www.asnia.es\/index.php?rest_route=\/wp\/v2\/posts\/6480\/revisions"}],"predecessor-version":[{"id":6481,"href":"https:\/\/www.asnia.es\/index.php?rest_route=\/wp\/v2\/posts\/6480\/revisions\/6481"}],"wp:attachment":[{"href":"https:\/\/www.asnia.es\/index.php?rest_route=%2Fwp%2Fv2%2Fmedia&parent=6480"}],"wp:term":[{"taxonomy":"category","embeddable":true,"href":"https:\/\/www.asnia.es\/index.php?rest_route=%2Fwp%2Fv2%2Fcategories&post=6480"},{"taxonomy":"post_tag","embeddable":true,"href":"https:\/\/www.asnia.es\/index.php?rest_route=%2Fwp%2Fv2%2Ftags&post=6480"}],"curies":[{"name":"wp","href":"https:\/\/api.w.org\/{rel}","templated":true}]}}