{"id":6468,"date":"2019-06-30T12:54:54","date_gmt":"2019-06-30T10:54:54","guid":{"rendered":"https:\/\/www.asnia.es\/?p=6468"},"modified":"2019-09-26T13:21:01","modified_gmt":"2019-09-26T11:21:01","slug":"entrevista-inedita-con-el-doctor-vasily-nesterenko-nunca-publicada-leela","status":"publish","type":"post","link":"https:\/\/www.asnia.es\/?p=6468","title":{"rendered":"Entrevista in\u00e9dita con el Doctor Vasily Nesterenko: nunca publicada Leela!!!"},"content":{"rendered":"\n<p>A la ma\u00f1ana siguiente, 29 de abril de 1986, al amanecer, Vasily Nesterenko, director del Instituto de Energ\u00eda Nuclear de la Academia de Ciencias de la RSS de Bielorrusia, acudi\u00f3 al Comit\u00e9 Central de Minsk para hablar sobre la situaci\u00f3n causada por la explosi\u00f3n del reactor en la central nuclear de Chernobyl. Fue recibido a las cinco y media de la tarde.<\/p>\n\n\n\n<h1 class=\"wp-block-heading\">\u00abLl\u00e9vate a tus dosimetristas\u00bb.\u00a0Como profesor de Minsk, trat\u00f3 en vano de convencer a las autoridades de salvar a las personas despu\u00e9s del accidente de Chernobyl.<\/h1>\n\n\n\n<p><a href=\"https:\/\/www.currenttime.tv\/a\/chernobyl-nesterenko-belarus\/30022067.html?fbclid=IwAR1shd65UQQ5sWft1kx4pObYBPDxU2rIIT4kGon40qBVA8J_A8NSje7MxAc\">https:\/\/www.currenttime.tv\/a\/chernobyl-nesterenko-belarus\/30022067.html?fbclid=IwAR1shd65UQQ5sWft1kx4pObYBPDxU2rIIT4kGon40qBVA8J_A8NSje7MxAc<\/a><\/p>\n\n\n\n<figure class=\"wp-block-image\"><img loading=\"lazy\" decoding=\"async\" width=\"1023\" height=\"575\" src=\"https:\/\/www.asnia.es\/wp-content\/uploads\/2019\/09\/C77C3B82-C4FB-48ED-BD50-C7FE1D35DAFC_cx0_cy18_cw0_w1023_r1_s.jpg\" alt=\"\" class=\"wp-image-6469\" srcset=\"https:\/\/www.asnia.es\/wp-content\/uploads\/2019\/09\/C77C3B82-C4FB-48ED-BD50-C7FE1D35DAFC_cx0_cy18_cw0_w1023_r1_s.jpg 1023w, https:\/\/www.asnia.es\/wp-content\/uploads\/2019\/09\/C77C3B82-C4FB-48ED-BD50-C7FE1D35DAFC_cx0_cy18_cw0_w1023_r1_s-300x169.jpg 300w, https:\/\/www.asnia.es\/wp-content\/uploads\/2019\/09\/C77C3B82-C4FB-48ED-BD50-C7FE1D35DAFC_cx0_cy18_cw0_w1023_r1_s-768x432.jpg 768w\" sizes=\"auto, (max-width: 1023px) 100vw, 1023px\" \/><\/figure>\n\n\n\n<p><\/p>\n","protected":false},"excerpt":{"rendered":"<p>A la ma\u00f1ana siguiente, 29 de abril de 1986, al amanecer, Vasily Nesterenko, director del Instituto de Energ\u00eda Nuclear de la Academia de Ciencias de la RSS de Bielorrusia, acudi\u00f3 al Comit\u00e9 Central de Minsk para hablar sobre la situaci\u00f3n causada por la explosi\u00f3n del reactor en la central nuclear de Chernobyl. Fue recibido a &hellip; <\/p>\n<p><a class=\"more-link btn\" href=\"https:\/\/www.asnia.es\/?p=6468\">Seguir leyendo<\/a><\/p>\n","protected":false},"author":1,"featured_media":0,"comment_status":"open","ping_status":"open","sticky":false,"template":"","format":"standard","meta":{"ngg_post_thumbnail":0,"footnotes":""},"categories":[1,22],"tags":[],"class_list":["post-6468","post","type-post","status-publish","format-standard","hentry","category-general","category-noticias-exposiciones-y-documentales","item-wrap"],"_links":{"self":[{"href":"https:\/\/www.asnia.es\/index.php?rest_route=\/wp\/v2\/posts\/6468","targetHints":{"allow":["GET"]}}],"collection":[{"href":"https:\/\/www.asnia.es\/index.php?rest_route=\/wp\/v2\/posts"}],"about":[{"href":"https:\/\/www.asnia.es\/index.php?rest_route=\/wp\/v2\/types\/post"}],"author":[{"embeddable":true,"href":"https:\/\/www.asnia.es\/index.php?rest_route=\/wp\/v2\/users\/1"}],"replies":[{"embeddable":true,"href":"https:\/\/www.asnia.es\/index.php?rest_route=%2Fwp%2Fv2%2Fcomments&post=6468"}],"version-history":[{"count":1,"href":"https:\/\/www.asnia.es\/index.php?rest_route=\/wp\/v2\/posts\/6468\/revisions"}],"predecessor-version":[{"id":6470,"href":"https:\/\/www.asnia.es\/index.php?rest_route=\/wp\/v2\/posts\/6468\/revisions\/6470"}],"wp:attachment":[{"href":"https:\/\/www.asnia.es\/index.php?rest_route=%2Fwp%2Fv2%2Fmedia&parent=6468"}],"wp:term":[{"taxonomy":"category","embeddable":true,"href":"https:\/\/www.asnia.es\/index.php?rest_route=%2Fwp%2Fv2%2Fcategories&post=6468"},{"taxonomy":"post_tag","embeddable":true,"href":"https:\/\/www.asnia.es\/index.php?rest_route=%2Fwp%2Fv2%2Ftags&post=6468"}],"curies":[{"name":"wp","href":"https:\/\/api.w.org\/{rel}","templated":true}]}}