{"id":6455,"date":"2019-06-10T19:25:03","date_gmt":"2019-06-10T17:25:03","guid":{"rendered":"https:\/\/www.asnia.es\/?p=6455"},"modified":"2019-09-26T12:37:17","modified_gmt":"2019-09-26T10:37:17","slug":"repercusion-mediatica-de-chernobyl-en-hbo","status":"publish","type":"post","link":"https:\/\/www.asnia.es\/?p=6455","title":{"rendered":"Repercusi\u00f3n medi\u00e1tica de \u00abChernobyl\u00bb en HBO"},"content":{"rendered":"\n<p><a href=\"https:\/\/www.elconfidencial.com\/tecnologia\/ciencia\/2019-06-04\/svieta-volochay-superviviente-chernobil_2049146\/?fbclid=IwAR1VwzDFhDc1Yn3cajvvKV1OHyR64FISEDn_EBevdXfPRUrKroI5-5_broA\">https:\/\/www.elconfidencial.com\/tecnologia\/ciencia\/2019-06-04\/svieta-volochay-superviviente-chernobil_2049146\/?fbclid=IwAR1VwzDFhDc1Yn3cajvvKV1OHyR64FISEDn_EBevdXfPRUrKroI5-5_broA<\/a><\/p>\n\n\n\n<figure class=\"wp-block-embed-youtube wp-block-embed is-type-video is-provider-youtube wp-embed-aspect-16-9 wp-has-aspect-ratio\"><div class=\"wp-block-embed__wrapper\">\n<iframe loading=\"lazy\" title=\"Vemos CHERNOBYL con una superviviente del accidente | HBO\" width=\"600\" height=\"338\" src=\"https:\/\/www.youtube.com\/embed\/Ms_nYQ-o9b0?feature=oembed\" frameborder=\"0\" allow=\"accelerometer; autoplay; clipboard-write; encrypted-media; gyroscope; picture-in-picture; web-share\" referrerpolicy=\"strict-origin-when-cross-origin\" allowfullscreen><\/iframe>\n<\/div><\/figure>\n\n\n\n<p><a href=\"https:\/\/www.lavanguardia.com\/vida\/20190602\/462622803497\/ministro-exteriores-frances-inspecciona-sarcofago-sobre-central-de-chernobil.html?utm_campaign=botones_sociales&amp;utm_medium=social&amp;utm_source=facebook&amp;fbclid=IwAR2aD0rHSqWyjNSwvU57sT8URCvNSHu598a4a0oKlTshpXqmdK5ZgvPZbHg\">https:\/\/www.lavanguardia.com\/vida\/20190602\/462622803497\/ministro-exteriores-frances-inspecciona-sarcofago-sobre-central-de-chernobil.html?utm_campaign=botones_sociales&amp;utm_medium=social&amp;utm_source=facebook&amp;fbclid=IwAR2aD0rHSqWyjNSwvU57sT8URCvNSHu598a4a0oKlTshpXqmdK5ZgvPZbHg<\/a><\/p>\n\n\n\n<p><a href=\"https:\/\/www.abc.es\/ciencia\/abci-hallan-nuevos-y-desconocidos-puntos-calientes-radiacion-cerca-chernobil-201905110140_noticia.html?fbclid=IwAR3xbmP-0Pw_hfPKN7RtP4PYj8PjnwOWLFdF8skasxNgObD-vcPadFvLVxM#ns_campaign=rrss-inducido&amp;ns_mchannel=abc-es&amp;ns_source=fb&amp;ns_linkname=noticia-foto&amp;ns_fee=0\">https:\/\/www.abc.es\/ciencia\/abci-hallan-nuevos-y-desconocidos-puntos-calientes-radiacion-cerca-chernobil-201905110140_noticia.html?fbclid=IwAR3xbmP-0Pw_hfPKN7RtP4PYj8PjnwOWLFdF8skasxNgObD-vcPadFvLVxM#ns_campaign=rrss-inducido&amp;ns_mchannel=abc-es&amp;ns_source=fb&amp;ns_linkname=noticia-foto&amp;ns_fee=0<\/a><\/p>\n\n\n\n<figure class=\"wp-block-embed-wordpress wp-block-embed is-type-wp-embed is-provider-albacete-capital\"><div class=\"wp-block-embed__wrapper\">\nhttps:\/\/albacetecapital.com\/raul-moreno-el-fotoperiodista-albaceteno-que-ha-retratado-chernobyl-representa-el-olvido-y-la-incertidumbre\/?fbclid=IwAR1I_5mumjdhk6qukgF5fhB0M-C_dbsk-KlRwHDyLLutoYvdFUhta6FeKKM\n<\/div><figcaption> \u201cCuando piensas en Chern\u00f3bil, piensas en el desastre, en un lugar deshabitado, en misera y desolaci\u00f3n. Pero fuera de la zona de exclusi\u00f3n la vida sigue, los habitantes hacen una vida normal\u201d.<br>Muy bien descrito por mi querido amigo y compa\u00f1ero\u00a0<a href=\"https:\/\/www.facebook.com\/raul.moreno.9887?__tn__=K-R&amp;eid=ARBwz1waSRLppKjSF_-W7tGC0ugS8JySktSWp8zsQQWBMV3-w57--YrPnMQjXPvihW2WgFyEXfo0XSYT&amp;fref=mentions&amp;__xts__%5B0%5D=68.ARCD1sK9F3G9H_Wg9UfLFNVjOGpQTWEm66A2HbDubthXuCWJspLnUVHT7vwCnhPfbUNqHrni2yWC-S6-MiQvf2DNDYhFq3DweE7Vn3--kyyYFHP3I6vVuSn4zAdDeIkp9bX4FEwScNcU2Ex04Yko5kuqLnBq2_A8IdVpUafmkw5nmYTvd30vDLAMNxA1IRTGfTJ4Hi_uX5laG1LexHXHItY3DK1Si5DL4h5uejnJuu0bTXS1cMd6EKJuEG4XclXD8ZE6M9dPvT4nXOe2TU_3dQ8TKtMNC6Pv4FGdf5SDABrRs4ai8t85NJEObjcjvXh7I-KgiWjbWqS0tm7B1OanPvFmBA\">Ra\u00fal Moreno<\/a>&#8230;,la vida sigue en una tierra con sus recursos y riquezas envenenados, es el gran problema olvidado de tres pueblos Bielorrusia, Ucrania y Rusia y una sola historia: Chernobyl. <\/figcaption><\/figure>\n\n\n\n<p><a href=\"https:\/\/www.nationalgeographic.es\/historia\/2019\/05\/el-desastre-de-chernobil-que-ocurrio-y-sus-consecuencias-largo-plazo?fbclid=IwAR1Sjf-uzoyvQaeYHUbjXAlimkY_LRTYcSoKUg6126xsZ5SxnsDta84a55A\">https:\/\/www.nationalgeographic.es\/historia\/2019\/05\/el-desastre-de-chernobil-que-ocurrio-y-sus-consecuencias-largo-plazo?fbclid=IwAR1Sjf-uzoyvQaeYHUbjXAlimkY_LRTYcSoKUg6126xsZ5SxnsDta84a55A<\/a><\/p>\n\n\n\n<p><\/p>\n","protected":false},"excerpt":{"rendered":"<p>https:\/\/www.elconfidencial.com\/tecnologia\/ciencia\/2019-06-04\/svieta-volochay-superviviente-chernobil_2049146\/?fbclid=IwAR1VwzDFhDc1Yn3cajvvKV1OHyR64FISEDn_EBevdXfPRUrKroI5-5_broA https:\/\/www.lavanguardia.com\/vida\/20190602\/462622803497\/ministro-exteriores-frances-inspecciona-sarcofago-sobre-central-de-chernobil.html?utm_campaign=botones_sociales&amp;utm_medium=social&amp;utm_source=facebook&amp;fbclid=IwAR2aD0rHSqWyjNSwvU57sT8URCvNSHu598a4a0oKlTshpXqmdK5ZgvPZbHg https:\/\/www.abc.es\/ciencia\/abci-hallan-nuevos-y-desconocidos-puntos-calientes-radiacion-cerca-chernobil-201905110140_noticia.html?fbclid=IwAR3xbmP-0Pw_hfPKN7RtP4PYj8PjnwOWLFdF8skasxNgObD-vcPadFvLVxM#ns_campaign=rrss-inducido&amp;ns_mchannel=abc-es&amp;ns_source=fb&amp;ns_linkname=noticia-foto&amp;ns_fee=0 https:\/\/www.nationalgeographic.es\/historia\/2019\/05\/el-desastre-de-chernobil-que-ocurrio-y-sus-consecuencias-largo-plazo?fbclid=IwAR1Sjf-uzoyvQaeYHUbjXAlimkY_LRTYcSoKUg6126xsZ5SxnsDta84a55A<\/p>\n","protected":false},"author":1,"featured_media":0,"comment_status":"open","ping_status":"open","sticky":false,"template":"","format":"standard","meta":{"ngg_post_thumbnail":0,"footnotes":""},"categories":[1,22],"tags":[],"class_list":["post-6455","post","type-post","status-publish","format-standard","hentry","category-general","category-noticias-exposiciones-y-documentales","item-wrap"],"_links":{"self":[{"href":"https:\/\/www.asnia.es\/index.php?rest_route=\/wp\/v2\/posts\/6455","targetHints":{"allow":["GET"]}}],"collection":[{"href":"https:\/\/www.asnia.es\/index.php?rest_route=\/wp\/v2\/posts"}],"about":[{"href":"https:\/\/www.asnia.es\/index.php?rest_route=\/wp\/v2\/types\/post"}],"author":[{"embeddable":true,"href":"https:\/\/www.asnia.es\/index.php?rest_route=\/wp\/v2\/users\/1"}],"replies":[{"embeddable":true,"href":"https:\/\/www.asnia.es\/index.php?rest_route=%2Fwp%2Fv2%2Fcomments&post=6455"}],"version-history":[{"count":1,"href":"https:\/\/www.asnia.es\/index.php?rest_route=\/wp\/v2\/posts\/6455\/revisions"}],"predecessor-version":[{"id":6456,"href":"https:\/\/www.asnia.es\/index.php?rest_route=\/wp\/v2\/posts\/6455\/revisions\/6456"}],"wp:attachment":[{"href":"https:\/\/www.asnia.es\/index.php?rest_route=%2Fwp%2Fv2%2Fmedia&parent=6455"}],"wp:term":[{"taxonomy":"category","embeddable":true,"href":"https:\/\/www.asnia.es\/index.php?rest_route=%2Fwp%2Fv2%2Fcategories&post=6455"},{"taxonomy":"post_tag","embeddable":true,"href":"https:\/\/www.asnia.es\/index.php?rest_route=%2Fwp%2Fv2%2Ftags&post=6455"}],"curies":[{"name":"wp","href":"https:\/\/api.w.org\/{rel}","templated":true}]}}