{"id":6378,"date":"2019-05-07T15:11:14","date_gmt":"2019-05-07T13:11:14","guid":{"rendered":"https:\/\/www.asnia.es\/?p=6378"},"modified":"2019-05-15T15:14:00","modified_gmt":"2019-05-15T13:14:00","slug":"proyecto-de-ayuda-humanitaria-hijosdelcorazon","status":"publish","type":"post","link":"https:\/\/www.asnia.es\/?p=6378","title":{"rendered":"Proyecto de Ayuda Humanitaria #hijosdelcorazon"},"content":{"rendered":"\n<p> Nuestro Proyecto de ayuda Humanitaria\u00a0<a href=\"https:\/\/www.facebook.com\/hashtag\/hijosdelcorazon?source=feed_text&amp;epa=HASHTAG&amp;__xts__%5B0%5D=68.ARDmFo-p5qOjRyYbdUUl46HiqGhdxBkbK30TsdA17eHaVqlxKLa07LrPJKiroqsQxyv6RS8cbIHTNU8qaPO3TjFh-0pwKpI3oJlPcnRzkTVjF0jXiRY1WR1aWfA35sEeHu-Qqx4Ykmpoo1KjzHm1ywJlIs0MVFlmG7ijeZgNZcet3fSnQ_muVBIpOpypErPFs4aeZn6UFcV7vKH52zsM4B86Ds52YrWk9cN2eLRsRUwHWv5VoURvOhqOHBqjWRLpMSDRFLBX8s0mxeyQOcKLz7XcRp81ovppAUr_Gx0ZGDGoxW35BUWTJkLOiUuxDPEcPMk0Da8nFsWadKH5dGRt8mpTeA&amp;__tn__=%2ANK-R\">#hijosdelcorazon<\/a>\u00a0est\u00e1 llegando a su fin, queda muy muy poquito para incluso superar nuestro objetivo. Hoy tambi\u00e9n hemos recibido la segunda aportaci\u00f3n econ\u00f3mica efectuada por el\u00a0<a href=\"https:\/\/www.facebook.com\/Ayuntamiento-de-Paymogo-476956009126143\/?__tn__=K-R&amp;eid=ARB3kSGoeQcIoM-vz6N226fVWagOnv2cRN4kG8mkw7tQQ9Zdj-OQUvpKyCegKWg3hjQoN7BQs8gZ8SDk&amp;fref=mentions&amp;__xts__%5B0%5D=68.ARDmFo-p5qOjRyYbdUUl46HiqGhdxBkbK30TsdA17eHaVqlxKLa07LrPJKiroqsQxyv6RS8cbIHTNU8qaPO3TjFh-0pwKpI3oJlPcnRzkTVjF0jXiRY1WR1aWfA35sEeHu-Qqx4Ykmpoo1KjzHm1ywJlIs0MVFlmG7ijeZgNZcet3fSnQ_muVBIpOpypErPFs4aeZn6UFcV7vKH52zsM4B86Ds52YrWk9cN2eLRsRUwHWv5VoURvOhqOHBqjWRLpMSDRFLBX8s0mxeyQOcKLz7XcRp81ovppAUr_Gx0ZGDGoxW35BUWTJkLOiUuxDPEcPMk0Da8nFsWadKH5dGRt8mpTeA\">Ayuntamiento de Paymogo<\/a>\u00a0que conjuntamente con nuestra Asociaci\u00f3n (todas y cada una de las familias guardadoras y voluntari@s), el\u00a0<a href=\"https:\/\/www.facebook.com\/Ayuntamiento-de-Bonares-828403207275329\/?__tn__=K-R&amp;eid=ARC6JU75MpErF-QhS_NrxMo8GkLIlRkcNehlfxZNBD5RRE5G3HxMue4LBBXjuiP6WGtgDit687kU4GwW&amp;fref=mentions&amp;__xts__%5B0%5D=68.ARDmFo-p5qOjRyYbdUUl46HiqGhdxBkbK30TsdA17eHaVqlxKLa07LrPJKiroqsQxyv6RS8cbIHTNU8qaPO3TjFh-0pwKpI3oJlPcnRzkTVjF0jXiRY1WR1aWfA35sEeHu-Qqx4Ykmpoo1KjzHm1ywJlIs0MVFlmG7ijeZgNZcet3fSnQ_muVBIpOpypErPFs4aeZn6UFcV7vKH52zsM4B86Ds52YrWk9cN2eLRsRUwHWv5VoURvOhqOHBqjWRLpMSDRFLBX8s0mxeyQOcKLz7XcRp81ovppAUr_Gx0ZGDGoxW35BUWTJkLOiUuxDPEcPMk0Da8nFsWadKH5dGRt8mpTeA\">Ayuntamiento de Bonares<\/a>\u00a0y nuestras voluntarias de\u00a0<a href=\"https:\/\/www.facebook.com\/tejiendoenvitoria\/?__tn__=K-R&amp;eid=ARDqhgpY57Ict9jr_EoBd90FQjg8k0FwWEo8m3h-uzL_RON4SSsXlmHpRiK_uGosWPmBBCsgl2udT3RG&amp;fref=mentions&amp;__xts__%5B0%5D=68.ARDmFo-p5qOjRyYbdUUl46HiqGhdxBkbK30TsdA17eHaVqlxKLa07LrPJKiroqsQxyv6RS8cbIHTNU8qaPO3TjFh-0pwKpI3oJlPcnRzkTVjF0jXiRY1WR1aWfA35sEeHu-Qqx4Ykmpoo1KjzHm1ywJlIs0MVFlmG7ijeZgNZcet3fSnQ_muVBIpOpypErPFs4aeZn6UFcV7vKH52zsM4B86Ds52YrWk9cN2eLRsRUwHWv5VoURvOhqOHBqjWRLpMSDRFLBX8s0mxeyQOcKLz7XcRp81ovppAUr_Gx0ZGDGoxW35BUWTJkLOiUuxDPEcPMk0Da8nFsWadKH5dGRt8mpTeA\">Tejiendo en Vitoria<\/a>\u00a0que han cofinanciado la dotaci\u00f3n de material m\u00e9dico sanitario al \u00e1rea de oncohematologia infantil del hospital de Gomel y la segunda fase del proyecto destinada a la dotaci\u00f3n de enseres de primera necesidad a la Aldea Social de Istoki.\u00a0<br>MAGIA+SOLIDARIDAD+BIENESTAR= FELICIDAD, prioritaria para el desarrollo f\u00edsico y emocional de l@s ni\u00f1@s beneficiarios de nuestro Proyecto.\u00a0<br><a href=\"https:\/\/www.facebook.com\/hashtag\/bonaresesbienestar?source=feed_text&amp;epa=HASHTAG&amp;__xts__%5B0%5D=68.ARDmFo-p5qOjRyYbdUUl46HiqGhdxBkbK30TsdA17eHaVqlxKLa07LrPJKiroqsQxyv6RS8cbIHTNU8qaPO3TjFh-0pwKpI3oJlPcnRzkTVjF0jXiRY1WR1aWfA35sEeHu-Qqx4Ykmpoo1KjzHm1ywJlIs0MVFlmG7ijeZgNZcet3fSnQ_muVBIpOpypErPFs4aeZn6UFcV7vKH52zsM4B86Ds52YrWk9cN2eLRsRUwHWv5VoURvOhqOHBqjWRLpMSDRFLBX8s0mxeyQOcKLz7XcRp81ovppAUr_Gx0ZGDGoxW35BUWTJkLOiUuxDPEcPMk0Da8nFsWadKH5dGRt8mpTeA&amp;__tn__=%2ANK-R\">#bonaresesbienestar<\/a><br><a href=\"https:\/\/www.facebook.com\/hashtag\/paymogoesmagia?source=feed_text&amp;epa=HASHTAG&amp;__xts__%5B0%5D=68.ARDmFo-p5qOjRyYbdUUl46HiqGhdxBkbK30TsdA17eHaVqlxKLa07LrPJKiroqsQxyv6RS8cbIHTNU8qaPO3TjFh-0pwKpI3oJlPcnRzkTVjF0jXiRY1WR1aWfA35sEeHu-Qqx4Ykmpoo1KjzHm1ywJlIs0MVFlmG7ijeZgNZcet3fSnQ_muVBIpOpypErPFs4aeZn6UFcV7vKH52zsM4B86Ds52YrWk9cN2eLRsRUwHWv5VoURvOhqOHBqjWRLpMSDRFLBX8s0mxeyQOcKLz7XcRp81ovppAUr_Gx0ZGDGoxW35BUWTJkLOiUuxDPEcPMk0Da8nFsWadKH5dGRt8mpTeA&amp;__tn__=%2ANK-R\">#paymogoesmagia<\/a><br><a href=\"https:\/\/www.facebook.com\/hashtag\/vitoriaessolidaria?source=feed_text&amp;epa=HASHTAG&amp;__xts__%5B0%5D=68.ARDmFo-p5qOjRyYbdUUl46HiqGhdxBkbK30TsdA17eHaVqlxKLa07LrPJKiroqsQxyv6RS8cbIHTNU8qaPO3TjFh-0pwKpI3oJlPcnRzkTVjF0jXiRY1WR1aWfA35sEeHu-Qqx4Ykmpoo1KjzHm1ywJlIs0MVFlmG7ijeZgNZcet3fSnQ_muVBIpOpypErPFs4aeZn6UFcV7vKH52zsM4B86Ds52YrWk9cN2eLRsRUwHWv5VoURvOhqOHBqjWRLpMSDRFLBX8s0mxeyQOcKLz7XcRp81ovppAUr_Gx0ZGDGoxW35BUWTJkLOiUuxDPEcPMk0Da8nFsWadKH5dGRt8mpTeA&amp;__tn__=%2ANK-R\">#vitoriaessolidaria<\/a><\/p>\n\n\n\n<figure class=\"wp-block-image\"><img loading=\"lazy\" decoding=\"async\" width=\"960\" height=\"318\" src=\"https:\/\/www.asnia.es\/wp-content\/uploads\/2019\/05\/59644336_2224486640979451_8005566920868757504_n.jpg\" alt=\"\" class=\"wp-image-6379\" srcset=\"https:\/\/www.asnia.es\/wp-content\/uploads\/2019\/05\/59644336_2224486640979451_8005566920868757504_n.jpg 960w, https:\/\/www.asnia.es\/wp-content\/uploads\/2019\/05\/59644336_2224486640979451_8005566920868757504_n-300x99.jpg 300w, https:\/\/www.asnia.es\/wp-content\/uploads\/2019\/05\/59644336_2224486640979451_8005566920868757504_n-768x254.jpg 768w\" sizes=\"auto, (max-width: 960px) 100vw, 960px\" \/><\/figure>\n","protected":false},"excerpt":{"rendered":"<p>Nuestro Proyecto de ayuda Humanitaria\u00a0#hijosdelcorazon\u00a0est\u00e1 llegando a su fin, queda muy muy poquito para incluso superar nuestro objetivo. Hoy tambi\u00e9n hemos recibido la segunda aportaci\u00f3n econ\u00f3mica efectuada por el\u00a0Ayuntamiento de Paymogo\u00a0que conjuntamente con nuestra Asociaci\u00f3n (todas y cada una de las familias guardadoras y voluntari@s), el\u00a0Ayuntamiento de Bonares\u00a0y nuestras voluntarias de\u00a0Tejiendo en Vitoria\u00a0que han cofinanciado &hellip; <\/p>\n<p><a class=\"more-link btn\" href=\"https:\/\/www.asnia.es\/?p=6378\">Seguir leyendo<\/a><\/p>\n","protected":false},"author":1,"featured_media":0,"comment_status":"open","ping_status":"open","sticky":false,"template":"","format":"standard","meta":{"ngg_post_thumbnail":0,"footnotes":""},"categories":[1,22,27,28],"tags":[],"class_list":["post-6378","post","type-post","status-publish","format-standard","hentry","category-general","category-noticias-exposiciones-y-documentales","category-programa-2018","category-programa-2019","item-wrap"],"_links":{"self":[{"href":"https:\/\/www.asnia.es\/index.php?rest_route=\/wp\/v2\/posts\/6378","targetHints":{"allow":["GET"]}}],"collection":[{"href":"https:\/\/www.asnia.es\/index.php?rest_route=\/wp\/v2\/posts"}],"about":[{"href":"https:\/\/www.asnia.es\/index.php?rest_route=\/wp\/v2\/types\/post"}],"author":[{"embeddable":true,"href":"https:\/\/www.asnia.es\/index.php?rest_route=\/wp\/v2\/users\/1"}],"replies":[{"embeddable":true,"href":"https:\/\/www.asnia.es\/index.php?rest_route=%2Fwp%2Fv2%2Fcomments&post=6378"}],"version-history":[{"count":1,"href":"https:\/\/www.asnia.es\/index.php?rest_route=\/wp\/v2\/posts\/6378\/revisions"}],"predecessor-version":[{"id":6380,"href":"https:\/\/www.asnia.es\/index.php?rest_route=\/wp\/v2\/posts\/6378\/revisions\/6380"}],"wp:attachment":[{"href":"https:\/\/www.asnia.es\/index.php?rest_route=%2Fwp%2Fv2%2Fmedia&parent=6378"}],"wp:term":[{"taxonomy":"category","embeddable":true,"href":"https:\/\/www.asnia.es\/index.php?rest_route=%2Fwp%2Fv2%2Fcategories&post=6378"},{"taxonomy":"post_tag","embeddable":true,"href":"https:\/\/www.asnia.es\/index.php?rest_route=%2Fwp%2Fv2%2Ftags&post=6378"}],"curies":[{"name":"wp","href":"https:\/\/api.w.org\/{rel}","templated":true}]}}