{"id":6375,"date":"2019-05-01T15:07:04","date_gmt":"2019-05-01T13:07:04","guid":{"rendered":"https:\/\/www.asnia.es\/?p=6375"},"modified":"2019-05-15T15:11:12","modified_gmt":"2019-05-15T13:11:12","slug":"bonares-es-bienestar-hijosdelcorazon","status":"publish","type":"post","link":"https:\/\/www.asnia.es\/?p=6375","title":{"rendered":"Bonares es bienestar: #hijosdelcorazon"},"content":{"rendered":"\n<p> El Excmo.\u00a0<a href=\"https:\/\/www.facebook.com\/Ayuntamiento-de-Bonares-828403207275329\/?__tn__=K-R&amp;eid=ARDkNEpTguKumbTkkEk5Wrq15E-q8eKBMduOzR5_3RqGC88_wkWEwwKtTMN5QC8trk4rFOYsdDAMbexv&amp;fref=mentions&amp;__xts__%5B0%5D=68.ARDX5ZMktwEy3h1EIA0iwfMTtGnPxaZlG0Ijaub8-NDJnOMLr5eyleFOb0ubVr3uwR7NktcC3sDW_xBjKhdGll7rk8vZ6Vrr_E-jVEN48g2YKwzesEq8M8zxJunQitCc-hWW5Em0nJ-imt5fVV29lgyurr_2amW_eRcXmlZs355rnukuHVrBSxI2scYQbgOvJ7dWZetauzozDRBLJJEwcclM4uiEWeudQVB97OAJylre4Q7VPpwSvopD_nKOKs9dHId6WMeaytU6Xwwl8FS48pGIaLGdySEWyw7BCCVhTuDoQRr-8CTftFIDWNiPPhdc65kEP7icaeKAt75VE4RAXJ0Gkw\">Ayuntamiento de Bonares<\/a>\u00a0y Socio de Honor de nuestro colectivo, aprob\u00f3 en el pleno del d\u00eda de ayer conceder subvenci\u00f3n Extraordinaria a Asnia.Huelva para dotar de colchones al Orfanafo de RUDENSK(Bielorrusia) donde habitan menores con discapacidades f\u00edsicas, ps\u00edquicas, retraso en el desarrollo y crecimiento.\u00a0<a href=\"https:\/\/www.facebook.com\/hashtag\/hijosdelcorazon?source=feed_text&amp;epa=HASHTAG&amp;__xts__%5B0%5D=68.ARDX5ZMktwEy3h1EIA0iwfMTtGnPxaZlG0Ijaub8-NDJnOMLr5eyleFOb0ubVr3uwR7NktcC3sDW_xBjKhdGll7rk8vZ6Vrr_E-jVEN48g2YKwzesEq8M8zxJunQitCc-hWW5Em0nJ-imt5fVV29lgyurr_2amW_eRcXmlZs355rnukuHVrBSxI2scYQbgOvJ7dWZetauzozDRBLJJEwcclM4uiEWeudQVB97OAJylre4Q7VPpwSvopD_nKOKs9dHId6WMeaytU6Xwwl8FS48pGIaLGdySEWyw7BCCVhTuDoQRr-8CTftFIDWNiPPhdc65kEP7icaeKAt75VE4RAXJ0Gkw&amp;__tn__=%2ANK-R\">#hijosdelcorazon<\/a><a href=\"https:\/\/www.facebook.com\/hashtag\/hijosdechernobil?source=feed_text&amp;epa=HASHTAG&amp;__xts__%5B0%5D=68.ARDX5ZMktwEy3h1EIA0iwfMTtGnPxaZlG0Ijaub8-NDJnOMLr5eyleFOb0ubVr3uwR7NktcC3sDW_xBjKhdGll7rk8vZ6Vrr_E-jVEN48g2YKwzesEq8M8zxJunQitCc-hWW5Em0nJ-imt5fVV29lgyurr_2amW_eRcXmlZs355rnukuHVrBSxI2scYQbgOvJ7dWZetauzozDRBLJJEwcclM4uiEWeudQVB97OAJylre4Q7VPpwSvopD_nKOKs9dHId6WMeaytU6Xwwl8FS48pGIaLGdySEWyw7BCCVhTuDoQRr-8CTftFIDWNiPPhdc65kEP7icaeKAt75VE4RAXJ0Gkw&amp;__tn__=%2ANK-R\">#hijosdechernobil<\/a><br>Son 10 a\u00f1os de incondicional apoyo por parte del @Ayuntamiento y del pueblo de bonares y solo podemos mostrar nuestro m\u00e1s sincero agradecimiento a la Corporaci\u00f3n por la confianza depositada en nuestro trabajo y la respuesta humana y solidaria que siempre recibimos que se extiende a la buena gente de Bonares. Nos gustar\u00eda seguir contando con vosotros en nuestra labor en beneficio de los m\u00e1s desfavorecidos. Esto hace que nos afiancemos aun m\u00e1s, en que UN MUNDO MEJOR es posible, todo por mejorar la calidad de vida y autosuficiencia de los menores beneficiarios de nuestro proyecto.\u00a0<br>Gracias a\u00a0<a href=\"https:\/\/www.facebook.com\/AlcaldeJuanAntonioGarcia?__tn__=K-R&amp;eid=ARBbQQvAkl_PYYtSq9u5Ut9ml_1zsNfhcIErE9HRmjtEyRvOPqGBsd8umEoKxa3DwmT6dQDTv-HQA6LU&amp;fref=mentions&amp;__xts__%5B0%5D=68.ARDX5ZMktwEy3h1EIA0iwfMTtGnPxaZlG0Ijaub8-NDJnOMLr5eyleFOb0ubVr3uwR7NktcC3sDW_xBjKhdGll7rk8vZ6Vrr_E-jVEN48g2YKwzesEq8M8zxJunQitCc-hWW5Em0nJ-imt5fVV29lgyurr_2amW_eRcXmlZs355rnukuHVrBSxI2scYQbgOvJ7dWZetauzozDRBLJJEwcclM4uiEWeudQVB97OAJylre4Q7VPpwSvopD_nKOKs9dHId6WMeaytU6Xwwl8FS48pGIaLGdySEWyw7BCCVhTuDoQRr-8CTftFIDWNiPPhdc65kEP7icaeKAt75VE4RAXJ0Gkw\">Juan Antonio Garc\u00eda<\/a>, a\u00a0<a href=\"https:\/\/www.facebook.com\/juande.jaenmoreno?__tn__=K-R&amp;eid=ARCTj9oSvUvEpm1hwYGYcIgG4-RmJDD2qducwP7q8fZoqMEi2WmdRtl_V_5duV0eIEyJ7_m5O-pkomiB&amp;fref=mentions&amp;__xts__%5B0%5D=68.ARDX5ZMktwEy3h1EIA0iwfMTtGnPxaZlG0Ijaub8-NDJnOMLr5eyleFOb0ubVr3uwR7NktcC3sDW_xBjKhdGll7rk8vZ6Vrr_E-jVEN48g2YKwzesEq8M8zxJunQitCc-hWW5Em0nJ-imt5fVV29lgyurr_2amW_eRcXmlZs355rnukuHVrBSxI2scYQbgOvJ7dWZetauzozDRBLJJEwcclM4uiEWeudQVB97OAJylre4Q7VPpwSvopD_nKOKs9dHId6WMeaytU6Xwwl8FS48pGIaLGdySEWyw7BCCVhTuDoQRr-8CTftFIDWNiPPhdc65kEP7icaeKAt75VE4RAXJ0Gkw\">Juande Jaen Moreno<\/a>\u00a0y a todo el equipo de Gobierno por vuestro aporte que hace posible que se beneficien m\u00e1s ni\u00f1@s, avancemos y demos continuidad a nuestra labor.\u00a0<br><a href=\"https:\/\/www.facebook.com\/hashtag\/bonaresbuenagente?source=feed_text&amp;epa=HASHTAG&amp;__xts__%5B0%5D=68.ARDX5ZMktwEy3h1EIA0iwfMTtGnPxaZlG0Ijaub8-NDJnOMLr5eyleFOb0ubVr3uwR7NktcC3sDW_xBjKhdGll7rk8vZ6Vrr_E-jVEN48g2YKwzesEq8M8zxJunQitCc-hWW5Em0nJ-imt5fVV29lgyurr_2amW_eRcXmlZs355rnukuHVrBSxI2scYQbgOvJ7dWZetauzozDRBLJJEwcclM4uiEWeudQVB97OAJylre4Q7VPpwSvopD_nKOKs9dHId6WMeaytU6Xwwl8FS48pGIaLGdySEWyw7BCCVhTuDoQRr-8CTftFIDWNiPPhdc65kEP7icaeKAt75VE4RAXJ0Gkw&amp;__tn__=%2ANK-R\">#bonaresbuenagente<\/a><br><a href=\"https:\/\/www.facebook.com\/hashtag\/bonaresesbienestar?source=feed_text&amp;epa=HASHTAG&amp;__xts__%5B0%5D=68.ARDX5ZMktwEy3h1EIA0iwfMTtGnPxaZlG0Ijaub8-NDJnOMLr5eyleFOb0ubVr3uwR7NktcC3sDW_xBjKhdGll7rk8vZ6Vrr_E-jVEN48g2YKwzesEq8M8zxJunQitCc-hWW5Em0nJ-imt5fVV29lgyurr_2amW_eRcXmlZs355rnukuHVrBSxI2scYQbgOvJ7dWZetauzozDRBLJJEwcclM4uiEWeudQVB97OAJylre4Q7VPpwSvopD_nKOKs9dHId6WMeaytU6Xwwl8FS48pGIaLGdySEWyw7BCCVhTuDoQRr-8CTftFIDWNiPPhdc65kEP7icaeKAt75VE4RAXJ0Gkw&amp;__tn__=%2ANK-R\">#bonaresesbienestar<\/a><\/p>\n\n\n\n<div class=\"wp-block-image\"><figure class=\"aligncenter\"><img loading=\"lazy\" decoding=\"async\" width=\"940\" height=\"788\" src=\"https:\/\/www.asnia.es\/wp-content\/uploads\/2019\/05\/59439633_2216639635097485_5050615870598938624_n.jpg\" alt=\"\" class=\"wp-image-6376\" srcset=\"https:\/\/www.asnia.es\/wp-content\/uploads\/2019\/05\/59439633_2216639635097485_5050615870598938624_n.jpg 940w, https:\/\/www.asnia.es\/wp-content\/uploads\/2019\/05\/59439633_2216639635097485_5050615870598938624_n-300x251.jpg 300w, https:\/\/www.asnia.es\/wp-content\/uploads\/2019\/05\/59439633_2216639635097485_5050615870598938624_n-768x644.jpg 768w\" sizes=\"auto, (max-width: 940px) 100vw, 940px\" \/><\/figure><\/div>\n","protected":false},"excerpt":{"rendered":"<p>El Excmo.\u00a0Ayuntamiento de Bonares\u00a0y Socio de Honor de nuestro colectivo, aprob\u00f3 en el pleno del d\u00eda de ayer conceder subvenci\u00f3n Extraordinaria a Asnia.Huelva para dotar de colchones al Orfanafo de RUDENSK(Bielorrusia) donde habitan menores con discapacidades f\u00edsicas, ps\u00edquicas, retraso en el desarrollo y crecimiento.\u00a0#hijosdelcorazon#hijosdechernobilSon 10 a\u00f1os de incondicional apoyo por parte del @Ayuntamiento y del &hellip; <\/p>\n<p><a class=\"more-link btn\" href=\"https:\/\/www.asnia.es\/?p=6375\">Seguir leyendo<\/a><\/p>\n","protected":false},"author":1,"featured_media":0,"comment_status":"open","ping_status":"open","sticky":false,"template":"","format":"standard","meta":{"ngg_post_thumbnail":0,"footnotes":""},"categories":[1,22,28],"tags":[],"class_list":["post-6375","post","type-post","status-publish","format-standard","hentry","category-general","category-noticias-exposiciones-y-documentales","category-programa-2019","item-wrap"],"_links":{"self":[{"href":"https:\/\/www.asnia.es\/index.php?rest_route=\/wp\/v2\/posts\/6375","targetHints":{"allow":["GET"]}}],"collection":[{"href":"https:\/\/www.asnia.es\/index.php?rest_route=\/wp\/v2\/posts"}],"about":[{"href":"https:\/\/www.asnia.es\/index.php?rest_route=\/wp\/v2\/types\/post"}],"author":[{"embeddable":true,"href":"https:\/\/www.asnia.es\/index.php?rest_route=\/wp\/v2\/users\/1"}],"replies":[{"embeddable":true,"href":"https:\/\/www.asnia.es\/index.php?rest_route=%2Fwp%2Fv2%2Fcomments&post=6375"}],"version-history":[{"count":1,"href":"https:\/\/www.asnia.es\/index.php?rest_route=\/wp\/v2\/posts\/6375\/revisions"}],"predecessor-version":[{"id":6377,"href":"https:\/\/www.asnia.es\/index.php?rest_route=\/wp\/v2\/posts\/6375\/revisions\/6377"}],"wp:attachment":[{"href":"https:\/\/www.asnia.es\/index.php?rest_route=%2Fwp%2Fv2%2Fmedia&parent=6375"}],"wp:term":[{"taxonomy":"category","embeddable":true,"href":"https:\/\/www.asnia.es\/index.php?rest_route=%2Fwp%2Fv2%2Fcategories&post=6375"},{"taxonomy":"post_tag","embeddable":true,"href":"https:\/\/www.asnia.es\/index.php?rest_route=%2Fwp%2Fv2%2Ftags&post=6375"}],"curies":[{"name":"wp","href":"https:\/\/api.w.org\/{rel}","templated":true}]}}