{"id":6362,"date":"2019-04-26T14:50:13","date_gmt":"2019-04-26T12:50:13","guid":{"rendered":"https:\/\/www.asnia.es\/?p=6362"},"modified":"2019-05-15T14:52:29","modified_gmt":"2019-05-15T12:52:29","slug":"33-aniversario-de-chernobyl","status":"publish","type":"post","link":"https:\/\/www.asnia.es\/?p=6362","title":{"rendered":"33 aniversario de Chernobyl"},"content":{"rendered":"\n<p>\n\n26 de abril de 1986 a las 1:23 (UTC+3) Explosi\u00f3n del reactor 4 de la Central nuclear de Chern\u00f3bil durante una prueba de corte el\u00e9ctrico<\/p>\n\n\n\n<p><a href=\"https:\/\/www.facebook.com\/hashtag\/33aniversariodechernobyl?epa=HASHTAG\">#33aniversariodechernobyl<\/a>.&nbsp;<br>Existe cierto consenso que 31 personas fallecieron de forma directa por la explosi\u00f3n, pero la cantidad de&nbsp;<a href=\"https:\/\/www.facebook.com\/hashtag\/fallecidos?epa=HASHTAG\">#fallecidos<\/a>&nbsp;desde entonces por&nbsp;<a href=\"https:\/\/www.facebook.com\/hashtag\/trastornos?epa=HASHTAG\">#trastornos<\/a>gen\u00e9ticos,&nbsp;<a href=\"https:\/\/www.facebook.com\/hashtag\/malformaciones?epa=HASHTAG\">#malformaciones<\/a>&nbsp;de \u00f3rganos internos y<a href=\"https:\/\/www.facebook.com\/hashtag\/c%C3%A1ncer?epa=HASHTAG\">#c\u00e1ncer<\/a>&nbsp;como consecuencia de la radiaci\u00f3n est\u00e1 en disputa. A d\u00eda de hoy m\u00e1s de&nbsp;<a href=\"https:\/\/www.facebook.com\/hashtag\/5millones?epa=HASHTAG\">#5millones<\/a>&nbsp;de personas viven en zonas radiadas entre Bielorrusia, Ucrania y Rusia. La oncolog\u00eda infantil es un 300% superior al resto de Europa en Bielorrusia.&nbsp;<\/p>\n\n\n\n<p>\u00abChern\u00f3bil es la peor de todas las guerras. El hombre no tiene salvaci\u00f3n en parte alguna. Ni en la tierra, ni en el agua ni en el cielo\u00bb.&nbsp;<\/p>\n\n\n\n<p>Los ni\u00f1@os necesitan salir de la zona radiada al menos 45 d\u00edas para liberar de su organismo el cesio137 que acumulan a trav\u00e9s de su cadena alimenticia, fortalecer su sistema inmunol\u00f3gico y tener esperanza de futuro.&nbsp;<\/p>\n\n\n\n<p>Este es nuestro cometido seguir promoviendo los programas de saneamiento de estancias temporales para menores afectados en familias de Huelva y Provincia.\u00a0<\/p>\n\n\n\n<p><a href=\"https:\/\/www.facebook.com\/hashtag\/ahora?epa=HASHTAG\">#Ahora<\/a>&nbsp;es momento de ocuparse de los&nbsp;<a href=\"https:\/\/www.facebook.com\/hashtag\/vivos?epa=HASHTAG\">#vivos<\/a>, de los&nbsp;<a href=\"https:\/\/www.facebook.com\/hashtag\/hijosdechernobyl?epa=HASHTAG\">#HijosdeChernobyl<\/a>.&nbsp;<\/p>\n\n\n\n<p>Depende de&nbsp;<a href=\"https:\/\/www.facebook.com\/hashtag\/nosotros?epa=HASHTAG\">#nosotros<\/a>. Depende de&nbsp;<a href=\"https:\/\/www.facebook.com\/hashtag\/ti?epa=HASHTAG\">#ti<\/a><\/p>\n\n\n\n<p><a href=\"https:\/\/www.facebook.com\/hashtag\/hijosdelcorazon?epa=HASHTAG\">#hijosdelcorazon<\/a><a href=\"https:\/\/www.facebook.com\/hashtag\/acoge?epa=HASHTAG\">#acoge<\/a><a href=\"https:\/\/www.facebook.com\/hashtag\/regalavida?epa=HASHTAG\">#regalavida<\/a><a href=\"https:\/\/www.facebook.com\/hashtag\/unveranojuntos?epa=HASHTAG\">#unveranojuntos<\/a><\/p>\n\n\n\n<div class=\"wp-block-image\"><figure class=\"aligncenter\"><img loading=\"lazy\" decoding=\"async\" width=\"397\" height=\"268\" src=\"https:\/\/www.asnia.es\/wp-content\/uploads\/2019\/05\/58461621_2205675426360495_7884754657677934592_n.jpg\" alt=\"\" class=\"wp-image-6363\" srcset=\"https:\/\/www.asnia.es\/wp-content\/uploads\/2019\/05\/58461621_2205675426360495_7884754657677934592_n.jpg 397w, https:\/\/www.asnia.es\/wp-content\/uploads\/2019\/05\/58461621_2205675426360495_7884754657677934592_n-300x203.jpg 300w\" sizes=\"auto, (max-width: 397px) 100vw, 397px\" \/><\/figure><\/div>\n","protected":false},"excerpt":{"rendered":"<p>26 de abril de 1986 a las 1:23 (UTC+3) Explosi\u00f3n del reactor 4 de la Central nuclear de Chern\u00f3bil durante una prueba de corte el\u00e9ctrico #33aniversariodechernobyl.&nbsp;Existe cierto consenso que 31 personas fallecieron de forma directa por la explosi\u00f3n, pero la cantidad de&nbsp;#fallecidos&nbsp;desde entonces por&nbsp;#trastornosgen\u00e9ticos,&nbsp;#malformaciones&nbsp;de \u00f3rganos internos y#c\u00e1ncer&nbsp;como consecuencia de la radiaci\u00f3n est\u00e1 en disputa. A &hellip; <\/p>\n<p><a class=\"more-link btn\" href=\"https:\/\/www.asnia.es\/?p=6362\">Seguir leyendo<\/a><\/p>\n","protected":false},"author":1,"featured_media":0,"comment_status":"open","ping_status":"open","sticky":false,"template":"","format":"standard","meta":{"ngg_post_thumbnail":0,"footnotes":""},"categories":[1,22,28],"tags":[],"class_list":["post-6362","post","type-post","status-publish","format-standard","hentry","category-general","category-noticias-exposiciones-y-documentales","category-programa-2019","item-wrap"],"_links":{"self":[{"href":"https:\/\/www.asnia.es\/index.php?rest_route=\/wp\/v2\/posts\/6362","targetHints":{"allow":["GET"]}}],"collection":[{"href":"https:\/\/www.asnia.es\/index.php?rest_route=\/wp\/v2\/posts"}],"about":[{"href":"https:\/\/www.asnia.es\/index.php?rest_route=\/wp\/v2\/types\/post"}],"author":[{"embeddable":true,"href":"https:\/\/www.asnia.es\/index.php?rest_route=\/wp\/v2\/users\/1"}],"replies":[{"embeddable":true,"href":"https:\/\/www.asnia.es\/index.php?rest_route=%2Fwp%2Fv2%2Fcomments&post=6362"}],"version-history":[{"count":2,"href":"https:\/\/www.asnia.es\/index.php?rest_route=\/wp\/v2\/posts\/6362\/revisions"}],"predecessor-version":[{"id":6365,"href":"https:\/\/www.asnia.es\/index.php?rest_route=\/wp\/v2\/posts\/6362\/revisions\/6365"}],"wp:attachment":[{"href":"https:\/\/www.asnia.es\/index.php?rest_route=%2Fwp%2Fv2%2Fmedia&parent=6362"}],"wp:term":[{"taxonomy":"category","embeddable":true,"href":"https:\/\/www.asnia.es\/index.php?rest_route=%2Fwp%2Fv2%2Fcategories&post=6362"},{"taxonomy":"post_tag","embeddable":true,"href":"https:\/\/www.asnia.es\/index.php?rest_route=%2Fwp%2Fv2%2Ftags&post=6362"}],"curies":[{"name":"wp","href":"https:\/\/api.w.org\/{rel}","templated":true}]}}