{"id":6344,"date":"2019-03-23T14:24:19","date_gmt":"2019-03-23T13:24:19","guid":{"rendered":"https:\/\/www.asnia.es\/?p=6344"},"modified":"2019-05-15T14:26:45","modified_gmt":"2019-05-15T12:26:45","slug":"asamblea-anual-pro-infancia-chernobyl-madrid","status":"publish","type":"post","link":"https:\/\/www.asnia.es\/?p=6344","title":{"rendered":"Asamblea Anual Pro Infancia Chernobyl &#8211; Madrid"},"content":{"rendered":"\n<p> Durante los d\u00edas 23 y 24 de Marzo se celebr\u00f3 la asamblea anual de la Federaci\u00f3n Espa\u00f1ola Pro Infancia Chern\u00f3bil en Madrid con la asistencia de los representantes de todos los colectivos federados. Tuvimos el placer de contar para la apertura de la asamblea con la presencia en nombre del Embajador en ESPA\u00d1A de la Republica de Bielorrusia Pavel PUSTOVOY, el tercer secretario consul de la embajada para asuntos consulares y protocolo Alekxandr Ivashkevich. Dio lectura a carta del Embajador manifestando el sincero agradecimiento a todos los colectivos federados voluntarios que realizan programas de saneamiento en ESPA\u00d1A para ni\u00f1os de Chernobyl y haciendo unas observaciones expresas para velar por el cumplimiento del acuerdo bilateral que regulan nuestros programas en ESPA\u00d1A sobre todo en las normas de seguridad y dispersi\u00f3n garantizando la total colaboraci\u00f3n por parte de la embajada en cuantos asuntos se refieran para la buena proyecci\u00f3n de esta ayuda humanitaria.\u00a0 <\/p>\n\n\n\n<div class=\"wp-block-image\"><figure class=\"aligncenter\"><img loading=\"lazy\" decoding=\"async\" width=\"960\" height=\"720\" src=\"https:\/\/www.asnia.es\/wp-content\/uploads\/2019\/05\/54523819_2187138554880849_3113282837793472512_n.jpg\" alt=\"\" class=\"wp-image-6345\" srcset=\"https:\/\/www.asnia.es\/wp-content\/uploads\/2019\/05\/54523819_2187138554880849_3113282837793472512_n.jpg 960w, https:\/\/www.asnia.es\/wp-content\/uploads\/2019\/05\/54523819_2187138554880849_3113282837793472512_n-300x225.jpg 300w, https:\/\/www.asnia.es\/wp-content\/uploads\/2019\/05\/54523819_2187138554880849_3113282837793472512_n-768x576.jpg 768w\" sizes=\"auto, (max-width: 960px) 100vw, 960px\" \/><\/figure><\/div>\n","protected":false},"excerpt":{"rendered":"<p>Durante los d\u00edas 23 y 24 de Marzo se celebr\u00f3 la asamblea anual de la Federaci\u00f3n Espa\u00f1ola Pro Infancia Chern\u00f3bil en Madrid con la asistencia de los representantes de todos los colectivos federados. Tuvimos el placer de contar para la apertura de la asamblea con la presencia en nombre del Embajador en ESPA\u00d1A de la &hellip; <\/p>\n<p><a class=\"more-link btn\" href=\"https:\/\/www.asnia.es\/?p=6344\">Seguir leyendo<\/a><\/p>\n","protected":false},"author":1,"featured_media":0,"comment_status":"open","ping_status":"open","sticky":false,"template":"","format":"standard","meta":{"ngg_post_thumbnail":0,"footnotes":""},"categories":[1,22],"tags":[],"class_list":["post-6344","post","type-post","status-publish","format-standard","hentry","category-general","category-noticias-exposiciones-y-documentales","item-wrap"],"_links":{"self":[{"href":"https:\/\/www.asnia.es\/index.php?rest_route=\/wp\/v2\/posts\/6344","targetHints":{"allow":["GET"]}}],"collection":[{"href":"https:\/\/www.asnia.es\/index.php?rest_route=\/wp\/v2\/posts"}],"about":[{"href":"https:\/\/www.asnia.es\/index.php?rest_route=\/wp\/v2\/types\/post"}],"author":[{"embeddable":true,"href":"https:\/\/www.asnia.es\/index.php?rest_route=\/wp\/v2\/users\/1"}],"replies":[{"embeddable":true,"href":"https:\/\/www.asnia.es\/index.php?rest_route=%2Fwp%2Fv2%2Fcomments&post=6344"}],"version-history":[{"count":1,"href":"https:\/\/www.asnia.es\/index.php?rest_route=\/wp\/v2\/posts\/6344\/revisions"}],"predecessor-version":[{"id":6346,"href":"https:\/\/www.asnia.es\/index.php?rest_route=\/wp\/v2\/posts\/6344\/revisions\/6346"}],"wp:attachment":[{"href":"https:\/\/www.asnia.es\/index.php?rest_route=%2Fwp%2Fv2%2Fmedia&parent=6344"}],"wp:term":[{"taxonomy":"category","embeddable":true,"href":"https:\/\/www.asnia.es\/index.php?rest_route=%2Fwp%2Fv2%2Fcategories&post=6344"},{"taxonomy":"post_tag","embeddable":true,"href":"https:\/\/www.asnia.es\/index.php?rest_route=%2Fwp%2Fv2%2Ftags&post=6344"}],"curies":[{"name":"wp","href":"https:\/\/api.w.org\/{rel}","templated":true}]}}