{"id":6338,"date":"2019-03-17T14:14:54","date_gmt":"2019-03-17T13:14:54","guid":{"rendered":"https:\/\/www.asnia.es\/?p=6338"},"modified":"2019-05-15T14:20:05","modified_gmt":"2019-05-15T12:20:05","slug":"concluimos-en-la-feria-del-gurumelo-paymogo","status":"publish","type":"post","link":"https:\/\/www.asnia.es\/?p=6338","title":{"rendered":"Concluimos en la Feria del Gurumelo &#8211; Paymogo"},"content":{"rendered":"\n<p>Un a\u00f1o m\u00e1s en la Feria Gastron\u00f3mica Transfronteriza del Gurumelo en Paymogo.\u00a0<br>Hoy concluimos a las 20:00 h, hasta entonces an\u00edmate y sigue descubriendo el\u00a0<a href=\"https:\/\/www.facebook.com\/hashtag\/pa%C3%ADsdelmago?source=feed_text&amp;epa=HASHTAG&amp;__xts__%5B0%5D=68.ARAudbHpqGZogqgQUJRZT2kZ1dB7Z-FVnU-2AOuzu8Appm3OP9cCRlyAwmXAAIk2IPZCYZlesOAp1FiS4fX1cIWk5SO-WqxX0cBnkETrvqdblCRrzjJyIgjzAZ8ZDNIErws8TL5vKiqmllb_3TIMGiS9cwcGCEEG-mjgWNlwG2II9Gkbx_pL4ZoZfslFOBWpn3CS21qxXu9kQ3wO3xJ42isyZ0byYV4buP8V9qaeIljTRwQp06kQ9bk3R61dA_q2Xt0qSUQALetFRo_QyPCXTDFgqlETBHp6Cs6UMkqaEQHO0jW80qqEDTm4Bfxqg4T5BXpZCPPd7yHuGuCsntjoho6hkw&amp;__tn__=%2ANK-R\">#Pa\u00edsdelMago<\/a>.<br>Nuestro m\u00e1s sincero agradecimiento a la corporaci\u00f3n local por contar con nosotros y por supuesto por la cofinanciaci\u00f3n a nuestro proyecto de Oncolog\u00eda Infantil al que van destinados todos los fondos recaudados. Gran profesionalidad en organizaci\u00f3n infraestructuras y ambientaci\u00f3n. Nos vemos en 2020<br><a href=\"https:\/\/www.facebook.com\/hashtag\/hijosdelcorazon?source=feed_text&amp;epa=HASHTAG&amp;__xts__%5B0%5D=68.ARAudbHpqGZogqgQUJRZT2kZ1dB7Z-FVnU-2AOuzu8Appm3OP9cCRlyAwmXAAIk2IPZCYZlesOAp1FiS4fX1cIWk5SO-WqxX0cBnkETrvqdblCRrzjJyIgjzAZ8ZDNIErws8TL5vKiqmllb_3TIMGiS9cwcGCEEG-mjgWNlwG2II9Gkbx_pL4ZoZfslFOBWpn3CS21qxXu9kQ3wO3xJ42isyZ0byYV4buP8V9qaeIljTRwQp06kQ9bk3R61dA_q2Xt0qSUQALetFRo_QyPCXTDFgqlETBHp6Cs6UMkqaEQHO0jW80qqEDTm4Bfxqg4T5BXpZCPPd7yHuGuCsntjoho6hkw&amp;__tn__=%2ANK-R\">#hijosdelcorazon<\/a><br><a href=\"https:\/\/www.facebook.com\/Ayuntamiento-de-Paymogo-476956009126143\/?__tn__=K-R&amp;eid=ARABPzOdLg_IMCbAGda_T-Ot7pyWo0ATF2o39o68c_K-Fb5Ko4zK09aGSp59hJp3jX7uO5nL8O18dyxC&amp;fref=mentions&amp;__xts__%5B0%5D=68.ARAudbHpqGZogqgQUJRZT2kZ1dB7Z-FVnU-2AOuzu8Appm3OP9cCRlyAwmXAAIk2IPZCYZlesOAp1FiS4fX1cIWk5SO-WqxX0cBnkETrvqdblCRrzjJyIgjzAZ8ZDNIErws8TL5vKiqmllb_3TIMGiS9cwcGCEEG-mjgWNlwG2II9Gkbx_pL4ZoZfslFOBWpn3CS21qxXu9kQ3wO3xJ42isyZ0byYV4buP8V9qaeIljTRwQp06kQ9bk3R61dA_q2Xt0qSUQALetFRo_QyPCXTDFgqlETBHp6Cs6UMkqaEQHO0jW80qqEDTm4Bfxqg4T5BXpZCPPd7yHuGuCsntjoho6hkw\">Ayuntamiento de Paymogo<\/a><\/p>\n\n\n\n<figure class=\"wp-block-image\"><img loading=\"lazy\" decoding=\"async\" width=\"960\" height=\"656\" src=\"https:\/\/www.asnia.es\/wp-content\/uploads\/2019\/05\/55476671_2149866708441445_8712363055679275008_n.jpg\" alt=\"\" class=\"wp-image-6339\" srcset=\"https:\/\/www.asnia.es\/wp-content\/uploads\/2019\/05\/55476671_2149866708441445_8712363055679275008_n.jpg 960w, https:\/\/www.asnia.es\/wp-content\/uploads\/2019\/05\/55476671_2149866708441445_8712363055679275008_n-300x205.jpg 300w, https:\/\/www.asnia.es\/wp-content\/uploads\/2019\/05\/55476671_2149866708441445_8712363055679275008_n-768x525.jpg 768w\" sizes=\"auto, (max-width: 960px) 100vw, 960px\" \/><\/figure>\n","protected":false},"excerpt":{"rendered":"<p>Un a\u00f1o m\u00e1s en la Feria Gastron\u00f3mica Transfronteriza del Gurumelo en Paymogo.\u00a0Hoy concluimos a las 20:00 h, hasta entonces an\u00edmate y sigue descubriendo el\u00a0#Pa\u00edsdelMago.Nuestro m\u00e1s sincero agradecimiento a la corporaci\u00f3n local por contar con nosotros y por supuesto por la cofinanciaci\u00f3n a nuestro proyecto de Oncolog\u00eda Infantil al que van destinados todos los fondos recaudados. &hellip; <\/p>\n<p><a class=\"more-link btn\" href=\"https:\/\/www.asnia.es\/?p=6338\">Seguir leyendo<\/a><\/p>\n","protected":false},"author":1,"featured_media":0,"comment_status":"open","ping_status":"open","sticky":false,"template":"","format":"standard","meta":{"ngg_post_thumbnail":0,"footnotes":""},"categories":[1,22,28],"tags":[],"class_list":["post-6338","post","type-post","status-publish","format-standard","hentry","category-general","category-noticias-exposiciones-y-documentales","category-programa-2019","item-wrap"],"_links":{"self":[{"href":"https:\/\/www.asnia.es\/index.php?rest_route=\/wp\/v2\/posts\/6338","targetHints":{"allow":["GET"]}}],"collection":[{"href":"https:\/\/www.asnia.es\/index.php?rest_route=\/wp\/v2\/posts"}],"about":[{"href":"https:\/\/www.asnia.es\/index.php?rest_route=\/wp\/v2\/types\/post"}],"author":[{"embeddable":true,"href":"https:\/\/www.asnia.es\/index.php?rest_route=\/wp\/v2\/users\/1"}],"replies":[{"embeddable":true,"href":"https:\/\/www.asnia.es\/index.php?rest_route=%2Fwp%2Fv2%2Fcomments&post=6338"}],"version-history":[{"count":1,"href":"https:\/\/www.asnia.es\/index.php?rest_route=\/wp\/v2\/posts\/6338\/revisions"}],"predecessor-version":[{"id":6340,"href":"https:\/\/www.asnia.es\/index.php?rest_route=\/wp\/v2\/posts\/6338\/revisions\/6340"}],"wp:attachment":[{"href":"https:\/\/www.asnia.es\/index.php?rest_route=%2Fwp%2Fv2%2Fmedia&parent=6338"}],"wp:term":[{"taxonomy":"category","embeddable":true,"href":"https:\/\/www.asnia.es\/index.php?rest_route=%2Fwp%2Fv2%2Fcategories&post=6338"},{"taxonomy":"post_tag","embeddable":true,"href":"https:\/\/www.asnia.es\/index.php?rest_route=%2Fwp%2Fv2%2Ftags&post=6338"}],"curies":[{"name":"wp","href":"https:\/\/api.w.org\/{rel}","templated":true}]}}