{"id":6334,"date":"2019-03-15T13:59:58","date_gmt":"2019-03-15T12:59:58","guid":{"rendered":"https:\/\/www.asnia.es\/?p=6334"},"modified":"2019-05-15T14:14:49","modified_gmt":"2019-05-15T12:14:49","slug":"feria-transfronteriza-del-gurumelo-2019-paymogo","status":"publish","type":"post","link":"https:\/\/www.asnia.es\/?p=6334","title":{"rendered":"Feria Transfronteriza del Gurumelo 2019 Paymogo"},"content":{"rendered":"\n<p> Un a\u00f1o m\u00e1s en la Feria Gastron\u00f3mica Transfronteriza del Gurumelo en Paymogo.\u00a0<br>Te invitamos a descubrir la cultura, tradiciones y gastronom\u00eda del\u00a0<a href=\"https:\/\/www.facebook.com\/hashtag\/pa%C3%ADsdelmago?source=feed_text&amp;epa=HASHTAG&amp;__xts__%5B0%5D=68.ARBF68XvBt3-0A5ZxR1oiEn3NZuwbpgcZ-8Wt4EPGkoLUpXdB1uvVL-jLlRxRMg6fReAauWtExWsMpbxLWXJ_8f6iFxIr5PDVaApZ3qnT8PY69u8xUYgElXWTn-x_drk_NeZq5FPX_M_B9hzAPrN7B2rXkZAAp8Z_1fnjpH6qCvq9tpwI1uyW5Uj4c77EoTtHaPJLzVM5dsOMIKClu5C00tYybJB39UIyG0D4TxgGUroQsFoP0RYYDCZ9bp-EZXiOJM1ls0FyeSqILzZu1RyTsPQEh6ia13EVNTjCk8WRNbpSFr4v4U_4zSeaEee4q-68XsutjgHEmG6BpVI4jpqWyOQ8A&amp;__tn__=%2ANK-R\">#Pa\u00edsdelMago<\/a>&#8230;te esperamos con muchas sorpresas para disfrutar un d\u00eda en familia. Que no te lo cuenten!!!<br><a href=\"https:\/\/www.facebook.com\/hashtag\/hijosdelcorazon?source=feed_text&amp;epa=HASHTAG&amp;__xts__%5B0%5D=68.ARBF68XvBt3-0A5ZxR1oiEn3NZuwbpgcZ-8Wt4EPGkoLUpXdB1uvVL-jLlRxRMg6fReAauWtExWsMpbxLWXJ_8f6iFxIr5PDVaApZ3qnT8PY69u8xUYgElXWTn-x_drk_NeZq5FPX_M_B9hzAPrN7B2rXkZAAp8Z_1fnjpH6qCvq9tpwI1uyW5Uj4c77EoTtHaPJLzVM5dsOMIKClu5C00tYybJB39UIyG0D4TxgGUroQsFoP0RYYDCZ9bp-EZXiOJM1ls0FyeSqILzZu1RyTsPQEh6ia13EVNTjCk8WRNbpSFr4v4U_4zSeaEee4q-68XsutjgHEmG6BpVI4jpqWyOQ8A&amp;__tn__=%2ANK-R\">#hijosdelcorazon<\/a><br><a href=\"https:\/\/www.facebook.com\/Ayuntamiento-de-Paymogo-476956009126143\/?__tn__=K-R&amp;eid=ARBuYol1TzV_AqiWdEPHCq6QwwjGxQvS9xBXVeo9xrrdChXCJ2P-qvbjLL8rHJo5s2xoi_Db_ROcswww&amp;fref=mentions&amp;__xts__%5B0%5D=68.ARBF68XvBt3-0A5ZxR1oiEn3NZuwbpgcZ-8Wt4EPGkoLUpXdB1uvVL-jLlRxRMg6fReAauWtExWsMpbxLWXJ_8f6iFxIr5PDVaApZ3qnT8PY69u8xUYgElXWTn-x_drk_NeZq5FPX_M_B9hzAPrN7B2rXkZAAp8Z_1fnjpH6qCvq9tpwI1uyW5Uj4c77EoTtHaPJLzVM5dsOMIKClu5C00tYybJB39UIyG0D4TxgGUroQsFoP0RYYDCZ9bp-EZXiOJM1ls0FyeSqILzZu1RyTsPQEh6ia13EVNTjCk8WRNbpSFr4v4U_4zSeaEee4q-68XsutjgHEmG6BpVI4jpqWyOQ8A\">Ayuntamiento de Paymogo<\/a><\/p>\n\n\n\n<div class=\"wp-block-image\"><figure class=\"aligncenter\"><img loading=\"lazy\" decoding=\"async\" width=\"960\" height=\"720\" src=\"https:\/\/www.asnia.es\/wp-content\/uploads\/2019\/05\/54458042_2137581676336615_8849585061763219456_n-1.jpg\" alt=\"\" class=\"wp-image-6335\" srcset=\"https:\/\/www.asnia.es\/wp-content\/uploads\/2019\/05\/54458042_2137581676336615_8849585061763219456_n-1.jpg 960w, https:\/\/www.asnia.es\/wp-content\/uploads\/2019\/05\/54458042_2137581676336615_8849585061763219456_n-1-300x225.jpg 300w, https:\/\/www.asnia.es\/wp-content\/uploads\/2019\/05\/54458042_2137581676336615_8849585061763219456_n-1-768x576.jpg 768w\" sizes=\"auto, (max-width: 960px) 100vw, 960px\" \/><\/figure><\/div>\n\n\n\n<figure class=\"wp-block-image\"><img loading=\"lazy\" decoding=\"async\" width=\"960\" height=\"720\" src=\"https:\/\/www.asnia.es\/wp-content\/uploads\/2019\/05\/53915142_2147309305363852_2192005785796476928_n.jpg\" alt=\"\" class=\"wp-image-6336\" srcset=\"https:\/\/www.asnia.es\/wp-content\/uploads\/2019\/05\/53915142_2147309305363852_2192005785796476928_n.jpg 960w, https:\/\/www.asnia.es\/wp-content\/uploads\/2019\/05\/53915142_2147309305363852_2192005785796476928_n-300x225.jpg 300w, https:\/\/www.asnia.es\/wp-content\/uploads\/2019\/05\/53915142_2147309305363852_2192005785796476928_n-768x576.jpg 768w\" sizes=\"auto, (max-width: 960px) 100vw, 960px\" \/><\/figure>\n","protected":false},"excerpt":{"rendered":"<p>Un a\u00f1o m\u00e1s en la Feria Gastron\u00f3mica Transfronteriza del Gurumelo en Paymogo.\u00a0Te invitamos a descubrir la cultura, tradiciones y gastronom\u00eda del\u00a0#Pa\u00edsdelMago&#8230;te esperamos con muchas sorpresas para disfrutar un d\u00eda en familia. Que no te lo cuenten!!!#hijosdelcorazonAyuntamiento de Paymogo<\/p>\n","protected":false},"author":1,"featured_media":0,"comment_status":"open","ping_status":"open","sticky":false,"template":"","format":"standard","meta":{"ngg_post_thumbnail":0,"footnotes":""},"categories":[1,22,28],"tags":[],"class_list":["post-6334","post","type-post","status-publish","format-standard","hentry","category-general","category-noticias-exposiciones-y-documentales","category-programa-2019","item-wrap"],"_links":{"self":[{"href":"https:\/\/www.asnia.es\/index.php?rest_route=\/wp\/v2\/posts\/6334","targetHints":{"allow":["GET"]}}],"collection":[{"href":"https:\/\/www.asnia.es\/index.php?rest_route=\/wp\/v2\/posts"}],"about":[{"href":"https:\/\/www.asnia.es\/index.php?rest_route=\/wp\/v2\/types\/post"}],"author":[{"embeddable":true,"href":"https:\/\/www.asnia.es\/index.php?rest_route=\/wp\/v2\/users\/1"}],"replies":[{"embeddable":true,"href":"https:\/\/www.asnia.es\/index.php?rest_route=%2Fwp%2Fv2%2Fcomments&post=6334"}],"version-history":[{"count":1,"href":"https:\/\/www.asnia.es\/index.php?rest_route=\/wp\/v2\/posts\/6334\/revisions"}],"predecessor-version":[{"id":6337,"href":"https:\/\/www.asnia.es\/index.php?rest_route=\/wp\/v2\/posts\/6334\/revisions\/6337"}],"wp:attachment":[{"href":"https:\/\/www.asnia.es\/index.php?rest_route=%2Fwp%2Fv2%2Fmedia&parent=6334"}],"wp:term":[{"taxonomy":"category","embeddable":true,"href":"https:\/\/www.asnia.es\/index.php?rest_route=%2Fwp%2Fv2%2Fcategories&post=6334"},{"taxonomy":"post_tag","embeddable":true,"href":"https:\/\/www.asnia.es\/index.php?rest_route=%2Fwp%2Fv2%2Ftags&post=6334"}],"curies":[{"name":"wp","href":"https:\/\/api.w.org\/{rel}","templated":true}]}}