{"id":6332,"date":"2019-03-10T13:57:16","date_gmt":"2019-03-10T12:57:16","guid":{"rendered":"https:\/\/www.asnia.es\/?p=6332"},"modified":"2019-05-15T13:59:48","modified_gmt":"2019-05-15T11:59:48","slug":"feria-de-muestras-de-bonares-3","status":"publish","type":"post","link":"https:\/\/www.asnia.es\/?p=6332","title":{"rendered":"Feria de Muestras de Bonares"},"content":{"rendered":"\n<p> Hemos concluido por segundo a\u00f1o consecutivo la\u00a0<a href=\"https:\/\/www.facebook.com\/feriamuestrasbonares.huelva?__tn__=K-R&amp;eid=ARBz1XGU2kD_WmEXRfFv2ZH5o50gan2gHivgZkEhfPRTlpSrko0kmneoaY_eoqNnF5mEByU4YvNrg5fU&amp;fref=mentions&amp;__xts__%5B0%5D=68.ARAi-ct6w8ucDtv-IEsi_TSwCajtVvcOuz5E_XPd_LhyPbGdf2131wpU77khdkYQTyAG1wMMicEXPyKAH9tI2EZeMF6Ke9wJS7hCfWLrnM1s1XmoKWLTEalJeJ-FHVW65RzgBKTxFtXr3Rh8QcBVNXVQkA6RxbW2Tn4CAex-shzcLIpZasMnLDdqakvOv0FvwOBFynhjkCzBlTA6ZhemRaAQ5PMGA15O8iKWUA4B8EX0CKTyk7N6abofHe9aql0dhnQKpVfaDMxFpfxbj-ULfb6DdrZA6hQPi3Ub8nWwuyutdM3JEbsULMa8cGJmXsN-VTmoL3RdO0ONccT_KWofucq_kg\">Feriamuestrasbonares V Edicion<\/a>. Balance: totalmente positivo y siempre experiencia enriquecedora. Nuestro m\u00e1s sincero agradecimiento a la organizaci\u00f3n por contar con nosotros y por todo el trabajo previo para que la muestra haya sido un \u00e9xito, innovando y apoyando en todo momento a los expositores, nos vemos en 2020. Al pueblo de Bonares una vez m\u00e1s agradecidos por su eterna solidaridad. A nuestras familias, voluntari@s, cofinanciadores, patrocinadores y colaboradores, que son nuestro motor\u00a0<a href=\"https:\/\/www.facebook.com\/hashtag\/gracias?source=feed_text&amp;epa=HASHTAG&amp;__xts__%5B0%5D=68.ARAi-ct6w8ucDtv-IEsi_TSwCajtVvcOuz5E_XPd_LhyPbGdf2131wpU77khdkYQTyAG1wMMicEXPyKAH9tI2EZeMF6Ke9wJS7hCfWLrnM1s1XmoKWLTEalJeJ-FHVW65RzgBKTxFtXr3Rh8QcBVNXVQkA6RxbW2Tn4CAex-shzcLIpZasMnLDdqakvOv0FvwOBFynhjkCzBlTA6ZhemRaAQ5PMGA15O8iKWUA4B8EX0CKTyk7N6abofHe9aql0dhnQKpVfaDMxFpfxbj-ULfb6DdrZA6hQPi3Ub8nWwuyutdM3JEbsULMa8cGJmXsN-VTmoL3RdO0ONccT_KWofucq_kg&amp;__tn__=%2ANK-R\">#GRACIAS<\/a>\u00a0por un trabajo tan pulcro e incansable, sin vosotros nada se har\u00eda realidad.\u00a0<a href=\"https:\/\/www.facebook.com\/hashtag\/sienpresumando?source=feed_text&amp;epa=HASHTAG&amp;__xts__%5B0%5D=68.ARAi-ct6w8ucDtv-IEsi_TSwCajtVvcOuz5E_XPd_LhyPbGdf2131wpU77khdkYQTyAG1wMMicEXPyKAH9tI2EZeMF6Ke9wJS7hCfWLrnM1s1XmoKWLTEalJeJ-FHVW65RzgBKTxFtXr3Rh8QcBVNXVQkA6RxbW2Tn4CAex-shzcLIpZasMnLDdqakvOv0FvwOBFynhjkCzBlTA6ZhemRaAQ5PMGA15O8iKWUA4B8EX0CKTyk7N6abofHe9aql0dhnQKpVfaDMxFpfxbj-ULfb6DdrZA6hQPi3Ub8nWwuyutdM3JEbsULMa8cGJmXsN-VTmoL3RdO0ONccT_KWofucq_kg&amp;__tn__=%2ANK-R\">#SIENPRESUMANDO<\/a>.<br><a href=\"https:\/\/www.facebook.com\/hashtag\/hijosdelcorazon?source=feed_text&amp;epa=HASHTAG&amp;__xts__%5B0%5D=68.ARAi-ct6w8ucDtv-IEsi_TSwCajtVvcOuz5E_XPd_LhyPbGdf2131wpU77khdkYQTyAG1wMMicEXPyKAH9tI2EZeMF6Ke9wJS7hCfWLrnM1s1XmoKWLTEalJeJ-FHVW65RzgBKTxFtXr3Rh8QcBVNXVQkA6RxbW2Tn4CAex-shzcLIpZasMnLDdqakvOv0FvwOBFynhjkCzBlTA6ZhemRaAQ5PMGA15O8iKWUA4B8EX0CKTyk7N6abofHe9aql0dhnQKpVfaDMxFpfxbj-ULfb6DdrZA6hQPi3Ub8nWwuyutdM3JEbsULMa8cGJmXsN-VTmoL3RdO0ONccT_KWofucq_kg&amp;__tn__=%2ANK-R\">#hijosdelcorazon<\/a><a href=\"https:\/\/www.facebook.com\/Ayuntamiento-de-Bonares-828403207275329\/?__tn__=K-R&amp;eid=ARAYc7SeMp6dHS9gDn4MnYjvZ0i6ZuO7XGl7qes6N4WSigtoFeUwAN3IozwPvOcOByuJAo1Qgv8dw6xH&amp;fref=mentions&amp;__xts__%5B0%5D=68.ARAi-ct6w8ucDtv-IEsi_TSwCajtVvcOuz5E_XPd_LhyPbGdf2131wpU77khdkYQTyAG1wMMicEXPyKAH9tI2EZeMF6Ke9wJS7hCfWLrnM1s1XmoKWLTEalJeJ-FHVW65RzgBKTxFtXr3Rh8QcBVNXVQkA6RxbW2Tn4CAex-shzcLIpZasMnLDdqakvOv0FvwOBFynhjkCzBlTA6ZhemRaAQ5PMGA15O8iKWUA4B8EX0CKTyk7N6abofHe9aql0dhnQKpVfaDMxFpfxbj-ULfb6DdrZA6hQPi3Ub8nWwuyutdM3JEbsULMa8cGJmXsN-VTmoL3RdO0ONccT_KWofucq_kg\">Ayuntamiento de Bonares<\/a><a href=\"https:\/\/www.facebook.com\/tejiendoenvitoria\/?__tn__=K-R&amp;eid=ARCXLjBcJe4lzBVpkDeJ3NWMIRayCjSXtCDU9oMAYThBvHp_EZqNnTIdQtmL7aUqfE-SN4LcaVoTa8xS&amp;fref=mentions&amp;__xts__%5B0%5D=68.ARAi-ct6w8ucDtv-IEsi_TSwCajtVvcOuz5E_XPd_LhyPbGdf2131wpU77khdkYQTyAG1wMMicEXPyKAH9tI2EZeMF6Ke9wJS7hCfWLrnM1s1XmoKWLTEalJeJ-FHVW65RzgBKTxFtXr3Rh8QcBVNXVQkA6RxbW2Tn4CAex-shzcLIpZasMnLDdqakvOv0FvwOBFynhjkCzBlTA6ZhemRaAQ5PMGA15O8iKWUA4B8EX0CKTyk7N6abofHe9aql0dhnQKpVfaDMxFpfxbj-ULfb6DdrZA6hQPi3Ub8nWwuyutdM3JEbsULMa8cGJmXsN-VTmoL3RdO0ONccT_KWofucq_kg\">Tejiendo en Vitoria<\/a><a href=\"https:\/\/www.facebook.com\/juande.jaenmoreno?__tn__=K-R&amp;eid=ARB8rwKD7IJFzL5WoX43jDrA38qt9BziwTM8Ulx2rdv-8BCxH-V8dqWq09vnReSIWekcML5Aw3XAgaal&amp;fref=mentions&amp;__xts__%5B0%5D=68.ARAi-ct6w8ucDtv-IEsi_TSwCajtVvcOuz5E_XPd_LhyPbGdf2131wpU77khdkYQTyAG1wMMicEXPyKAH9tI2EZeMF6Ke9wJS7hCfWLrnM1s1XmoKWLTEalJeJ-FHVW65RzgBKTxFtXr3Rh8QcBVNXVQkA6RxbW2Tn4CAex-shzcLIpZasMnLDdqakvOv0FvwOBFynhjkCzBlTA6ZhemRaAQ5PMGA15O8iKWUA4B8EX0CKTyk7N6abofHe9aql0dhnQKpVfaDMxFpfxbj-ULfb6DdrZA6hQPi3Ub8nWwuyutdM3JEbsULMa8cGJmXsN-VTmoL3RdO0ONccT_KWofucq_kg\">Juande Jaen Moreno<\/a><a href=\"https:\/\/www.facebook.com\/hashtag\/bonaresbuenagente?source=feed_text&amp;epa=HASHTAG&amp;__xts__%5B0%5D=68.ARAi-ct6w8ucDtv-IEsi_TSwCajtVvcOuz5E_XPd_LhyPbGdf2131wpU77khdkYQTyAG1wMMicEXPyKAH9tI2EZeMF6Ke9wJS7hCfWLrnM1s1XmoKWLTEalJeJ-FHVW65RzgBKTxFtXr3Rh8QcBVNXVQkA6RxbW2Tn4CAex-shzcLIpZasMnLDdqakvOv0FvwOBFynhjkCzBlTA6ZhemRaAQ5PMGA15O8iKWUA4B8EX0CKTyk7N6abofHe9aql0dhnQKpVfaDMxFpfxbj-ULfb6DdrZA6hQPi3Ub8nWwuyutdM3JEbsULMa8cGJmXsN-VTmoL3RdO0ONccT_KWofucq_kg&amp;__tn__=%2ANK-R\">#bonaresbuenagente<\/a><\/p>\n\n\n\n<p><\/p>\n","protected":false},"excerpt":{"rendered":"<p>Hemos concluido por segundo a\u00f1o consecutivo la\u00a0Feriamuestrasbonares V Edicion. Balance: totalmente positivo y siempre experiencia enriquecedora. Nuestro m\u00e1s sincero agradecimiento a la organizaci\u00f3n por contar con nosotros y por todo el trabajo previo para que la muestra haya sido un \u00e9xito, innovando y apoyando en todo momento a los expositores, nos vemos en 2020. Al &hellip; <\/p>\n<p><a class=\"more-link btn\" href=\"https:\/\/www.asnia.es\/?p=6332\">Seguir leyendo<\/a><\/p>\n","protected":false},"author":1,"featured_media":0,"comment_status":"open","ping_status":"open","sticky":false,"template":"","format":"standard","meta":{"ngg_post_thumbnail":0,"footnotes":""},"categories":[1,22,28],"tags":[],"class_list":["post-6332","post","type-post","status-publish","format-standard","hentry","category-general","category-noticias-exposiciones-y-documentales","category-programa-2019","item-wrap"],"_links":{"self":[{"href":"https:\/\/www.asnia.es\/index.php?rest_route=\/wp\/v2\/posts\/6332","targetHints":{"allow":["GET"]}}],"collection":[{"href":"https:\/\/www.asnia.es\/index.php?rest_route=\/wp\/v2\/posts"}],"about":[{"href":"https:\/\/www.asnia.es\/index.php?rest_route=\/wp\/v2\/types\/post"}],"author":[{"embeddable":true,"href":"https:\/\/www.asnia.es\/index.php?rest_route=\/wp\/v2\/users\/1"}],"replies":[{"embeddable":true,"href":"https:\/\/www.asnia.es\/index.php?rest_route=%2Fwp%2Fv2%2Fcomments&post=6332"}],"version-history":[{"count":1,"href":"https:\/\/www.asnia.es\/index.php?rest_route=\/wp\/v2\/posts\/6332\/revisions"}],"predecessor-version":[{"id":6333,"href":"https:\/\/www.asnia.es\/index.php?rest_route=\/wp\/v2\/posts\/6332\/revisions\/6333"}],"wp:attachment":[{"href":"https:\/\/www.asnia.es\/index.php?rest_route=%2Fwp%2Fv2%2Fmedia&parent=6332"}],"wp:term":[{"taxonomy":"category","embeddable":true,"href":"https:\/\/www.asnia.es\/index.php?rest_route=%2Fwp%2Fv2%2Fcategories&post=6332"},{"taxonomy":"post_tag","embeddable":true,"href":"https:\/\/www.asnia.es\/index.php?rest_route=%2Fwp%2Fv2%2Ftags&post=6332"}],"curies":[{"name":"wp","href":"https:\/\/api.w.org\/{rel}","templated":true}]}}