{"id":6325,"date":"2019-02-23T13:50:58","date_gmt":"2019-02-23T12:50:58","guid":{"rendered":"https:\/\/www.asnia.es\/?p=6325"},"modified":"2019-05-15T13:53:01","modified_gmt":"2019-05-15T11:53:01","slug":"feria-de-muestras-de-bonares","status":"publish","type":"post","link":"https:\/\/www.asnia.es\/?p=6325","title":{"rendered":"Feria de Muestras de Bonares"},"content":{"rendered":"\n<p>Tras la experiencia de la V volvemos a esta VI Edici\u00f3n. Vis\u00edtanos. Ser\u00e1n unos d\u00edas cargados de sorpresas , diversi\u00f3n, buen ambiente y buenas muestras. Entrada gratuita, ampl\u00eda zona de aparcamiento y muchos momentos pensados para los m\u00e1s peque\u00f1os. Te lo vas a perder?<br><a href=\"https:\/\/www.facebook.com\/hashtag\/hijosdelcorazon?source=feed_text&amp;epa=HASHTAG&amp;__xts__%5B0%5D=68.ARBPgHqwP5LCRFzbyNMh044GGmy67B1s3qxmX7rtg4UCMk1mqzjZt47nhPwBPi2YwdpYDes9Kn80nrRMvFGzw19k8remd45_9yMfBnmnJhe-qyQLMP-oC1JMvs5V6k_MA_0X1PUsZm_nuRGbYnCzv_zefLonpm73Bg3eJCwLoRRImZt6Jw2pTavjXsNLWEE50fjKOBa56fdC9KRTfaUDohLLQTcYfeltoJM14K4yadYyin1H0Tlokw76fuv43VGSIcfK8xUtO-eYu2d1p_pVW6RjxGurGIuNjnO-qYVTsF9r7KXcPn-1_CNUrAiP-EimMVyccv2bT5j9AQpoV3mA_16pwg&amp;__tn__=%2ANK-R\">#hijosdelcorazon<\/a><a href=\"https:\/\/www.facebook.com\/hashtag\/hazloposible?source=feed_text&amp;epa=HASHTAG&amp;__xts__%5B0%5D=68.ARBPgHqwP5LCRFzbyNMh044GGmy67B1s3qxmX7rtg4UCMk1mqzjZt47nhPwBPi2YwdpYDes9Kn80nrRMvFGzw19k8remd45_9yMfBnmnJhe-qyQLMP-oC1JMvs5V6k_MA_0X1PUsZm_nuRGbYnCzv_zefLonpm73Bg3eJCwLoRRImZt6Jw2pTavjXsNLWEE50fjKOBa56fdC9KRTfaUDohLLQTcYfeltoJM14K4yadYyin1H0Tlokw76fuv43VGSIcfK8xUtO-eYu2d1p_pVW6RjxGurGIuNjnO-qYVTsF9r7KXcPn-1_CNUrAiP-EimMVyccv2bT5j9AQpoV3mA_16pwg&amp;__tn__=%2ANK-R\">#hazloposible<\/a><a href=\"https:\/\/www.facebook.com\/hashtag\/bonaresbuenagente?source=feed_text&amp;epa=HASHTAG&amp;__xts__%5B0%5D=68.ARBPgHqwP5LCRFzbyNMh044GGmy67B1s3qxmX7rtg4UCMk1mqzjZt47nhPwBPi2YwdpYDes9Kn80nrRMvFGzw19k8remd45_9yMfBnmnJhe-qyQLMP-oC1JMvs5V6k_MA_0X1PUsZm_nuRGbYnCzv_zefLonpm73Bg3eJCwLoRRImZt6Jw2pTavjXsNLWEE50fjKOBa56fdC9KRTfaUDohLLQTcYfeltoJM14K4yadYyin1H0Tlokw76fuv43VGSIcfK8xUtO-eYu2d1p_pVW6RjxGurGIuNjnO-qYVTsF9r7KXcPn-1_CNUrAiP-EimMVyccv2bT5j9AQpoV3mA_16pwg&amp;__tn__=%2ANK-R\">#bonaresbuenagente<\/a><br><a href=\"https:\/\/www.facebook.com\/juande.jaenmoreno?__tn__=K-R&amp;eid=ARBw7x4d72rsD0dcKAV3JNZpi8Z_CemopXN1Uh96l80ZiV5HKCAuuaw_dsaZ6hqAIyvhmx6bcOtC4O7m&amp;fref=mentions&amp;__xts__%5B0%5D=68.ARBPgHqwP5LCRFzbyNMh044GGmy67B1s3qxmX7rtg4UCMk1mqzjZt47nhPwBPi2YwdpYDes9Kn80nrRMvFGzw19k8remd45_9yMfBnmnJhe-qyQLMP-oC1JMvs5V6k_MA_0X1PUsZm_nuRGbYnCzv_zefLonpm73Bg3eJCwLoRRImZt6Jw2pTavjXsNLWEE50fjKOBa56fdC9KRTfaUDohLLQTcYfeltoJM14K4yadYyin1H0Tlokw76fuv43VGSIcfK8xUtO-eYu2d1p_pVW6RjxGurGIuNjnO-qYVTsF9r7KXcPn-1_CNUrAiP-EimMVyccv2bT5j9AQpoV3mA_16pwg\">Juande Jaen Moreno<\/a><br><a href=\"https:\/\/www.facebook.com\/Ayuntamiento-de-Bonares-828403207275329\/?__tn__=K-R&amp;eid=ARABmAR1JOfZ8xrfHB0yZAKbyiP7oxmeHPbSd331kqhBUJ7ilJssfUsGwhMNgKq9nXU_s2NhCQx6g4em&amp;fref=mentions&amp;__xts__%5B0%5D=68.ARBPgHqwP5LCRFzbyNMh044GGmy67B1s3qxmX7rtg4UCMk1mqzjZt47nhPwBPi2YwdpYDes9Kn80nrRMvFGzw19k8remd45_9yMfBnmnJhe-qyQLMP-oC1JMvs5V6k_MA_0X1PUsZm_nuRGbYnCzv_zefLonpm73Bg3eJCwLoRRImZt6Jw2pTavjXsNLWEE50fjKOBa56fdC9KRTfaUDohLLQTcYfeltoJM14K4yadYyin1H0Tlokw76fuv43VGSIcfK8xUtO-eYu2d1p_pVW6RjxGurGIuNjnO-qYVTsF9r7KXcPn-1_CNUrAiP-EimMVyccv2bT5j9AQpoV3mA_16pwg\">Ayuntamiento de Bonares<\/a><br><a href=\"https:\/\/www.facebook.com\/tejiendoenvitoria\/?__tn__=K-R&amp;eid=ARCcPUtEfSYk4wet-uBbAjZcNDxIznECadHq08Iah9yfuOa5Ab0JVZq8yKy716z09o7afEjmpd6LkUVy&amp;fref=mentions&amp;__xts__%5B0%5D=68.ARBPgHqwP5LCRFzbyNMh044GGmy67B1s3qxmX7rtg4UCMk1mqzjZt47nhPwBPi2YwdpYDes9Kn80nrRMvFGzw19k8remd45_9yMfBnmnJhe-qyQLMP-oC1JMvs5V6k_MA_0X1PUsZm_nuRGbYnCzv_zefLonpm73Bg3eJCwLoRRImZt6Jw2pTavjXsNLWEE50fjKOBa56fdC9KRTfaUDohLLQTcYfeltoJM14K4yadYyin1H0Tlokw76fuv43VGSIcfK8xUtO-eYu2d1p_pVW6RjxGurGIuNjnO-qYVTsF9r7KXcPn-1_CNUrAiP-EimMVyccv2bT5j9AQpoV3mA_16pwg\">Tejiendo en Vitoria<\/a><\/p>\n\n\n\n<figure class=\"wp-block-image\"><img loading=\"lazy\" decoding=\"async\" width=\"616\" height=\"863\" src=\"https:\/\/www.asnia.es\/wp-content\/uploads\/2019\/05\/52146401_2202214336761553_3631995418339966976_n.jpg\" alt=\"\" class=\"wp-image-6326\" srcset=\"https:\/\/www.asnia.es\/wp-content\/uploads\/2019\/05\/52146401_2202214336761553_3631995418339966976_n.jpg 616w, https:\/\/www.asnia.es\/wp-content\/uploads\/2019\/05\/52146401_2202214336761553_3631995418339966976_n-214x300.jpg 214w\" sizes=\"auto, (max-width: 616px) 100vw, 616px\" \/><\/figure>\n","protected":false},"excerpt":{"rendered":"<p>Tras la experiencia de la V volvemos a esta VI Edici\u00f3n. Vis\u00edtanos. Ser\u00e1n unos d\u00edas cargados de sorpresas , diversi\u00f3n, buen ambiente y buenas muestras. Entrada gratuita, ampl\u00eda zona de aparcamiento y muchos momentos pensados para los m\u00e1s peque\u00f1os. Te lo vas a perder?#hijosdelcorazon#hazloposible#bonaresbuenagenteJuande Jaen MorenoAyuntamiento de BonaresTejiendo en Vitoria<\/p>\n","protected":false},"author":1,"featured_media":0,"comment_status":"open","ping_status":"open","sticky":false,"template":"","format":"standard","meta":{"ngg_post_thumbnail":0,"footnotes":""},"categories":[1,22,28],"tags":[],"class_list":["post-6325","post","type-post","status-publish","format-standard","hentry","category-general","category-noticias-exposiciones-y-documentales","category-programa-2019","item-wrap"],"_links":{"self":[{"href":"https:\/\/www.asnia.es\/index.php?rest_route=\/wp\/v2\/posts\/6325","targetHints":{"allow":["GET"]}}],"collection":[{"href":"https:\/\/www.asnia.es\/index.php?rest_route=\/wp\/v2\/posts"}],"about":[{"href":"https:\/\/www.asnia.es\/index.php?rest_route=\/wp\/v2\/types\/post"}],"author":[{"embeddable":true,"href":"https:\/\/www.asnia.es\/index.php?rest_route=\/wp\/v2\/users\/1"}],"replies":[{"embeddable":true,"href":"https:\/\/www.asnia.es\/index.php?rest_route=%2Fwp%2Fv2%2Fcomments&post=6325"}],"version-history":[{"count":1,"href":"https:\/\/www.asnia.es\/index.php?rest_route=\/wp\/v2\/posts\/6325\/revisions"}],"predecessor-version":[{"id":6327,"href":"https:\/\/www.asnia.es\/index.php?rest_route=\/wp\/v2\/posts\/6325\/revisions\/6327"}],"wp:attachment":[{"href":"https:\/\/www.asnia.es\/index.php?rest_route=%2Fwp%2Fv2%2Fmedia&parent=6325"}],"wp:term":[{"taxonomy":"category","embeddable":true,"href":"https:\/\/www.asnia.es\/index.php?rest_route=%2Fwp%2Fv2%2Fcategories&post=6325"},{"taxonomy":"post_tag","embeddable":true,"href":"https:\/\/www.asnia.es\/index.php?rest_route=%2Fwp%2Fv2%2Ftags&post=6325"}],"curies":[{"name":"wp","href":"https:\/\/api.w.org\/{rel}","templated":true}]}}