{"id":6293,"date":"2019-01-07T11:58:39","date_gmt":"2019-01-07T10:58:39","guid":{"rendered":"https:\/\/www.asnia.es\/?p=6293"},"modified":"2019-01-25T12:02:55","modified_gmt":"2019-01-25T11:02:55","slug":"navidad-ortodoxa","status":"publish","type":"post","link":"https:\/\/www.asnia.es\/?p=6293","title":{"rendered":"Navidad Ortodoxa"},"content":{"rendered":"\n<p>C \u0420\u043e\u0436\u0434\u0435\u0441\u0442\u0432\u043e\u043c \u0425\u0440\u0438\u0441\u0442\u043e\u0432\u044b\u043c!<br>\u0421\u0447\u0430\u0441\u0442\u043b\u0438\u0432\u043e\u0433\u043e \u0420\u043e\u0436\u0434\u0435\u0441\u0442\u0432\u0430!<\/p>\n\n\n\n<p>FELIZ NAVIDAD ORTODOXA A TODO EL PUEBLO BIELORRUSO!!!<\/p>\n\n\n\n<p>Especialmente a todos nuestros ni\u00f1@s, a nuestro monitor&nbsp;<a href=\"https:\/\/www.facebook.com\/mijail.mardyko?__tn__=K-R&amp;eid=ARA3_AHtmKyagy8h9-LwPFqN7TC-7IxpmKn9RdadyMOapAOBVgK3YN-yg75tLBkhlsF91GVKbtjwmEHX&amp;fref=mentions&amp;__xts__%5B0%5D=68.ARCZ84kKk0kDNuKf5pt604InGF7OV5ImvC-o2yKvAOiGoQnuteVhViEy26O4Pq56R5neePzWP5lj-fxaIHKDI5CBrC6UvHYi0QCc4DE_7I8sxYre0Y4ao7W337ui-RgFkTVCL_W4LTbPS8fzBQl5crflOEYuMwc9yXgSDfF1iaTaARQPEAlrznb-R0rtsiikcRec-IQ4fyudFDY9Ks86ZYS_BWknMNUuX4ISP1aZQlPFtA8vR_FjuVnXgzsyVnnhmCSYm6dNifLlpxyKLRav-AZSdgj_wPrWTIA3Yc0yG29_UGggSiExqiDPyPoFTM45rV2ouoZLsoF2EyiIjUsUsLfdXQ\">Mijail Mardyko<\/a>&nbsp;y sus familias, a nuestra fundaci\u00f3n bielorrusa ASAMIB, a todos los voluntarios, a nuestro colaborador y amigo&nbsp;<a href=\"https:\/\/www.facebook.com\/profile.php?id=100001523364853&amp;__tn__=K-R&amp;eid=ARBH4ECBmKgM8B0xPFBLs0WTGNH6Txt7BeEVYm5UGOi8f6QjcUfiha4ZEG7EHmMcyBRTRoD3lrDvx3_r&amp;fref=mentions&amp;__xts__%5B0%5D=68.ARCZ84kKk0kDNuKf5pt604InGF7OV5ImvC-o2yKvAOiGoQnuteVhViEy26O4Pq56R5neePzWP5lj-fxaIHKDI5CBrC6UvHYi0QCc4DE_7I8sxYre0Y4ao7W337ui-RgFkTVCL_W4LTbPS8fzBQl5crflOEYuMwc9yXgSDfF1iaTaARQPEAlrznb-R0rtsiikcRec-IQ4fyudFDY9Ks86ZYS_BWknMNUuX4ISP1aZQlPFtA8vR_FjuVnXgzsyVnnhmCSYm6dNifLlpxyKLRav-AZSdgj_wPrWTIA3Yc0yG29_UGggSiExqiDPyPoFTM45rV2ouoZLsoF2EyiIjUsUsLfdXQ\">\u0410\u043b\u0435\u043a\u0441\u0435\u0439 \u041d\u0435\u0441\u0442\u0435\u0440\u0435\u043d\u043a\u043e<\/a>&nbsp;y su equipo del Instituto Belrad y tambi\u00e9n a todos los amigos que nos esperan cada a\u00f1o y hacen que nos sintamos como en casa cada vez que visitamos este querido pa\u00eds.<\/p>\n\n\n\n<div class=\"wp-block-image\"><figure class=\"aligncenter\"><img loading=\"lazy\" decoding=\"async\" width=\"433\" height=\"256\" src=\"https:\/\/www.asnia.es\/wp-content\/uploads\/2019\/01\/49844058_2050846308343486_1332151898618200064_n.jpg\" alt=\"\" class=\"wp-image-6294\" srcset=\"https:\/\/www.asnia.es\/wp-content\/uploads\/2019\/01\/49844058_2050846308343486_1332151898618200064_n.jpg 433w, https:\/\/www.asnia.es\/wp-content\/uploads\/2019\/01\/49844058_2050846308343486_1332151898618200064_n-300x177.jpg 300w\" sizes=\"auto, (max-width: 433px) 100vw, 433px\" \/><\/figure><\/div>\n","protected":false},"excerpt":{"rendered":"<p>C \u0420\u043e\u0436\u0434\u0435\u0441\u0442\u0432\u043e\u043c \u0425\u0440\u0438\u0441\u0442\u043e\u0432\u044b\u043c!\u0421\u0447\u0430\u0441\u0442\u043b\u0438\u0432\u043e\u0433\u043e \u0420\u043e\u0436\u0434\u0435\u0441\u0442\u0432\u0430! FELIZ NAVIDAD ORTODOXA A TODO EL PUEBLO BIELORRUSO!!! Especialmente a todos nuestros ni\u00f1@s, a nuestro monitor&nbsp;Mijail Mardyko&nbsp;y sus familias, a nuestra fundaci\u00f3n bielorrusa ASAMIB, a todos los voluntarios, a nuestro colaborador y amigo&nbsp;\u0410\u043b\u0435\u043a\u0441\u0435\u0439 \u041d\u0435\u0441\u0442\u0435\u0440\u0435\u043d\u043a\u043e&nbsp;y su equipo del Instituto Belrad y tambi\u00e9n a todos los amigos que nos esperan cada a\u00f1o y &hellip; <\/p>\n<p><a class=\"more-link btn\" href=\"https:\/\/www.asnia.es\/?p=6293\">Seguir leyendo<\/a><\/p>\n","protected":false},"author":1,"featured_media":0,"comment_status":"open","ping_status":"open","sticky":false,"template":"","format":"standard","meta":{"ngg_post_thumbnail":0,"footnotes":""},"categories":[1,22,27],"tags":[],"class_list":["post-6293","post","type-post","status-publish","format-standard","hentry","category-general","category-noticias-exposiciones-y-documentales","category-programa-2018","item-wrap"],"_links":{"self":[{"href":"https:\/\/www.asnia.es\/index.php?rest_route=\/wp\/v2\/posts\/6293","targetHints":{"allow":["GET"]}}],"collection":[{"href":"https:\/\/www.asnia.es\/index.php?rest_route=\/wp\/v2\/posts"}],"about":[{"href":"https:\/\/www.asnia.es\/index.php?rest_route=\/wp\/v2\/types\/post"}],"author":[{"embeddable":true,"href":"https:\/\/www.asnia.es\/index.php?rest_route=\/wp\/v2\/users\/1"}],"replies":[{"embeddable":true,"href":"https:\/\/www.asnia.es\/index.php?rest_route=%2Fwp%2Fv2%2Fcomments&post=6293"}],"version-history":[{"count":3,"href":"https:\/\/www.asnia.es\/index.php?rest_route=\/wp\/v2\/posts\/6293\/revisions"}],"predecessor-version":[{"id":6297,"href":"https:\/\/www.asnia.es\/index.php?rest_route=\/wp\/v2\/posts\/6293\/revisions\/6297"}],"wp:attachment":[{"href":"https:\/\/www.asnia.es\/index.php?rest_route=%2Fwp%2Fv2%2Fmedia&parent=6293"}],"wp:term":[{"taxonomy":"category","embeddable":true,"href":"https:\/\/www.asnia.es\/index.php?rest_route=%2Fwp%2Fv2%2Fcategories&post=6293"},{"taxonomy":"post_tag","embeddable":true,"href":"https:\/\/www.asnia.es\/index.php?rest_route=%2Fwp%2Fv2%2Ftags&post=6293"}],"curies":[{"name":"wp","href":"https:\/\/api.w.org\/{rel}","templated":true}]}}