{"id":6290,"date":"2019-01-02T11:56:35","date_gmt":"2019-01-02T10:56:35","guid":{"rendered":"https:\/\/www.asnia.es\/?p=6290"},"modified":"2019-01-25T11:58:36","modified_gmt":"2019-01-25T10:58:36","slug":"mercadillo-solidario-de-reyes-en-bonares","status":"publish","type":"post","link":"https:\/\/www.asnia.es\/?p=6290","title":{"rendered":"Mercadillo Solidario de Reyes en Bonares"},"content":{"rendered":"\n<p>Hasta el pr\u00f3ximo viernes esteremos en el mercadillo navide\u00f1o en la Plaza de ESPA\u00d1A en Bonares. Horario ininterrumpido de 12 de la ma\u00f1ana a 9 de la noche. Te esperamos&#8230;.igual te falta alg\u00fan detalle solidario para regalar&#8230; si es as\u00ed, hazlo en nuestra parada y cambiar\u00e1s la vida de un ni\u00f1@. Fondos recaudados destinados \u00edntegramente al proyecto de oncolog\u00eda infantil&nbsp;<a href=\"https:\/\/www.facebook.com\/hashtag\/hijosdelcorazon?source=feed_text&amp;epa=HASHTAG&amp;__xts__%5B0%5D=68.ARB6VUcrJds1e-_kKPzqG6itrrummoy2Y5Nfvjw8IYhF1Z_y0cnPUKUf15mwkhy6Ao2Gl3Y1-6VZ0ySb2fTy-hQdu6JHdwUzGDpTbPfumeLdBas0v3J-opm3E5RXYvk8ShxG9GHIiFOh5v8reXNImxbWvJpNhqkuMXdaXCuQDwbXEf8NdX8QGhWSv1R0onciKY3NV_wDzB6YacoG4yxNLOU1a_xVGjGwuZONUbwYYp8btUlRW-_SmE4DN1Pu80dM3mIGD2TuHf1KrwRzcgQJ-wrG80AjxsuTaDXYlxVx49Rg9tkD0ysHOETiO_DSUuJTMyjynaLtJGkVqv2Y74tWha9w_Q&amp;__tn__=%2ANK-R\">#hijosdelcorazon<\/a><\/p>\n\n\n\n<figure class=\"wp-block-image\"><img loading=\"lazy\" decoding=\"async\" width=\"750\" height=\"538\" src=\"https:\/\/www.asnia.es\/wp-content\/uploads\/2019\/01\/49265728_2045559755538808_4049618341482987520_n.jpg\" alt=\"\" class=\"wp-image-6291\" srcset=\"https:\/\/www.asnia.es\/wp-content\/uploads\/2019\/01\/49265728_2045559755538808_4049618341482987520_n.jpg 750w, https:\/\/www.asnia.es\/wp-content\/uploads\/2019\/01\/49265728_2045559755538808_4049618341482987520_n-300x215.jpg 300w\" sizes=\"auto, (max-width: 750px) 100vw, 750px\" \/><\/figure>\n\n\n\n<p><a href=\"https:\/\/www.facebook.com\/hashtag\/hacesfalta?source=feed_text&amp;epa=HASHTAG&amp;__xts__%5B0%5D=68.ARB6VUcrJds1e-_kKPzqG6itrrummoy2Y5Nfvjw8IYhF1Z_y0cnPUKUf15mwkhy6Ao2Gl3Y1-6VZ0ySb2fTy-hQdu6JHdwUzGDpTbPfumeLdBas0v3J-opm3E5RXYvk8ShxG9GHIiFOh5v8reXNImxbWvJpNhqkuMXdaXCuQDwbXEf8NdX8QGhWSv1R0onciKY3NV_wDzB6YacoG4yxNLOU1a_xVGjGwuZONUbwYYp8btUlRW-_SmE4DN1Pu80dM3mIGD2TuHf1KrwRzcgQJ-wrG80AjxsuTaDXYlxVx49Rg9tkD0ysHOETiO_DSUuJTMyjynaLtJGkVqv2Y74tWha9w_Q&amp;__tn__=%2ANK-R\">#hacesfalta<\/a>&nbsp;<a href=\"https:\/\/www.facebook.com\/hashtag\/hazloposible?source=feed_text&amp;epa=HASHTAG&amp;__xts__%5B0%5D=68.ARB6VUcrJds1e-_kKPzqG6itrrummoy2Y5Nfvjw8IYhF1Z_y0cnPUKUf15mwkhy6Ao2Gl3Y1-6VZ0ySb2fTy-hQdu6JHdwUzGDpTbPfumeLdBas0v3J-opm3E5RXYvk8ShxG9GHIiFOh5v8reXNImxbWvJpNhqkuMXdaXCuQDwbXEf8NdX8QGhWSv1R0onciKY3NV_wDzB6YacoG4yxNLOU1a_xVGjGwuZONUbwYYp8btUlRW-_SmE4DN1Pu80dM3mIGD2TuHf1KrwRzcgQJ-wrG80AjxsuTaDXYlxVx49Rg9tkD0ysHOETiO_DSUuJTMyjynaLtJGkVqv2Y74tWha9w_Q&amp;__tn__=%2ANK-R\">#hazloposible<\/a>&nbsp;<a href=\"https:\/\/www.facebook.com\/hashtag\/bonaresbuenagente?source=feed_text&amp;epa=HASHTAG&amp;__xts__%5B0%5D=68.ARB6VUcrJds1e-_kKPzqG6itrrummoy2Y5Nfvjw8IYhF1Z_y0cnPUKUf15mwkhy6Ao2Gl3Y1-6VZ0ySb2fTy-hQdu6JHdwUzGDpTbPfumeLdBas0v3J-opm3E5RXYvk8ShxG9GHIiFOh5v8reXNImxbWvJpNhqkuMXdaXCuQDwbXEf8NdX8QGhWSv1R0onciKY3NV_wDzB6YacoG4yxNLOU1a_xVGjGwuZONUbwYYp8btUlRW-_SmE4DN1Pu80dM3mIGD2TuHf1KrwRzcgQJ-wrG80AjxsuTaDXYlxVx49Rg9tkD0ysHOETiO_DSUuJTMyjynaLtJGkVqv2Y74tWha9w_Q&amp;__tn__=%2ANK-R\">#bonaresbuenagente<\/a><br><a href=\"https:\/\/www.facebook.com\/Ayuntamiento-de-Bonares-828403207275329\/?__tn__=K-R&amp;eid=ARB-lyX89XywQoW6p3i8cVKl72Ydg0iVKULZ8skAWZEIzlUzriXSirDGXRqK8IkrqLxq3VQ4oqGLZC0l&amp;fref=mentions&amp;__xts__%5B0%5D=68.ARB6VUcrJds1e-_kKPzqG6itrrummoy2Y5Nfvjw8IYhF1Z_y0cnPUKUf15mwkhy6Ao2Gl3Y1-6VZ0ySb2fTy-hQdu6JHdwUzGDpTbPfumeLdBas0v3J-opm3E5RXYvk8ShxG9GHIiFOh5v8reXNImxbWvJpNhqkuMXdaXCuQDwbXEf8NdX8QGhWSv1R0onciKY3NV_wDzB6YacoG4yxNLOU1a_xVGjGwuZONUbwYYp8btUlRW-_SmE4DN1Pu80dM3mIGD2TuHf1KrwRzcgQJ-wrG80AjxsuTaDXYlxVx49Rg9tkD0ysHOETiO_DSUuJTMyjynaLtJGkVqv2Y74tWha9w_Q\">Ayuntamiento de Bonares<\/a><br><a href=\"https:\/\/www.facebook.com\/juande.jaenmoreno?__tn__=K-R&amp;eid=ARCxnu4rOwhjKST3ON2MTzIlD4gHgfDRSXwOa6oVkYqknDviTKheTKyhcU0NQRArxzDnrWZ5f0xU77pR&amp;fref=mentions&amp;__xts__%5B0%5D=68.ARB6VUcrJds1e-_kKPzqG6itrrummoy2Y5Nfvjw8IYhF1Z_y0cnPUKUf15mwkhy6Ao2Gl3Y1-6VZ0ySb2fTy-hQdu6JHdwUzGDpTbPfumeLdBas0v3J-opm3E5RXYvk8ShxG9GHIiFOh5v8reXNImxbWvJpNhqkuMXdaXCuQDwbXEf8NdX8QGhWSv1R0onciKY3NV_wDzB6YacoG4yxNLOU1a_xVGjGwuZONUbwYYp8btUlRW-_SmE4DN1Pu80dM3mIGD2TuHf1KrwRzcgQJ-wrG80AjxsuTaDXYlxVx49Rg9tkD0ysHOETiO_DSUuJTMyjynaLtJGkVqv2Y74tWha9w_Q\">Juande Jaen Moreno<\/a><br><a href=\"https:\/\/www.facebook.com\/tejiendoenvitoria\/?__tn__=K-R&amp;eid=ARDsX6t7zYJK-1LgQpOrBaXOPBcYYS4HmcRBMEeJDeKDY7Wt1ZFniBbTy7C_S8jAJnTUyciZI8jRaEqg&amp;fref=mentions&amp;__xts__%5B0%5D=68.ARB6VUcrJds1e-_kKPzqG6itrrummoy2Y5Nfvjw8IYhF1Z_y0cnPUKUf15mwkhy6Ao2Gl3Y1-6VZ0ySb2fTy-hQdu6JHdwUzGDpTbPfumeLdBas0v3J-opm3E5RXYvk8ShxG9GHIiFOh5v8reXNImxbWvJpNhqkuMXdaXCuQDwbXEf8NdX8QGhWSv1R0onciKY3NV_wDzB6YacoG4yxNLOU1a_xVGjGwuZONUbwYYp8btUlRW-_SmE4DN1Pu80dM3mIGD2TuHf1KrwRzcgQJ-wrG80AjxsuTaDXYlxVx49Rg9tkD0ysHOETiO_DSUuJTMyjynaLtJGkVqv2Y74tWha9w_Q\">Tejiendo en Vitoria<\/a><\/p>\n","protected":false},"excerpt":{"rendered":"<p>Hasta el pr\u00f3ximo viernes esteremos en el mercadillo navide\u00f1o en la Plaza de ESPA\u00d1A en Bonares. Horario ininterrumpido de 12 de la ma\u00f1ana a 9 de la noche. Te esperamos&#8230;.igual te falta alg\u00fan detalle solidario para regalar&#8230; si es as\u00ed, hazlo en nuestra parada y cambiar\u00e1s la vida de un ni\u00f1@. Fondos recaudados destinados \u00edntegramente &hellip; <\/p>\n<p><a class=\"more-link btn\" href=\"https:\/\/www.asnia.es\/?p=6290\">Seguir leyendo<\/a><\/p>\n","protected":false},"author":1,"featured_media":0,"comment_status":"open","ping_status":"open","sticky":false,"template":"","format":"standard","meta":{"ngg_post_thumbnail":0,"footnotes":""},"categories":[1,27],"tags":[],"class_list":["post-6290","post","type-post","status-publish","format-standard","hentry","category-general","category-programa-2018","item-wrap"],"_links":{"self":[{"href":"https:\/\/www.asnia.es\/index.php?rest_route=\/wp\/v2\/posts\/6290","targetHints":{"allow":["GET"]}}],"collection":[{"href":"https:\/\/www.asnia.es\/index.php?rest_route=\/wp\/v2\/posts"}],"about":[{"href":"https:\/\/www.asnia.es\/index.php?rest_route=\/wp\/v2\/types\/post"}],"author":[{"embeddable":true,"href":"https:\/\/www.asnia.es\/index.php?rest_route=\/wp\/v2\/users\/1"}],"replies":[{"embeddable":true,"href":"https:\/\/www.asnia.es\/index.php?rest_route=%2Fwp%2Fv2%2Fcomments&post=6290"}],"version-history":[{"count":1,"href":"https:\/\/www.asnia.es\/index.php?rest_route=\/wp\/v2\/posts\/6290\/revisions"}],"predecessor-version":[{"id":6292,"href":"https:\/\/www.asnia.es\/index.php?rest_route=\/wp\/v2\/posts\/6290\/revisions\/6292"}],"wp:attachment":[{"href":"https:\/\/www.asnia.es\/index.php?rest_route=%2Fwp%2Fv2%2Fmedia&parent=6290"}],"wp:term":[{"taxonomy":"category","embeddable":true,"href":"https:\/\/www.asnia.es\/index.php?rest_route=%2Fwp%2Fv2%2Fcategories&post=6290"},{"taxonomy":"post_tag","embeddable":true,"href":"https:\/\/www.asnia.es\/index.php?rest_route=%2Fwp%2Fv2%2Ftags&post=6290"}],"curies":[{"name":"wp","href":"https:\/\/api.w.org\/{rel}","templated":true}]}}