{"id":6277,"date":"2018-12-19T11:27:47","date_gmt":"2018-12-19T10:27:47","guid":{"rendered":"https:\/\/www.asnia.es\/?p=6277"},"modified":"2019-01-25T11:33:23","modified_gmt":"2019-01-25T10:33:23","slug":"ultimas-puntadas-mercadillo-navidad-diputacion-de-huelva","status":"publish","type":"post","link":"https:\/\/www.asnia.es\/?p=6277","title":{"rendered":"Ultimas Puntadas&#8230;Mercadillo Navidad Diputacion de Huelva"},"content":{"rendered":"\n<p>Hoy hemos dado las \u00faltimas puntadas en nuestro mercadillo solidario de\u00a0<a href=\"https:\/\/www.facebook.com\/DiputaciondeHuelva\/?__tn__=K-R&amp;eid=ARDBrwL9UwpY2VxDgkLW8hWvNtJFKWASELGl0UOOFh5BGMuphePW9CnejsKw7Vcf-NmnLsT8Nivcz92p&amp;fref=mentions&amp;__xts__%5B0%5D=68.ARAyn5p2jMi8RvixMu7eIWuw2NfzdT6Xc4EmYI6j4mQJujX1z-LTtlWyntSxBTuuxMq9tFHBMV1DBiRSMAAAgw-pzHHjaIKO1fr0vsKAQHLm-70eYBiPxc8OXx-mwjZD1wCPW71iQRTdcezZSB8_VY9YFvqAP7QszJOfDtL3J11gV-KC_ah9UB9kv50bOKP3hqvAlyw2WJSU72ClvmWDn7I6hSnVrHFRFNohWVz04elA-iLWkDloOY1qnFwjAQYqKJF80cNnF6gt9cn5kYHIvZQbwYN4vobfHFVj2sotoEUwTMnDcGMObO-riJhG_raSdXHcoJ8HeEKE4i0fTLQGiMMg-A\">Diputaci\u00f3n de Huelva<\/a>. Gracias a la Diputacion por darnos la oportunidad de visibilidad social y sensibilizaci\u00f3n al p\u00fablico de Huelva y provincia, que han colaborado solidariamente con cada uno de los expositores y han contribuido a proyectar la obra social que represent\u00e1bamos mas los proyectos de cooperaci\u00f3n\/ayuda humanitaria que desarrollamos. No podemos olvidar a la Organizaci\u00f3n llevada a cabo por\u00a0<a href=\"https:\/\/www.facebook.com\/pages\/Fomentando-Valores\/500149807162495?__tn__=K-R&amp;eid=ARDK1fx3dVoSjiUta5sX7fYN1XIQEoPPBdTIIt3w0fddBUuAQzArXaOYpWpqCzsqOjvlWivsSvbfa6Q_&amp;fref=mentions&amp;__xts__%5B0%5D=68.ARAyn5p2jMi8RvixMu7eIWuw2NfzdT6Xc4EmYI6j4mQJujX1z-LTtlWyntSxBTuuxMq9tFHBMV1DBiRSMAAAgw-pzHHjaIKO1fr0vsKAQHLm-70eYBiPxc8OXx-mwjZD1wCPW71iQRTdcezZSB8_VY9YFvqAP7QszJOfDtL3J11gV-KC_ah9UB9kv50bOKP3hqvAlyw2WJSU72ClvmWDn7I6hSnVrHFRFNohWVz04elA-iLWkDloOY1qnFwjAQYqKJF80cNnF6gt9cn5kYHIvZQbwYN4vobfHFVj2sotoEUwTMnDcGMObO-riJhG_raSdXHcoJ8HeEKE4i0fTLQGiMMg-A\">Fomentando Valores<\/a>\u00a0y @Yo Soy Cooperaci\u00f3n que han realizado todo el trabajo previo para que el transcurso de la muestra haya sido satisfactorio para todos. Por nuestra parte estamos muy muy satisfecho de los resultados obtenidos en todos los aspectos. Nos volveremos a encontrar el a\u00f1o pr\u00f3ximo en Huelva y a muchos en el pr\u00f3ximo mercadillo solidario de Beas.\u00a0<br><a href=\"https:\/\/www.facebook.com\/oxfam.intermon.huelva\/?__tn__=K-R&amp;eid=ARDvpWfnURzFHllBl7R4TbDS-DN3rLeNFLatIeo0_kmdlNa1TmsZj8j4M5fXpkRfteq3NL5oAXNT6v5t&amp;fref=mentions&amp;__xts__%5B0%5D=68.ARAyn5p2jMi8RvixMu7eIWuw2NfzdT6Xc4EmYI6j4mQJujX1z-LTtlWyntSxBTuuxMq9tFHBMV1DBiRSMAAAgw-pzHHjaIKO1fr0vsKAQHLm-70eYBiPxc8OXx-mwjZD1wCPW71iQRTdcezZSB8_VY9YFvqAP7QszJOfDtL3J11gV-KC_ah9UB9kv50bOKP3hqvAlyw2WJSU72ClvmWDn7I6hSnVrHFRFNohWVz04elA-iLWkDloOY1qnFwjAQYqKJF80cNnF6gt9cn5kYHIvZQbwYN4vobfHFVj2sotoEUwTMnDcGMObO-riJhG_raSdXHcoJ8HeEKE4i0fTLQGiMMg-A\">Oxfam Interm\u00f3n en Huelva<\/a><br><a href=\"https:\/\/www.facebook.com\/asociacionmadrecorajehuelva\/?__tn__=K-R&amp;eid=ARBkRwFwxvyvFurUtS50t5-ZjBl1aeCu3PiX6GEdknssIE8FlpDRhPHdH2XpBY9Skbmr5KDvDh-ZrjIq&amp;fref=mentions&amp;__xts__%5B0%5D=68.ARAyn5p2jMi8RvixMu7eIWuw2NfzdT6Xc4EmYI6j4mQJujX1z-LTtlWyntSxBTuuxMq9tFHBMV1DBiRSMAAAgw-pzHHjaIKO1fr0vsKAQHLm-70eYBiPxc8OXx-mwjZD1wCPW71iQRTdcezZSB8_VY9YFvqAP7QszJOfDtL3J11gV-KC_ah9UB9kv50bOKP3hqvAlyw2WJSU72ClvmWDn7I6hSnVrHFRFNohWVz04elA-iLWkDloOY1qnFwjAQYqKJF80cNnF6gt9cn5kYHIvZQbwYN4vobfHFVj2sotoEUwTMnDcGMObO-riJhG_raSdXHcoJ8HeEKE4i0fTLQGiMMg-A\">Asociaci\u00f3n Madre Coraje Huelva<\/a><br><a href=\"https:\/\/www.facebook.com\/CaritasDiocesanaHuelva\/?__tn__=K-R&amp;eid=ARAFA4zwSwvtLaqaetl3lE8SrFius18ZV-EvE4y2LNDWZvAihVwHlr7ogm4mLgmbvJZeQUKJUbWtSr6u&amp;fref=mentions&amp;__xts__%5B0%5D=68.ARAyn5p2jMi8RvixMu7eIWuw2NfzdT6Xc4EmYI6j4mQJujX1z-LTtlWyntSxBTuuxMq9tFHBMV1DBiRSMAAAgw-pzHHjaIKO1fr0vsKAQHLm-70eYBiPxc8OXx-mwjZD1wCPW71iQRTdcezZSB8_VY9YFvqAP7QszJOfDtL3J11gV-KC_ah9UB9kv50bOKP3hqvAlyw2WJSU72ClvmWDn7I6hSnVrHFRFNohWVz04elA-iLWkDloOY1qnFwjAQYqKJF80cNnF6gt9cn5kYHIvZQbwYN4vobfHFVj2sotoEUwTMnDcGMObO-riJhG_raSdXHcoJ8HeEKE4i0fTLQGiMMg-A\">C\u00e1ritas Diocesana de Huelva<\/a><br><a href=\"https:\/\/www.facebook.com\/asociacionhuelvaconelsahara00\/?__tn__=K-R&amp;eid=ARCYMTCUH6FAFK0K9LM0DVj_PRGF5WY40yuAwiHYjek-vqh_Mui8JoY9vmo8iikWk-XmBr8Fi1AVNtQR&amp;fref=mentions&amp;__xts__%5B0%5D=68.ARAyn5p2jMi8RvixMu7eIWuw2NfzdT6Xc4EmYI6j4mQJujX1z-LTtlWyntSxBTuuxMq9tFHBMV1DBiRSMAAAgw-pzHHjaIKO1fr0vsKAQHLm-70eYBiPxc8OXx-mwjZD1wCPW71iQRTdcezZSB8_VY9YFvqAP7QszJOfDtL3J11gV-KC_ah9UB9kv50bOKP3hqvAlyw2WJSU72ClvmWDn7I6hSnVrHFRFNohWVz04elA-iLWkDloOY1qnFwjAQYqKJF80cNnF6gt9cn5kYHIvZQbwYN4vobfHFVj2sotoEUwTMnDcGMObO-riJhG_raSdXHcoJ8HeEKE4i0fTLQGiMMg-A\">Asociaci\u00f3n Huelva con el Sahara<\/a><br><a href=\"https:\/\/www.facebook.com\/traperoshuelva\/?__tn__=K-R&amp;eid=ARANTs7K_aB98U82DVWwh7vWWUnHHBxND2eKJ-v766f1XRkfHiBpPgNyz1-ZoL3y22xXj_d8v3Sg2Pbp&amp;fref=mentions&amp;__xts__%5B0%5D=68.ARAyn5p2jMi8RvixMu7eIWuw2NfzdT6Xc4EmYI6j4mQJujX1z-LTtlWyntSxBTuuxMq9tFHBMV1DBiRSMAAAgw-pzHHjaIKO1fr0vsKAQHLm-70eYBiPxc8OXx-mwjZD1wCPW71iQRTdcezZSB8_VY9YFvqAP7QszJOfDtL3J11gV-KC_ah9UB9kv50bOKP3hqvAlyw2WJSU72ClvmWDn7I6hSnVrHFRFNohWVz04elA-iLWkDloOY1qnFwjAQYqKJF80cNnF6gt9cn5kYHIvZQbwYN4vobfHFVj2sotoEUwTMnDcGMObO-riJhG_raSdXHcoJ8HeEKE4i0fTLQGiMMg-A\">Traperos de Ema\u00fas Huelva<\/a><br>@Fundacion Vicente Ferrer<\/p>\n\n\n\n<p><a href=\"https:\/\/www.facebook.com\/hashtag\/hijosdelcorazon?source=feed_text&amp;epa=HASHTAG&amp;__xts__%5B0%5D=68.ARAyn5p2jMi8RvixMu7eIWuw2NfzdT6Xc4EmYI6j4mQJujX1z-LTtlWyntSxBTuuxMq9tFHBMV1DBiRSMAAAgw-pzHHjaIKO1fr0vsKAQHLm-70eYBiPxc8OXx-mwjZD1wCPW71iQRTdcezZSB8_VY9YFvqAP7QszJOfDtL3J11gV-KC_ah9UB9kv50bOKP3hqvAlyw2WJSU72ClvmWDn7I6hSnVrHFRFNohWVz04elA-iLWkDloOY1qnFwjAQYqKJF80cNnF6gt9cn5kYHIvZQbwYN4vobfHFVj2sotoEUwTMnDcGMObO-riJhG_raSdXHcoJ8HeEKE4i0fTLQGiMMg-A&amp;__tn__=%2ANK-R\">#hijosdelcorazon<\/a>&nbsp;<a href=\"https:\/\/www.facebook.com\/hashtag\/hacesfalta?source=feed_text&amp;epa=HASHTAG&amp;__xts__%5B0%5D=68.ARAyn5p2jMi8RvixMu7eIWuw2NfzdT6Xc4EmYI6j4mQJujX1z-LTtlWyntSxBTuuxMq9tFHBMV1DBiRSMAAAgw-pzHHjaIKO1fr0vsKAQHLm-70eYBiPxc8OXx-mwjZD1wCPW71iQRTdcezZSB8_VY9YFvqAP7QszJOfDtL3J11gV-KC_ah9UB9kv50bOKP3hqvAlyw2WJSU72ClvmWDn7I6hSnVrHFRFNohWVz04elA-iLWkDloOY1qnFwjAQYqKJF80cNnF6gt9cn5kYHIvZQbwYN4vobfHFVj2sotoEUwTMnDcGMObO-riJhG_raSdXHcoJ8HeEKE4i0fTLQGiMMg-A&amp;__tn__=%2ANK-R\">#hacesfalta<\/a>&nbsp;<a href=\"https:\/\/www.facebook.com\/hashtag\/hazloposible?source=feed_text&amp;epa=HASHTAG&amp;__xts__%5B0%5D=68.ARAyn5p2jMi8RvixMu7eIWuw2NfzdT6Xc4EmYI6j4mQJujX1z-LTtlWyntSxBTuuxMq9tFHBMV1DBiRSMAAAgw-pzHHjaIKO1fr0vsKAQHLm-70eYBiPxc8OXx-mwjZD1wCPW71iQRTdcezZSB8_VY9YFvqAP7QszJOfDtL3J11gV-KC_ah9UB9kv50bOKP3hqvAlyw2WJSU72ClvmWDn7I6hSnVrHFRFNohWVz04elA-iLWkDloOY1qnFwjAQYqKJF80cNnF6gt9cn5kYHIvZQbwYN4vobfHFVj2sotoEUwTMnDcGMObO-riJhG_raSdXHcoJ8HeEKE4i0fTLQGiMMg-A&amp;__tn__=%2ANK-R\">#hazloposible<\/a><\/p>\n\n\n\n<figure class=\"wp-block-image\"><img loading=\"lazy\" decoding=\"async\" width=\"960\" height=\"720\" src=\"https:\/\/www.asnia.es\/wp-content\/uploads\/2019\/01\/48390656_2025861414175309_5917915878153781248_n.jpg\" alt=\"\" class=\"wp-image-6278\" srcset=\"https:\/\/www.asnia.es\/wp-content\/uploads\/2019\/01\/48390656_2025861414175309_5917915878153781248_n.jpg 960w, https:\/\/www.asnia.es\/wp-content\/uploads\/2019\/01\/48390656_2025861414175309_5917915878153781248_n-300x225.jpg 300w, https:\/\/www.asnia.es\/wp-content\/uploads\/2019\/01\/48390656_2025861414175309_5917915878153781248_n-768x576.jpg 768w\" sizes=\"auto, (max-width: 960px) 100vw, 960px\" \/><\/figure>\n","protected":false},"excerpt":{"rendered":"<p>Hoy hemos dado las \u00faltimas puntadas en nuestro mercadillo solidario de\u00a0Diputaci\u00f3n de Huelva. Gracias a la Diputacion por darnos la oportunidad de visibilidad social y sensibilizaci\u00f3n al p\u00fablico de Huelva y provincia, que han colaborado solidariamente con cada uno de los expositores y han contribuido a proyectar la obra social que represent\u00e1bamos mas los proyectos &hellip; <\/p>\n<p><a class=\"more-link btn\" href=\"https:\/\/www.asnia.es\/?p=6277\">Seguir leyendo<\/a><\/p>\n","protected":false},"author":1,"featured_media":0,"comment_status":"open","ping_status":"open","sticky":false,"template":"","format":"standard","meta":{"ngg_post_thumbnail":0,"footnotes":""},"categories":[1,27],"tags":[],"class_list":["post-6277","post","type-post","status-publish","format-standard","hentry","category-general","category-programa-2018","item-wrap"],"_links":{"self":[{"href":"https:\/\/www.asnia.es\/index.php?rest_route=\/wp\/v2\/posts\/6277","targetHints":{"allow":["GET"]}}],"collection":[{"href":"https:\/\/www.asnia.es\/index.php?rest_route=\/wp\/v2\/posts"}],"about":[{"href":"https:\/\/www.asnia.es\/index.php?rest_route=\/wp\/v2\/types\/post"}],"author":[{"embeddable":true,"href":"https:\/\/www.asnia.es\/index.php?rest_route=\/wp\/v2\/users\/1"}],"replies":[{"embeddable":true,"href":"https:\/\/www.asnia.es\/index.php?rest_route=%2Fwp%2Fv2%2Fcomments&post=6277"}],"version-history":[{"count":2,"href":"https:\/\/www.asnia.es\/index.php?rest_route=\/wp\/v2\/posts\/6277\/revisions"}],"predecessor-version":[{"id":6281,"href":"https:\/\/www.asnia.es\/index.php?rest_route=\/wp\/v2\/posts\/6277\/revisions\/6281"}],"wp:attachment":[{"href":"https:\/\/www.asnia.es\/index.php?rest_route=%2Fwp%2Fv2%2Fmedia&parent=6277"}],"wp:term":[{"taxonomy":"category","embeddable":true,"href":"https:\/\/www.asnia.es\/index.php?rest_route=%2Fwp%2Fv2%2Fcategories&post=6277"},{"taxonomy":"post_tag","embeddable":true,"href":"https:\/\/www.asnia.es\/index.php?rest_route=%2Fwp%2Fv2%2Ftags&post=6277"}],"curies":[{"name":"wp","href":"https:\/\/api.w.org\/{rel}","templated":true}]}}