{"id":6271,"date":"2018-12-17T11:19:43","date_gmt":"2018-12-17T10:19:43","guid":{"rendered":"https:\/\/www.asnia.es\/?p=6271"},"modified":"2019-01-25T12:05:08","modified_gmt":"2019-01-25T11:05:08","slug":"mercadillo-solidario-navidad-asni-huelva","status":"publish","type":"post","link":"https:\/\/www.asnia.es\/?p=6271","title":{"rendered":"Mercadillo Solidario Navidad Asnia.Huelva"},"content":{"rendered":"\n<p>Os esperamos en el Mercadillo Solidario de la Diputacion de Huelva, del 17 al 19 de diciembre en horario de 11:00 a 21:00 h. Situado en los soportales de de la Av. Mart\u00edn Alonso Pinz\u00f3n (entrada principal de Diputaci\u00f3n).<br>As\u00ed de sugerente est\u00e1 nuestro stand. Esta navidad, realiza tu compra\u00a0<a href=\"https:\/\/www.facebook.com\/hashtag\/solidaria?source=feed_text&amp;epa=HASHTAG&amp;__xts__%5B0%5D=68.ARAPZ3NB103odbNo6vQa7bWNZEAXLkXZVZzgT5S0vODq0qgUaWE_9JD3M_I061GTMZRnFzYRGa0FLqRwlX4L7wzpqxenYOfR02naE1fyOKnH6U_uqzZJe3ncG3-qZVcZFblMVwP1gg_xwZhVOCgn3SXX-KN-p67rmKCiWd0QEb5e6ORPCkgLu8FwAEcLN6bhtkuWu4ZvJBE0aQu3Ffhwk8_lmALjIDTda1lOb8nQpM2me17J4LgaA99cVh9xgsEx4lB6uVIlxJHhPzeO53CMm241prQbY7ZPqE_xvW1evu3NesOnhAPU6E4Ydo_7T6y_0USW7Gzid7XFBnuJtaFPiPM84g&amp;__tn__=%2ANK-R\">#solidaria<\/a>\u00a0con nosotros y cambia la vida de un ni\u00f1@.\u00a0<a href=\"https:\/\/www.facebook.com\/hashtag\/hacesfalta?source=feed_text&amp;epa=HASHTAG&amp;__xts__%5B0%5D=68.ARAPZ3NB103odbNo6vQa7bWNZEAXLkXZVZzgT5S0vODq0qgUaWE_9JD3M_I061GTMZRnFzYRGa0FLqRwlX4L7wzpqxenYOfR02naE1fyOKnH6U_uqzZJe3ncG3-qZVcZFblMVwP1gg_xwZhVOCgn3SXX-KN-p67rmKCiWd0QEb5e6ORPCkgLu8FwAEcLN6bhtkuWu4ZvJBE0aQu3Ffhwk8_lmALjIDTda1lOb8nQpM2me17J4LgaA99cVh9xgsEx4lB6uVIlxJHhPzeO53CMm241prQbY7ZPqE_xvW1evu3NesOnhAPU6E4Ydo_7T6y_0USW7Gzid7XFBnuJtaFPiPM84g&amp;__tn__=%2ANK-R\">#hacesfalta<\/a><a href=\"https:\/\/www.facebook.com\/hashtag\/hazloposible?source=feed_text&amp;epa=HASHTAG&amp;__xts__%5B0%5D=68.ARAPZ3NB103odbNo6vQa7bWNZEAXLkXZVZzgT5S0vODq0qgUaWE_9JD3M_I061GTMZRnFzYRGa0FLqRwlX4L7wzpqxenYOfR02naE1fyOKnH6U_uqzZJe3ncG3-qZVcZFblMVwP1gg_xwZhVOCgn3SXX-KN-p67rmKCiWd0QEb5e6ORPCkgLu8FwAEcLN6bhtkuWu4ZvJBE0aQu3Ffhwk8_lmALjIDTda1lOb8nQpM2me17J4LgaA99cVh9xgsEx4lB6uVIlxJHhPzeO53CMm241prQbY7ZPqE_xvW1evu3NesOnhAPU6E4Ydo_7T6y_0USW7Gzid7XFBnuJtaFPiPM84g&amp;__tn__=%2ANK-R\">#hazloposible<\/a><br><a href=\"https:\/\/www.facebook.com\/tejiendoenvitoria\/?__tn__=K-R&amp;eid=ARCL_5SgGNwlXYPUOK_QNa2PiUcZ_2xm5kRhVGF9nuFa0kqfKBSsM1N4SogLG2gMKrqc4-stWYMVbn0Y&amp;fref=mentions&amp;__xts__%5B0%5D=68.ARAPZ3NB103odbNo6vQa7bWNZEAXLkXZVZzgT5S0vODq0qgUaWE_9JD3M_I061GTMZRnFzYRGa0FLqRwlX4L7wzpqxenYOfR02naE1fyOKnH6U_uqzZJe3ncG3-qZVcZFblMVwP1gg_xwZhVOCgn3SXX-KN-p67rmKCiWd0QEb5e6ORPCkgLu8FwAEcLN6bhtkuWu4ZvJBE0aQu3Ffhwk8_lmALjIDTda1lOb8nQpM2me17J4LgaA99cVh9xgsEx4lB6uVIlxJHhPzeO53CMm241prQbY7ZPqE_xvW1evu3NesOnhAPU6E4Ydo_7T6y_0USW7Gzid7XFBnuJtaFPiPM84g\">Tejiendo en Vitoria<\/a><\/p>\n\n\n\n<p><\/p>\n\n\n\n<figure class=\"wp-block-image\"><img loading=\"lazy\" decoding=\"async\" width=\"750\" height=\"562\" src=\"https:\/\/www.asnia.es\/wp-content\/uploads\/2019\/01\/48376964_2022614487833335_5993764502384934912_n.jpg\" alt=\"\" class=\"wp-image-6272\" srcset=\"https:\/\/www.asnia.es\/wp-content\/uploads\/2019\/01\/48376964_2022614487833335_5993764502384934912_n.jpg 750w, https:\/\/www.asnia.es\/wp-content\/uploads\/2019\/01\/48376964_2022614487833335_5993764502384934912_n-300x225.jpg 300w\" sizes=\"auto, (max-width: 750px) 100vw, 750px\" \/><\/figure>\n","protected":false},"excerpt":{"rendered":"<p>Os esperamos en el Mercadillo Solidario de la Diputacion de Huelva, del 17 al 19 de diciembre en horario de 11:00 a 21:00 h. Situado en los soportales de de la Av. Mart\u00edn Alonso Pinz\u00f3n (entrada principal de Diputaci\u00f3n).As\u00ed de sugerente est\u00e1 nuestro stand. Esta navidad, realiza tu compra\u00a0#solidaria\u00a0con nosotros y cambia la vida de &hellip; <\/p>\n<p><a class=\"more-link btn\" href=\"https:\/\/www.asnia.es\/?p=6271\">Seguir leyendo<\/a><\/p>\n","protected":false},"author":1,"featured_media":0,"comment_status":"open","ping_status":"open","sticky":false,"template":"","format":"standard","meta":{"ngg_post_thumbnail":0,"footnotes":""},"categories":[1,27],"tags":[],"class_list":["post-6271","post","type-post","status-publish","format-standard","hentry","category-general","category-programa-2018","item-wrap"],"_links":{"self":[{"href":"https:\/\/www.asnia.es\/index.php?rest_route=\/wp\/v2\/posts\/6271","targetHints":{"allow":["GET"]}}],"collection":[{"href":"https:\/\/www.asnia.es\/index.php?rest_route=\/wp\/v2\/posts"}],"about":[{"href":"https:\/\/www.asnia.es\/index.php?rest_route=\/wp\/v2\/types\/post"}],"author":[{"embeddable":true,"href":"https:\/\/www.asnia.es\/index.php?rest_route=\/wp\/v2\/users\/1"}],"replies":[{"embeddable":true,"href":"https:\/\/www.asnia.es\/index.php?rest_route=%2Fwp%2Fv2%2Fcomments&post=6271"}],"version-history":[{"count":2,"href":"https:\/\/www.asnia.es\/index.php?rest_route=\/wp\/v2\/posts\/6271\/revisions"}],"predecessor-version":[{"id":6300,"href":"https:\/\/www.asnia.es\/index.php?rest_route=\/wp\/v2\/posts\/6271\/revisions\/6300"}],"wp:attachment":[{"href":"https:\/\/www.asnia.es\/index.php?rest_route=%2Fwp%2Fv2%2Fmedia&parent=6271"}],"wp:term":[{"taxonomy":"category","embeddable":true,"href":"https:\/\/www.asnia.es\/index.php?rest_route=%2Fwp%2Fv2%2Fcategories&post=6271"},{"taxonomy":"post_tag","embeddable":true,"href":"https:\/\/www.asnia.es\/index.php?rest_route=%2Fwp%2Fv2%2Ftags&post=6271"}],"curies":[{"name":"wp","href":"https:\/\/api.w.org\/{rel}","templated":true}]}}