{"id":6265,"date":"2018-12-17T11:09:49","date_gmt":"2018-12-17T10:09:49","guid":{"rendered":"https:\/\/www.asnia.es\/?p=6265"},"modified":"2019-01-25T11:19:33","modified_gmt":"2019-01-25T10:19:33","slug":"la-navidad-mas-solidaria-llega-a-huelva","status":"publish","type":"post","link":"https:\/\/www.asnia.es\/?p=6265","title":{"rendered":"La Navidad mas Solidaria llega a Huelva"},"content":{"rendered":"\n<h5 class=\"wp-block-heading\" id=\"js_vm\"><a href=\"https:\/\/www.facebook.com\/asnia.huelva\/?__tn__=kC-R&amp;eid=ARC-m9Ma887mpxYM9QQKc1U15Ro-HK-M8OOdGap1iFdFpjIcPJneeNg_j7oHUO3t_2XbYMXUv9wo6A1S&amp;hc_ref=ARScCOHbWw7ZCNAj2_6eH9FaJhTgeFGpQxYlmJDA0wAqXTo2MqAUJeBcYeqPKiOM_U4&amp;fref=nf&amp;__xts__%5B0%5D=68.ARDysC_q8E-ZEVhMaaR1Wukhs8Qb93eyH7UqaWARlBFOjhQKiTV-s2BjMYeIBA9XZ--jHpAj7WFolPTuu47fKTiNyHJ-aKuUw-t6Bm4np_8MRydFbvHc7feF938f1g1o-p-DvPVDToxuNsryaw6PIVMnNAm1fZ_mHcNPhn6KFZOW7XySOAxBCoMaVW5C7P2GYEunmGRLFscv5yBdjdY8iv7l9K8WX7fpus_I2LBoCbaO2T6NmMeernegscuSBEKmS1e8mTDNtVq-Vlzdwz2iOOY8spS3K26pi3rpqkx_B7mMOhQtw1jvR8xGdiCw95lUjYqByylCn9GVKDlivHC4HvPp3g\">ASNIA<\/a><\/h5>\n\n\n\n<p><a href=\"https:\/\/www.facebook.com\/asnia.huelva\/posts\/2022596577835126?__xts__%5B0%5D=68.ARDysC_q8E-ZEVhMaaR1Wukhs8Qb93eyH7UqaWARlBFOjhQKiTV-s2BjMYeIBA9XZ--jHpAj7WFolPTuu47fKTiNyHJ-aKuUw-t6Bm4np_8MRydFbvHc7feF938f1g1o-p-DvPVDToxuNsryaw6PIVMnNAm1fZ_mHcNPhn6KFZOW7XySOAxBCoMaVW5C7P2GYEunmGRLFscv5yBdjdY8iv7l9K8WX7fpus_I2LBoCbaO2T6NmMeernegscuSBEKmS1e8mTDNtVq-Vlzdwz2iOOY8spS3K26pi3rpqkx_B7mMOhQtw1jvR8xGdiCw95lUjYqByylCn9GVKDlivHC4HvPp3g&amp;__tn__=-R\"><abbr title=\"17\/12\/18 15:15\">17 de diciembre de 2018<\/abbr><\/a>&nbsp;\u00b7&nbsp;<\/p>\n\n\n\n<p>La Navidad m\u00e1s solidaria llega de lunes a mi\u00e9rcoles a la Gran V\u00eda de la mano del Mercadillo de ONGs y Asociaciones de la provincia de&nbsp;<a href=\"https:\/\/www.facebook.com\/hashtag\/huelva?source=feed_text&amp;epa=HASHTAG&amp;__xts__%5B0%5D=68.ARDysC_q8E-ZEVhMaaR1Wukhs8Qb93eyH7UqaWARlBFOjhQKiTV-s2BjMYeIBA9XZ--jHpAj7WFolPTuu47fKTiNyHJ-aKuUw-t6Bm4np_8MRydFbvHc7feF938f1g1o-p-DvPVDToxuNsryaw6PIVMnNAm1fZ_mHcNPhn6KFZOW7XySOAxBCoMaVW5C7P2GYEunmGRLFscv5yBdjdY8iv7l9K8WX7fpus_I2LBoCbaO2T6NmMeernegscuSBEKmS1e8mTDNtVq-Vlzdwz2iOOY8spS3K26pi3rpqkx_B7mMOhQtw1jvR8xGdiCw95lUjYqByylCn9GVKDlivHC4HvPp3g&amp;__tn__=%2ANK-R\">#Huelva<\/a>&nbsp;<br>@OngAsnia.Huelva<br><a href=\"https:\/\/www.facebook.com\/traperoshuelva\/?__tn__=K-R&amp;eid=ARATP75NeM3E3Sd-e8fZLiS--30hb3ljK7mIwqI4fad7r2_j76RYVrtMeJJYXfrpLx7-ERgHOBpSCmaq&amp;fref=mentions&amp;__xts__%5B0%5D=68.ARDysC_q8E-ZEVhMaaR1Wukhs8Qb93eyH7UqaWARlBFOjhQKiTV-s2BjMYeIBA9XZ--jHpAj7WFolPTuu47fKTiNyHJ-aKuUw-t6Bm4np_8MRydFbvHc7feF938f1g1o-p-DvPVDToxuNsryaw6PIVMnNAm1fZ_mHcNPhn6KFZOW7XySOAxBCoMaVW5C7P2GYEunmGRLFscv5yBdjdY8iv7l9K8WX7fpus_I2LBoCbaO2T6NmMeernegscuSBEKmS1e8mTDNtVq-Vlzdwz2iOOY8spS3K26pi3rpqkx_B7mMOhQtw1jvR8xGdiCw95lUjYqByylCn9GVKDlivHC4HvPp3g\">Traperos de Ema\u00fas Huelva<\/a><br>@OlenHuelva<br><a href=\"https:\/\/www.facebook.com\/asociacionmadrecorajehuelva\/?__tn__=K-R&amp;eid=ARCjqlF73YFfOvj6jI6-uJcDd5Q_wdsErRAfgeesWmFALRIWJztLQF0z5c85V4zU_DAI2SDrBihdFVb-&amp;fref=mentions&amp;__xts__%5B0%5D=68.ARDysC_q8E-ZEVhMaaR1Wukhs8Qb93eyH7UqaWARlBFOjhQKiTV-s2BjMYeIBA9XZ--jHpAj7WFolPTuu47fKTiNyHJ-aKuUw-t6Bm4np_8MRydFbvHc7feF938f1g1o-p-DvPVDToxuNsryaw6PIVMnNAm1fZ_mHcNPhn6KFZOW7XySOAxBCoMaVW5C7P2GYEunmGRLFscv5yBdjdY8iv7l9K8WX7fpus_I2LBoCbaO2T6NmMeernegscuSBEKmS1e8mTDNtVq-Vlzdwz2iOOY8spS3K26pi3rpqkx_B7mMOhQtw1jvR8xGdiCw95lUjYqByylCn9GVKDlivHC4HvPp3g\">Asociaci\u00f3n Madre Coraje Huelva<\/a><br><a href=\"https:\/\/www.facebook.com\/fundacionvicenteferrer\/?__tn__=K-R&amp;eid=ARCbHvWFbCrwpGBWCH24yVOxQrjvAq8HtDhgymnWyhUV1uzOBovrKxq1r3vTlp81T8fvi-ocQW0nH7BP&amp;fref=mentions&amp;__xts__%5B0%5D=68.ARDysC_q8E-ZEVhMaaR1Wukhs8Qb93eyH7UqaWARlBFOjhQKiTV-s2BjMYeIBA9XZ--jHpAj7WFolPTuu47fKTiNyHJ-aKuUw-t6Bm4np_8MRydFbvHc7feF938f1g1o-p-DvPVDToxuNsryaw6PIVMnNAm1fZ_mHcNPhn6KFZOW7XySOAxBCoMaVW5C7P2GYEunmGRLFscv5yBdjdY8iv7l9K8WX7fpus_I2LBoCbaO2T6NmMeernegscuSBEKmS1e8mTDNtVq-Vlzdwz2iOOY8spS3K26pi3rpqkx_B7mMOhQtw1jvR8xGdiCw95lUjYqByylCn9GVKDlivHC4HvPp3g\">Fundaci\u00f3n Vicente Ferrer<\/a>&nbsp;<br><a href=\"https:\/\/www.facebook.com\/CaritasDiocesanaHuelva\/?__tn__=K-R&amp;eid=ARCNTLCxQ4XninbP3ZqjXCCDMQEWFGqtoxD3zbGeqj9g2B_KkxZ9MCGyuctXyT6B9eF_PeM0cUdF_bm5&amp;fref=mentions&amp;__xts__%5B0%5D=68.ARDysC_q8E-ZEVhMaaR1Wukhs8Qb93eyH7UqaWARlBFOjhQKiTV-s2BjMYeIBA9XZ--jHpAj7WFolPTuu47fKTiNyHJ-aKuUw-t6Bm4np_8MRydFbvHc7feF938f1g1o-p-DvPVDToxuNsryaw6PIVMnNAm1fZ_mHcNPhn6KFZOW7XySOAxBCoMaVW5C7P2GYEunmGRLFscv5yBdjdY8iv7l9K8WX7fpus_I2LBoCbaO2T6NmMeernegscuSBEKmS1e8mTDNtVq-Vlzdwz2iOOY8spS3K26pi3rpqkx_B7mMOhQtw1jvR8xGdiCw95lUjYqByylCn9GVKDlivHC4HvPp3g\">C\u00e1ritas Diocesana de Huelva<\/a><br>@fandassahara<br><a href=\"https:\/\/www.facebook.com\/DiputaciondeHuelva\/?__tn__=K-R&amp;eid=ARDxSv4dbYCBTgqdF0HSrm_h83dKvdvdaZ11HnKWX6sefrAko_k-up4qC-AwsYKMGc4xmjH_1oxszrKY&amp;fref=mentions&amp;__xts__%5B0%5D=68.ARDysC_q8E-ZEVhMaaR1Wukhs8Qb93eyH7UqaWARlBFOjhQKiTV-s2BjMYeIBA9XZ--jHpAj7WFolPTuu47fKTiNyHJ-aKuUw-t6Bm4np_8MRydFbvHc7feF938f1g1o-p-DvPVDToxuNsryaw6PIVMnNAm1fZ_mHcNPhn6KFZOW7XySOAxBCoMaVW5C7P2GYEunmGRLFscv5yBdjdY8iv7l9K8WX7fpus_I2LBoCbaO2T6NmMeernegscuSBEKmS1e8mTDNtVq-Vlzdwz2iOOY8spS3K26pi3rpqkx_B7mMOhQtw1jvR8xGdiCw95lUjYqByylCn9GVKDlivHC4HvPp3g\">Diputaci\u00f3n de Huelva<\/a><\/p>\n\n\n\n<p><a href=\"http:\/\/huelva24.com\/art\/120938\/la-\">http:\/\/huelva24.com\/art\/120938\/la-<\/a><\/p>\n\n\n\n<figure class=\"wp-block-image\"><img loading=\"lazy\" decoding=\"async\" width=\"960\" height=\"720\" src=\"https:\/\/www.asnia.es\/wp-content\/uploads\/2019\/01\/48376718_2022591931168924_2644777334015524864_n.jpg\" alt=\"\" class=\"wp-image-6266\" srcset=\"https:\/\/www.asnia.es\/wp-content\/uploads\/2019\/01\/48376718_2022591931168924_2644777334015524864_n.jpg 960w, https:\/\/www.asnia.es\/wp-content\/uploads\/2019\/01\/48376718_2022591931168924_2644777334015524864_n-300x225.jpg 300w, https:\/\/www.asnia.es\/wp-content\/uploads\/2019\/01\/48376718_2022591931168924_2644777334015524864_n-768x576.jpg 768w\" sizes=\"auto, (max-width: 960px) 100vw, 960px\" \/><\/figure>\n","protected":false},"excerpt":{"rendered":"<p>ASNIA 17 de diciembre de 2018&nbsp;\u00b7&nbsp; La Navidad m\u00e1s solidaria llega de lunes a mi\u00e9rcoles a la Gran V\u00eda de la mano del Mercadillo de ONGs y Asociaciones de la provincia de&nbsp;#Huelva&nbsp;@OngAsnia.HuelvaTraperos de Ema\u00fas Huelva@OlenHuelvaAsociaci\u00f3n Madre Coraje HuelvaFundaci\u00f3n Vicente Ferrer&nbsp;C\u00e1ritas Diocesana de Huelva@fandassaharaDiputaci\u00f3n de Huelva http:\/\/huelva24.com\/art\/120938\/la-<\/p>\n","protected":false},"author":1,"featured_media":0,"comment_status":"open","ping_status":"open","sticky":false,"template":"","format":"standard","meta":{"ngg_post_thumbnail":0,"footnotes":""},"categories":[1,27],"tags":[],"class_list":["post-6265","post","type-post","status-publish","format-standard","hentry","category-general","category-programa-2018","item-wrap"],"_links":{"self":[{"href":"https:\/\/www.asnia.es\/index.php?rest_route=\/wp\/v2\/posts\/6265","targetHints":{"allow":["GET"]}}],"collection":[{"href":"https:\/\/www.asnia.es\/index.php?rest_route=\/wp\/v2\/posts"}],"about":[{"href":"https:\/\/www.asnia.es\/index.php?rest_route=\/wp\/v2\/types\/post"}],"author":[{"embeddable":true,"href":"https:\/\/www.asnia.es\/index.php?rest_route=\/wp\/v2\/users\/1"}],"replies":[{"embeddable":true,"href":"https:\/\/www.asnia.es\/index.php?rest_route=%2Fwp%2Fv2%2Fcomments&post=6265"}],"version-history":[{"count":3,"href":"https:\/\/www.asnia.es\/index.php?rest_route=\/wp\/v2\/posts\/6265\/revisions"}],"predecessor-version":[{"id":6270,"href":"https:\/\/www.asnia.es\/index.php?rest_route=\/wp\/v2\/posts\/6265\/revisions\/6270"}],"wp:attachment":[{"href":"https:\/\/www.asnia.es\/index.php?rest_route=%2Fwp%2Fv2%2Fmedia&parent=6265"}],"wp:term":[{"taxonomy":"category","embeddable":true,"href":"https:\/\/www.asnia.es\/index.php?rest_route=%2Fwp%2Fv2%2Fcategories&post=6265"},{"taxonomy":"post_tag","embeddable":true,"href":"https:\/\/www.asnia.es\/index.php?rest_route=%2Fwp%2Fv2%2Ftags&post=6265"}],"curies":[{"name":"wp","href":"https:\/\/api.w.org\/{rel}","templated":true}]}}