{"id":6252,"date":"2018-11-18T16:48:19","date_gmt":"2018-11-18T15:48:19","guid":{"rendered":"https:\/\/www.asnia.es\/?p=6252"},"modified":"2018-11-26T16:51:23","modified_gmt":"2018-11-26T15:51:23","slug":"asnia-artesania-asniamigurumis-hijosdelcorazon","status":"publish","type":"post","link":"https:\/\/www.asnia.es\/?p=6252","title":{"rendered":"ASNIA-ARTESANIA #ASNIAMIGURUMIS #hijosdelcorazon"},"content":{"rendered":"<p style=\"text-align: justify;\">Tambi\u00e9n estuvo presente en nuestra gala ben\u00e9fica del pasado d\u00eda 17 nuestras voluntarias de&nbsp;<a class=\"profileLink\" href=\"https:\/\/www.facebook.com\/tejiendoenvitoria\/?__tn__=K-R&amp;eid=ARAsxiZEq--AeXEcdoLMj56O8mM2OAL_wFXACfCxpjQDKXPBICFAVO5MSGENQoeMmBj2v_7nlddnOiY8&amp;fref=mentions&amp;__xts__%5B0%5D=68.ARD9JOhm8fVwsFOTWMfMM9if0CTknF9xgvwRB3WfiEiM5zESsRR_zZcS7rAy3RgzQje53xaHDCT996q4bq1MmW7pTMXlO3SVu0RO9VMXvSSStmF9SHpP_7zmowwyW24n6nc5eeKiTvY6PvNbCEK68bzqIQXgFA98WaNXc8W_AVAokVE4pAqRtCilfBP0v1f9MFo_Bu6_iwsdOeP3uggivxRf5ar-Eokk0SQ955aPoIuntEDmsCUFNhhaw6md_kx70SWEEOpLaoK2iNzxVZUyL7rRIZZgN4MYVcYBP3i1Pv_sHHzmKW_OZS8poPnxt3QMmyh7K_gztta9l13UgXAepOwU8Q\" data-hovercard=\"\/ajax\/hovercard\/page.php?id=713793168645032&amp;extragetparams=%7B%22__tn__%22%3A%22%2CdK-R-R%22%2C%22eid%22%3A%22ARAsxiZEq--AeXEcdoLMj56O8mM2OAL_wFXACfCxpjQDKXPBICFAVO5MSGENQoeMmBj2v_7nlddnOiY8%22%2C%22fref%22%3A%22mentions%22%7D\" data-hovercard-prefer-more-content-show=\"1\">Tejiendo en Vitoria<\/a>, todas las artesan\u00edas en&nbsp;<a class=\"_58cn\" href=\"https:\/\/www.facebook.com\/hashtag\/amigurumis?source=feed_text&amp;__xts__%5B0%5D=68.ARD9JOhm8fVwsFOTWMfMM9if0CTknF9xgvwRB3WfiEiM5zESsRR_zZcS7rAy3RgzQje53xaHDCT996q4bq1MmW7pTMXlO3SVu0RO9VMXvSSStmF9SHpP_7zmowwyW24n6nc5eeKiTvY6PvNbCEK68bzqIQXgFA98WaNXc8W_AVAokVE4pAqRtCilfBP0v1f9MFo_Bu6_iwsdOeP3uggivxRf5ar-Eokk0SQ955aPoIuntEDmsCUFNhhaw6md_kx70SWEEOpLaoK2iNzxVZUyL7rRIZZgN4MYVcYBP3i1Pv_sHHzmKW_OZS8poPnxt3QMmyh7K_gztta9l13UgXAepOwU8Q&amp;__tn__=%2ANK-R\" data-ft=\"{&quot;type&quot;:104,&quot;tn&quot;:&quot;*N&quot;}\"><span class=\"_5afx\"><span class=\"_58cl _5afz\" aria-label=\"hashtag\">#<\/span><span class=\"_58cm\">amigurumis<\/span><\/span><\/a>&nbsp;que estuvieron a la venta y que se vendieron fueron tejidas y donadas por las manos de un grupo de mujeres tejedoras solidarias de Vitoria. Por supuesto acompa\u00f1adas por las artesan\u00edas de las madres guardadoras de nuestro colectivo. GRACIAS, GRACIAS!!!<br \/>\n<a class=\"_58cn\" href=\"https:\/\/www.facebook.com\/hashtag\/hijosdelcorazon?source=feed_text&amp;__xts__%5B0%5D=68.ARD9JOhm8fVwsFOTWMfMM9if0CTknF9xgvwRB3WfiEiM5zESsRR_zZcS7rAy3RgzQje53xaHDCT996q4bq1MmW7pTMXlO3SVu0RO9VMXvSSStmF9SHpP_7zmowwyW24n6nc5eeKiTvY6PvNbCEK68bzqIQXgFA98WaNXc8W_AVAokVE4pAqRtCilfBP0v1f9MFo_Bu6_iwsdOeP3uggivxRf5ar-Eokk0SQ955aPoIuntEDmsCUFNhhaw6md_kx70SWEEOpLaoK2iNzxVZUyL7rRIZZgN4MYVcYBP3i1Pv_sHHzmKW_OZS8poPnxt3QMmyh7K_gztta9l13UgXAepOwU8Q&amp;__tn__=%2ANK-R\" data-ft=\"{&quot;type&quot;:104,&quot;tn&quot;:&quot;*N&quot;}\"><span class=\"_5afx\"><span class=\"_58cl _5afz\" aria-label=\"hashtag\">#<\/span><span class=\"_58cm\">hijosdelcorazon<\/span><\/span><\/a>&nbsp;<a class=\"_58cn\" href=\"https:\/\/www.facebook.com\/hashtag\/vitoriasolidaria?source=feed_text&amp;__xts__%5B0%5D=68.ARD9JOhm8fVwsFOTWMfMM9if0CTknF9xgvwRB3WfiEiM5zESsRR_zZcS7rAy3RgzQje53xaHDCT996q4bq1MmW7pTMXlO3SVu0RO9VMXvSSStmF9SHpP_7zmowwyW24n6nc5eeKiTvY6PvNbCEK68bzqIQXgFA98WaNXc8W_AVAokVE4pAqRtCilfBP0v1f9MFo_Bu6_iwsdOeP3uggivxRf5ar-Eokk0SQ955aPoIuntEDmsCUFNhhaw6md_kx70SWEEOpLaoK2iNzxVZUyL7rRIZZgN4MYVcYBP3i1Pv_sHHzmKW_OZS8poPnxt3QMmyh7K_gztta9l13UgXAepOwU8Q&amp;__tn__=%2ANK-R\" data-ft=\"{&quot;type&quot;:104,&quot;tn&quot;:&quot;*N&quot;}\"><span class=\"_5afx\"><span class=\"_58cl _5afz\" aria-label=\"hashtag\">#<\/span><span class=\"_58cm\">vitoriasolidaria<\/span><\/span><\/a><a href=\"https:\/\/www.asnia.es\/wp-content\/uploads\/2018\/11\/46449291_1984800514948066_8287160026359922688_n.jpg\"><img loading=\"lazy\" decoding=\"async\" class=\"aligncenter size-full wp-image-6253\" src=\"https:\/\/www.asnia.es\/wp-content\/uploads\/2018\/11\/46449291_1984800514948066_8287160026359922688_n.jpg\" alt=\"\" width=\"750\" height=\"448\" srcset=\"https:\/\/www.asnia.es\/wp-content\/uploads\/2018\/11\/46449291_1984800514948066_8287160026359922688_n.jpg 750w, https:\/\/www.asnia.es\/wp-content\/uploads\/2018\/11\/46449291_1984800514948066_8287160026359922688_n-300x179.jpg 300w\" sizes=\"auto, (max-width: 750px) 100vw, 750px\" \/><\/a><\/p>\n","protected":false},"excerpt":{"rendered":"<p>Tambi\u00e9n estuvo presente en nuestra gala ben\u00e9fica del pasado d\u00eda 17 nuestras voluntarias de&nbsp;Tejiendo en Vitoria, todas las artesan\u00edas en&nbsp;#amigurumis&nbsp;que estuvieron a la venta y que se vendieron fueron tejidas y donadas por las manos de un grupo de mujeres tejedoras solidarias de Vitoria. Por supuesto acompa\u00f1adas por las artesan\u00edas de las madres guardadoras de &hellip; <\/p>\n<p><a class=\"more-link btn\" href=\"https:\/\/www.asnia.es\/?p=6252\">Seguir leyendo<\/a><\/p>\n","protected":false},"author":1,"featured_media":0,"comment_status":"open","ping_status":"open","sticky":false,"template":"","format":"standard","meta":{"ngg_post_thumbnail":0,"footnotes":""},"categories":[1,27],"tags":[],"class_list":["post-6252","post","type-post","status-publish","format-standard","hentry","category-general","category-programa-2018","item-wrap"],"_links":{"self":[{"href":"https:\/\/www.asnia.es\/index.php?rest_route=\/wp\/v2\/posts\/6252","targetHints":{"allow":["GET"]}}],"collection":[{"href":"https:\/\/www.asnia.es\/index.php?rest_route=\/wp\/v2\/posts"}],"about":[{"href":"https:\/\/www.asnia.es\/index.php?rest_route=\/wp\/v2\/types\/post"}],"author":[{"embeddable":true,"href":"https:\/\/www.asnia.es\/index.php?rest_route=\/wp\/v2\/users\/1"}],"replies":[{"embeddable":true,"href":"https:\/\/www.asnia.es\/index.php?rest_route=%2Fwp%2Fv2%2Fcomments&post=6252"}],"version-history":[{"count":1,"href":"https:\/\/www.asnia.es\/index.php?rest_route=\/wp\/v2\/posts\/6252\/revisions"}],"predecessor-version":[{"id":6254,"href":"https:\/\/www.asnia.es\/index.php?rest_route=\/wp\/v2\/posts\/6252\/revisions\/6254"}],"wp:attachment":[{"href":"https:\/\/www.asnia.es\/index.php?rest_route=%2Fwp%2Fv2%2Fmedia&parent=6252"}],"wp:term":[{"taxonomy":"category","embeddable":true,"href":"https:\/\/www.asnia.es\/index.php?rest_route=%2Fwp%2Fv2%2Fcategories&post=6252"},{"taxonomy":"post_tag","embeddable":true,"href":"https:\/\/www.asnia.es\/index.php?rest_route=%2Fwp%2Fv2%2Ftags&post=6252"}],"curies":[{"name":"wp","href":"https:\/\/api.w.org\/{rel}","templated":true}]}}