{"id":6111,"date":"2018-04-26T11:55:07","date_gmt":"2018-04-26T09:55:07","guid":{"rendered":"https:\/\/www.asnia.es\/?p=6111"},"modified":"2018-05-08T12:45:11","modified_gmt":"2018-05-08T10:45:11","slug":"mensaje-con-motivo-de-32-aniversario-de-chernobyl","status":"publish","type":"post","link":"https:\/\/www.asnia.es\/?p=6111","title":{"rendered":"Mensaje con Motivo de 32 aniversario de Chernobyl"},"content":{"rendered":"<p style=\"text-align: justify;\">A petici\u00f3n de la Embajada Bielorrusa en Espa\u00f1a, nuestra Vicepresidenta-Secretaria y Presidenta de la Federaci\u00f3n Pro Infancia Chernobyl env\u00eda este mensaje con motivo del 32 aniversario de la Cat\u00e1strofe y en conmemoraci\u00f3n a las victimas, pero sobre todo trasmitiendo a la sociedad civil la necesidad de ocuparse d\u00eda de hoy de los vivos que padecen las consecuencias del pasado y lo seguir\u00e1n haciendo por muchas generaciones mas, primordialmente la infancia sum\u00e1ndose a nuestros programas de acogida en estancia temporal para menores afectados por Chernobyl<\/p>\n<p><a href=\"https:\/\/goo.gl\/b6dc6L\">&nbsp;DESDE LA EMBAJADA https:\/\/goo.gl\/b6dc6L<\/a><\/p>\n<p><a href=\"https:\/\/youtu.be\/xW-jnnQ45ho\">DESDE NUESTRO CANAL https:\/\/youtu.be\/xW-jnnQ45ho<\/a><\/p>\n<p>&nbsp;<\/p>\n","protected":false},"excerpt":{"rendered":"<p>A petici\u00f3n de la Embajada Bielorrusa en Espa\u00f1a, nuestra Vicepresidenta-Secretaria y Presidenta de la Federaci\u00f3n Pro Infancia Chernobyl env\u00eda este mensaje con motivo del 32 aniversario de la Cat\u00e1strofe y en conmemoraci\u00f3n a las victimas, pero sobre todo trasmitiendo a la sociedad civil la necesidad de ocuparse d\u00eda de hoy de los vivos que padecen &hellip; <\/p>\n<p><a class=\"more-link btn\" href=\"https:\/\/www.asnia.es\/?p=6111\">Seguir leyendo<\/a><\/p>\n","protected":false},"author":1,"featured_media":0,"comment_status":"open","ping_status":"open","sticky":false,"template":"","format":"standard","meta":{"ngg_post_thumbnail":0,"footnotes":""},"categories":[1,22,27],"tags":[],"class_list":["post-6111","post","type-post","status-publish","format-standard","hentry","category-general","category-noticias-exposiciones-y-documentales","category-programa-2018","item-wrap"],"_links":{"self":[{"href":"https:\/\/www.asnia.es\/index.php?rest_route=\/wp\/v2\/posts\/6111","targetHints":{"allow":["GET"]}}],"collection":[{"href":"https:\/\/www.asnia.es\/index.php?rest_route=\/wp\/v2\/posts"}],"about":[{"href":"https:\/\/www.asnia.es\/index.php?rest_route=\/wp\/v2\/types\/post"}],"author":[{"embeddable":true,"href":"https:\/\/www.asnia.es\/index.php?rest_route=\/wp\/v2\/users\/1"}],"replies":[{"embeddable":true,"href":"https:\/\/www.asnia.es\/index.php?rest_route=%2Fwp%2Fv2%2Fcomments&post=6111"}],"version-history":[{"count":5,"href":"https:\/\/www.asnia.es\/index.php?rest_route=\/wp\/v2\/posts\/6111\/revisions"}],"predecessor-version":[{"id":6116,"href":"https:\/\/www.asnia.es\/index.php?rest_route=\/wp\/v2\/posts\/6111\/revisions\/6116"}],"wp:attachment":[{"href":"https:\/\/www.asnia.es\/index.php?rest_route=%2Fwp%2Fv2%2Fmedia&parent=6111"}],"wp:term":[{"taxonomy":"category","embeddable":true,"href":"https:\/\/www.asnia.es\/index.php?rest_route=%2Fwp%2Fv2%2Fcategories&post=6111"},{"taxonomy":"post_tag","embeddable":true,"href":"https:\/\/www.asnia.es\/index.php?rest_route=%2Fwp%2Fv2%2Ftags&post=6111"}],"curies":[{"name":"wp","href":"https:\/\/api.w.org\/{rel}","templated":true}]}}