{"id":6072,"date":"2018-02-20T13:15:20","date_gmt":"2018-02-20T12:15:20","guid":{"rendered":"https:\/\/www.asnia.es\/?p=6072"},"modified":"2018-02-20T13:24:21","modified_gmt":"2018-02-20T12:24:21","slug":"asnia-huelva-en-la-v-feria-de-muestras-de-bonares","status":"publish","type":"post","link":"https:\/\/www.asnia.es\/?p=6072","title":{"rendered":"Asnia.Huelva en la V Feria de Muestras de Bonares"},"content":{"rendered":"<p style=\"text-align: justify;\"><a class=\"_58cn\" href=\"https:\/\/www.facebook.com\/hashtag\/asniahuelva?source=feed_text&amp;story_id=10215675819426736\" data-ft=\"{&quot;tn&quot;:&quot;*N&quot;,&quot;type&quot;:104}\"><span class=\"_5afx\"><span class=\"_58cl _5afz\" aria-label=\"hashtag\">#<\/span><span class=\"_58cm\">AsniaHuelva<\/span><\/span><\/a>&nbsp;estar\u00e1 presente en la V Feria de Muestras de Bonares, Organizada por la Asociaci\u00f3n de Empresas locales y la colaboraci\u00f3n del Ayuntamiento de Bonares<\/p>\n<p style=\"text-align: justify;\">\u00danete a un fin de semana sorprendente,&nbsp;<a class=\"_58cn\" href=\"https:\/\/www.facebook.com\/hashtag\/quenotelocuenten?source=feed_text&amp;story_id=10215675819426736\" data-ft=\"{&quot;tn&quot;:&quot;*N&quot;,&quot;type&quot;:104}\"><span class=\"_5afx\"><span class=\"_58cl _5afz\" aria-label=\"hashtag\">#<\/span><span class=\"_58cm\">QueNoTeLoCuenten<\/span><\/span><\/a>!!!<\/p>\n<div style=\"width: 600px;\" class=\"wp-video\"><video class=\"wp-video-shortcode\" id=\"video-6072-1\" width=\"600\" height=\"338\" preload=\"metadata\" controls=\"controls\"><source type=\"video\/mp4\" src=\"https:\/\/www.asnia.es\/wp-content\/uploads\/2018\/02\/Mi-pel\u00edcula.mp4?_=1\" \/><a href=\"https:\/\/www.asnia.es\/wp-content\/uploads\/2018\/02\/Mi-pel\u00edcula.mp4\">https:\/\/www.asnia.es\/wp-content\/uploads\/2018\/02\/Mi-pel\u00edcula.mp4<\/a><\/video><\/div>\n","protected":false},"excerpt":{"rendered":"<p>#AsniaHuelva&nbsp;estar\u00e1 presente en la V Feria de Muestras de Bonares, Organizada por la Asociaci\u00f3n de Empresas locales y la colaboraci\u00f3n del Ayuntamiento de Bonares \u00danete a un fin de semana sorprendente,&nbsp;#QueNoTeLoCuenten!!!<\/p>\n","protected":false},"author":1,"featured_media":0,"comment_status":"open","ping_status":"open","sticky":false,"template":"","format":"standard","meta":{"ngg_post_thumbnail":0,"footnotes":""},"categories":[1,27],"tags":[],"class_list":["post-6072","post","type-post","status-publish","format-standard","hentry","category-general","category-programa-2018","item-wrap"],"_links":{"self":[{"href":"https:\/\/www.asnia.es\/index.php?rest_route=\/wp\/v2\/posts\/6072","targetHints":{"allow":["GET"]}}],"collection":[{"href":"https:\/\/www.asnia.es\/index.php?rest_route=\/wp\/v2\/posts"}],"about":[{"href":"https:\/\/www.asnia.es\/index.php?rest_route=\/wp\/v2\/types\/post"}],"author":[{"embeddable":true,"href":"https:\/\/www.asnia.es\/index.php?rest_route=\/wp\/v2\/users\/1"}],"replies":[{"embeddable":true,"href":"https:\/\/www.asnia.es\/index.php?rest_route=%2Fwp%2Fv2%2Fcomments&post=6072"}],"version-history":[{"count":2,"href":"https:\/\/www.asnia.es\/index.php?rest_route=\/wp\/v2\/posts\/6072\/revisions"}],"predecessor-version":[{"id":6076,"href":"https:\/\/www.asnia.es\/index.php?rest_route=\/wp\/v2\/posts\/6072\/revisions\/6076"}],"wp:attachment":[{"href":"https:\/\/www.asnia.es\/index.php?rest_route=%2Fwp%2Fv2%2Fmedia&parent=6072"}],"wp:term":[{"taxonomy":"category","embeddable":true,"href":"https:\/\/www.asnia.es\/index.php?rest_route=%2Fwp%2Fv2%2Fcategories&post=6072"},{"taxonomy":"post_tag","embeddable":true,"href":"https:\/\/www.asnia.es\/index.php?rest_route=%2Fwp%2Fv2%2Ftags&post=6072"}],"curies":[{"name":"wp","href":"https:\/\/api.w.org\/{rel}","templated":true}]}}