{"id":5917,"date":"2017-11-20T11:31:17","date_gmt":"2017-11-20T10:31:17","guid":{"rendered":"https:\/\/www.asnia.es\/?p=5917"},"modified":"2017-11-20T11:31:17","modified_gmt":"2017-11-20T10:31:17","slug":"dia-universal-del-nin","status":"publish","type":"post","link":"https:\/\/www.asnia.es\/?p=5917","title":{"rendered":"Dia Universal del Ni\u00f1@"},"content":{"rendered":"<div class=\"\" data-block=\"true\" data-editor=\"88ut0\" data-offset-key=\"40bse-0-0\">\n<div data-offset-key=\"40bse-0-0\"><a href=\"https:\/\/www.asnia.es\/wp-content\/uploads\/2017\/11\/DIA-NI\u00d1O-FRASE.jpg\"><img loading=\"lazy\" decoding=\"async\" class=\"aligncenter wp-image-5918 size-full\" src=\"https:\/\/www.asnia.es\/wp-content\/uploads\/2017\/11\/DIA-NI\u00d1O-FRASE.jpg\" alt=\"\" width=\"720\" height=\"621\" srcset=\"https:\/\/www.asnia.es\/wp-content\/uploads\/2017\/11\/DIA-NI\u00d1O-FRASE.jpg 720w, https:\/\/www.asnia.es\/wp-content\/uploads\/2017\/11\/DIA-NI\u00d1O-FRASE-300x259.jpg 300w\" sizes=\"auto, (max-width: 720px) 100vw, 720px\" \/><\/a><\/div>\n<div class=\"_1mf _1mj\" style=\"text-align: justify;\" data-offset-key=\"40bse-0-0\"><span data-offset-key=\"40bse-0-0\">El 20 de noviembre es un d\u00eda importante para la infancia. Es el D\u00eda Universal del Ni\u00f1o desde 1954, pero tambi\u00e9n es el aniversario de la adopci\u00f3n de la Declaraci\u00f3n Universal de los Derechos del Ni\u00f1o, en 1959. Adem\u00e1s, es el d\u00eda en el que se aprob\u00f3 la Convenci\u00f3n de los Derechos del Ni\u00f1o, en 1989, el m\u00e1s universal de los tratados internacionales. <\/span><\/div>\n<\/div>\n<div class=\"\" style=\"text-align: justify;\" data-block=\"true\" data-editor=\"88ut0\" data-offset-key=\"dvm1u-0-0\">\n<div class=\"_1mf _1mj\" data-offset-key=\"dvm1u-0-0\"><span data-offset-key=\"dvm1u-0-0\">El objetivo del D\u00eda Universal del Ni\u00f1o es recordar a la ciudadan\u00eda que los ni\u00f1os son el colectivo m\u00e1s vulnerable y por tanto que m\u00e1s sufre las crisis y los problemas del mundo. <\/span><\/div>\n<\/div>\n<div class=\"\" data-block=\"true\" data-editor=\"88ut0\" data-offset-key=\"vl7r-0-0\">\n<div class=\"_1mf _1mj\" style=\"text-align: justify;\" data-offset-key=\"vl7r-0-0\"><span data-offset-key=\"vl7r-0-0\">Este d\u00eda mundial recuerda que todos los ni\u00f1os tienen derecho a la salud, la educaci\u00f3n y la protecci\u00f3n, independientemente del lugar del mundo en el que haya nacido.<\/span><\/div>\n<h2 data-offset-key=\"vl7r-0-0\"><em><strong><span style=\"color: #3366ff;\">\u00abLOS NI\u00d1OS Y LAS NI\u00d1AS TOMAN EL MUNDO\u00bb<\/span><\/strong><\/em><\/h2>\n<\/div>\n<p><a href=\"https:\/\/www.youtube.com\/watch?v=fm_vtj3dHO0#action=share\">https:\/\/www.youtube.com\/watch?v=fm_vtj3dHO0#action=share<\/a><\/p>\n<p>&nbsp;<\/p>\n","protected":false},"excerpt":{"rendered":"<p>El 20 de noviembre es un d\u00eda importante para la infancia. Es el D\u00eda Universal del Ni\u00f1o desde 1954, pero tambi\u00e9n es el aniversario de la adopci\u00f3n de la Declaraci\u00f3n Universal de los Derechos del Ni\u00f1o, en 1959. Adem\u00e1s, es el d\u00eda en el que se aprob\u00f3 la Convenci\u00f3n de los Derechos del Ni\u00f1o, en &hellip; <\/p>\n<p><a class=\"more-link btn\" href=\"https:\/\/www.asnia.es\/?p=5917\">Seguir leyendo<\/a><\/p>\n","protected":false},"author":1,"featured_media":0,"comment_status":"open","ping_status":"open","sticky":false,"template":"","format":"standard","meta":{"ngg_post_thumbnail":0,"footnotes":""},"categories":[1,26],"tags":[],"class_list":["post-5917","post","type-post","status-publish","format-standard","hentry","category-general","category-programa-2017","item-wrap"],"_links":{"self":[{"href":"https:\/\/www.asnia.es\/index.php?rest_route=\/wp\/v2\/posts\/5917","targetHints":{"allow":["GET"]}}],"collection":[{"href":"https:\/\/www.asnia.es\/index.php?rest_route=\/wp\/v2\/posts"}],"about":[{"href":"https:\/\/www.asnia.es\/index.php?rest_route=\/wp\/v2\/types\/post"}],"author":[{"embeddable":true,"href":"https:\/\/www.asnia.es\/index.php?rest_route=\/wp\/v2\/users\/1"}],"replies":[{"embeddable":true,"href":"https:\/\/www.asnia.es\/index.php?rest_route=%2Fwp%2Fv2%2Fcomments&post=5917"}],"version-history":[{"count":1,"href":"https:\/\/www.asnia.es\/index.php?rest_route=\/wp\/v2\/posts\/5917\/revisions"}],"predecessor-version":[{"id":5919,"href":"https:\/\/www.asnia.es\/index.php?rest_route=\/wp\/v2\/posts\/5917\/revisions\/5919"}],"wp:attachment":[{"href":"https:\/\/www.asnia.es\/index.php?rest_route=%2Fwp%2Fv2%2Fmedia&parent=5917"}],"wp:term":[{"taxonomy":"category","embeddable":true,"href":"https:\/\/www.asnia.es\/index.php?rest_route=%2Fwp%2Fv2%2Fcategories&post=5917"},{"taxonomy":"post_tag","embeddable":true,"href":"https:\/\/www.asnia.es\/index.php?rest_route=%2Fwp%2Fv2%2Ftags&post=5917"}],"curies":[{"name":"wp","href":"https:\/\/api.w.org\/{rel}","templated":true}]}}