{"id":5887,"date":"2017-07-06T13:14:41","date_gmt":"2017-07-06T11:14:41","guid":{"rendered":"https:\/\/www.asnia.es\/?p=5887"},"modified":"2017-08-13T13:21:36","modified_gmt":"2017-08-13T11:21:36","slug":"ayuntamiento-de-bonares-socio-de-honor","status":"publish","type":"post","link":"https:\/\/www.asnia.es\/?p=5887","title":{"rendered":"Ayuntamiento de Bonares. \u00abSocio de Honor\u00bb"},"content":{"rendered":"<p><a href=\"https:\/\/www.asnia.es\/wp-content\/uploads\/2017\/08\/Nombra-SOCIO-DE-HONOR.jpg\"><img loading=\"lazy\" decoding=\"async\" class=\"aligncenter wp-image-5888 size-full\" src=\"https:\/\/www.asnia.es\/wp-content\/uploads\/2017\/08\/Nombra-SOCIO-DE-HONOR.jpg\" alt=\"\" width=\"1249\" height=\"648\" srcset=\"https:\/\/www.asnia.es\/wp-content\/uploads\/2017\/08\/Nombra-SOCIO-DE-HONOR.jpg 1249w, https:\/\/www.asnia.es\/wp-content\/uploads\/2017\/08\/Nombra-SOCIO-DE-HONOR-300x156.jpg 300w, https:\/\/www.asnia.es\/wp-content\/uploads\/2017\/08\/Nombra-SOCIO-DE-HONOR-768x398.jpg 768w, https:\/\/www.asnia.es\/wp-content\/uploads\/2017\/08\/Nombra-SOCIO-DE-HONOR-1024x531.jpg 1024w\" sizes=\"auto, (max-width: 1249px) 100vw, 1249px\" \/><\/a><\/p>\n<p style=\"text-align: justify;\">Hoy nuestro grupo&nbsp;<a class=\"_58cn\" href=\"https:\/\/www.facebook.com\/hashtag\/asniahuelva2017?source=feed_text&amp;story_id=1405670666194390\" data-ft=\"{&quot;tn&quot;:&quot;*N&quot;,&quot;type&quot;:104}\"><span class=\"_5afx\"><span class=\"_58cl _5afz\" aria-label=\"hashtag\">#<\/span><span class=\"_58cm\">AsniaHuelva2017<\/span><\/span><\/a>&nbsp;hemos disfrutado como todo los a\u00f1os de la tradicional Paella en la piscina municipal de Bonares y la posterior merienda en la tarde como gentileza de la Corporaci\u00f3n. Tambi\u00e9n ha sido un d\u00eda muy especial para nuestro colectivo ya que llevamos a cabo el acto que tuvo que ser suspendido el d\u00eda de la llegada de nuestros chic@s debido a los incendios forestales que sufr\u00eda nuestra costa y paraje de Do\u00f1ana. Hoy nuestra Asociaci\u00f3n ha tenido la satisf<span class=\"text_exposed_show\">acci\u00f3n de nombrar SOCIO DE HONOR al Excmo. Ayuntamiento de Bonares en reconocimiento a su larga trayectoria de estrecha colaboraci\u00f3n con nuestro colectivo que se remonta al a\u00f1o 2006, donde surgi\u00f3 el primer n\u00facleo de acogida que posteriormente se constituy\u00f3 en 2008 como ASNIA.HUELVA. Contamos con la asistencia del Alcalde&nbsp;<a class=\"profileLink\" href=\"https:\/\/www.facebook.com\/AlcaldeJuanAntonioGarcia?fref=mentions\" data-hovercard=\"\/ajax\/hovercard\/user.php?id=1392824838&amp;extragetparams=%7B%22fref%22%3A%22mentions%22%7D\" data-hovercard-prefer-more-content-show=\"1\">Juan Antonio Garc\u00eda<\/a>, el Concejal de Bienestar Social,&nbsp;<a class=\"profileLink\" href=\"https:\/\/www.facebook.com\/juande.jaenmoreno?fref=mentions\" data-hovercard=\"\/ajax\/hovercard\/user.php?id=1777639487&amp;extragetparams=%7B%22fref%22%3A%22mentions%22%7D\" data-hovercard-prefer-more-content-show=\"1\">Juande Jaen Moreno,&nbsp;<\/a>el Concejal de Agricultura y Medio Ambiente Juan Manuel Dominguez Coronel y la Concejala de Educaci\u00f3n, Comunicaci\u00f3n y NN.TT. Juventud, Sof\u00eda Rodriguez Toro. Disfrutamos de un ambiente familiar, acogedor y los chic@s lo pasaron genial. Como siempre atendidos en el servicio de catering por Taberna de Vargas, Sal\u00f3n Antonio Olivares.<\/span><\/p>\n<p><a href=\"https:\/\/www.asnia.es\/wp-content\/uploads\/2017\/08\/IMG_0250.jpg\"><img loading=\"lazy\" decoding=\"async\" class=\"aligncenter wp-image-5889 size-full\" src=\"https:\/\/www.asnia.es\/wp-content\/uploads\/2017\/08\/IMG_0250.jpg\" alt=\"\" width=\"960\" height=\"540\" srcset=\"https:\/\/www.asnia.es\/wp-content\/uploads\/2017\/08\/IMG_0250.jpg 960w, https:\/\/www.asnia.es\/wp-content\/uploads\/2017\/08\/IMG_0250-300x169.jpg 300w, https:\/\/www.asnia.es\/wp-content\/uploads\/2017\/08\/IMG_0250-768x432.jpg 768w\" sizes=\"auto, (max-width: 960px) 100vw, 960px\" \/><\/a><\/p>\n","protected":false},"excerpt":{"rendered":"<p>Hoy nuestro grupo&nbsp;#AsniaHuelva2017&nbsp;hemos disfrutado como todo los a\u00f1os de la tradicional Paella en la piscina municipal de Bonares y la posterior merienda en la tarde como gentileza de la Corporaci\u00f3n. Tambi\u00e9n ha sido un d\u00eda muy especial para nuestro colectivo ya que llevamos a cabo el acto que tuvo que ser suspendido el d\u00eda de &hellip; <\/p>\n<p><a class=\"more-link btn\" href=\"https:\/\/www.asnia.es\/?p=5887\">Seguir leyendo<\/a><\/p>\n","protected":false},"author":1,"featured_media":0,"comment_status":"open","ping_status":"open","sticky":false,"template":"","format":"standard","meta":{"ngg_post_thumbnail":0,"footnotes":""},"categories":[1,22,26],"tags":[],"class_list":["post-5887","post","type-post","status-publish","format-standard","hentry","category-general","category-noticias-exposiciones-y-documentales","category-programa-2017","item-wrap"],"_links":{"self":[{"href":"https:\/\/www.asnia.es\/index.php?rest_route=\/wp\/v2\/posts\/5887","targetHints":{"allow":["GET"]}}],"collection":[{"href":"https:\/\/www.asnia.es\/index.php?rest_route=\/wp\/v2\/posts"}],"about":[{"href":"https:\/\/www.asnia.es\/index.php?rest_route=\/wp\/v2\/types\/post"}],"author":[{"embeddable":true,"href":"https:\/\/www.asnia.es\/index.php?rest_route=\/wp\/v2\/users\/1"}],"replies":[{"embeddable":true,"href":"https:\/\/www.asnia.es\/index.php?rest_route=%2Fwp%2Fv2%2Fcomments&post=5887"}],"version-history":[{"count":4,"href":"https:\/\/www.asnia.es\/index.php?rest_route=\/wp\/v2\/posts\/5887\/revisions"}],"predecessor-version":[{"id":5893,"href":"https:\/\/www.asnia.es\/index.php?rest_route=\/wp\/v2\/posts\/5887\/revisions\/5893"}],"wp:attachment":[{"href":"https:\/\/www.asnia.es\/index.php?rest_route=%2Fwp%2Fv2%2Fmedia&parent=5887"}],"wp:term":[{"taxonomy":"category","embeddable":true,"href":"https:\/\/www.asnia.es\/index.php?rest_route=%2Fwp%2Fv2%2Fcategories&post=5887"},{"taxonomy":"post_tag","embeddable":true,"href":"https:\/\/www.asnia.es\/index.php?rest_route=%2Fwp%2Fv2%2Ftags&post=5887"}],"curies":[{"name":"wp","href":"https:\/\/api.w.org\/{rel}","templated":true}]}}