{"id":5882,"date":"2017-06-28T20:05:43","date_gmt":"2017-06-28T18:05:43","guid":{"rendered":"https:\/\/www.asnia.es\/?p=5882"},"modified":"2017-08-13T13:12:48","modified_gmt":"2017-08-13T11:12:48","slug":"5882","status":"publish","type":"post","link":"https:\/\/www.asnia.es\/?p=5882","title":{"rendered":"Pavel Belanov"},"content":{"rendered":"<p style=\"text-align: justify;\">En el d\u00eda de hoy hemos comenzado con la actuaci\u00f3n integral m\u00e9dico sanitaria de Pavel Belanav. Jovencito de nueva incorporaci\u00f3n con severo problema de audici\u00f3n -80% o\u00eddo derecho y -70% o\u00eddo izquierdo, entre otras patolog\u00edas, que se ir\u00e1n tratando al margen. El Centro de Audici\u00f3n GAES colabora voluntariamente en la valoraci\u00f3n de audi\u00f3metria para derivar al especialista otorrinolaring\u00f3logo que de forma tambi\u00e9n voluntaria le valorar\u00e1 el pr\u00f3ximo lunes y determinar la sustituci\u00f3n del aud\u00edfono que ya trae por dos nuevos de mayor resoluci\u00f3n auditiva. Nuestro m\u00e1s sincero agradecimiento por tanta generosidad a estos grandes profesionales. O\u00cdR BIEN, CAMBIA LA VIDA<br \/>\n<a class=\"_58cn\" href=\"https:\/\/www.facebook.com\/hashtag\/asniahuelva2017?source=feed_text&amp;story_id=1395301000564690\" data-ft=\"{&quot;tn&quot;:&quot;*N&quot;,&quot;type&quot;:104}\"><span class=\"_5afx\"><span class=\"_58cl _5afz\" aria-label=\"hashtag\">#<\/span><span class=\"_58cm\">AsniaHuelva2017<\/span><\/span><\/a>&nbsp;<a class=\"_58cn\" href=\"https:\/\/www.facebook.com\/hashtag\/unveranojuntos?source=feed_text&amp;story_id=1395301000564690\" data-ft=\"{&quot;tn&quot;:&quot;*N&quot;,&quot;type&quot;:104}\"><span class=\"_5afx\"><span class=\"_58cl _5afz\" aria-label=\"hashtag\">#<\/span><span class=\"_58cm\">UnVeranoJuntos<\/span><\/span><\/a>&nbsp;<a class=\"_58cn\" href=\"https:\/\/www.facebook.com\/hashtag\/menoscesio137?source=feed_text&amp;story_id=1395301000564690\" data-ft=\"{&quot;tn&quot;:&quot;*N&quot;,&quot;type&quot;:104}\"><span class=\"_5afx\"><span class=\"_58cl _5afz\" aria-label=\"hashtag\">#<\/span><span class=\"_58cm\">MenosCesio137<\/span><\/span><\/a>&nbsp;<\/p>\n<p style=\"text-align: justify;\"><a class=\"_58cn\" href=\"https:\/\/www.facebook.com\/hashtag\/masvida?source=feed_text&amp;story_id=1395301000564690\" data-ft=\"{&quot;tn&quot;:&quot;*N&quot;,&quot;type&quot;:104}\"><span class=\"_5afx\"><span class=\"_58cm\">#MasVida&nbsp;<\/span><\/span><\/a><a class=\"_58cn\" href=\"https:\/\/www.facebook.com\/hashtag\/hijosdechernobyl?source=feed_text&amp;story_id=1395301000564690\" data-ft=\"{&quot;tn&quot;:&quot;*N&quot;,&quot;type&quot;:104}\"><span class=\"_5afx\"><span class=\"_58cl _5afz\" aria-label=\"hashtag\">#<\/span><span class=\"_58cm\">HijosdeChernobyl<\/span><\/span><\/a>&nbsp;<a class=\"_58cn\" href=\"https:\/\/www.facebook.com\/hashtag\/acoge?source=feed_text&amp;story_id=1395301000564690\" data-ft=\"{&quot;tn&quot;:&quot;*N&quot;,&quot;type&quot;:104}\"><span class=\"_5afx\"><span class=\"_58cl _5afz\" aria-label=\"hashtag\">#<\/span><span class=\"_58cm\">ACOGE<\/span><\/span><\/a><\/p>\n<p><a href=\"https:\/\/www.asnia.es\/wp-content\/uploads\/2017\/08\/IMG_1096.jpg\"><img loading=\"lazy\" decoding=\"async\" class=\"aligncenter wp-image-5883 size-full\" src=\"https:\/\/www.asnia.es\/wp-content\/uploads\/2017\/08\/IMG_1096.jpg\" alt=\"\" width=\"4032\" height=\"3024\" srcset=\"https:\/\/www.asnia.es\/wp-content\/uploads\/2017\/08\/IMG_1096.jpg 4032w, https:\/\/www.asnia.es\/wp-content\/uploads\/2017\/08\/IMG_1096-300x225.jpg 300w, https:\/\/www.asnia.es\/wp-content\/uploads\/2017\/08\/IMG_1096-768x576.jpg 768w, https:\/\/www.asnia.es\/wp-content\/uploads\/2017\/08\/IMG_1096-1024x768.jpg 1024w\" sizes=\"auto, (max-width: 4032px) 100vw, 4032px\" \/><\/a><\/p>\n","protected":false},"excerpt":{"rendered":"<p>En el d\u00eda de hoy hemos comenzado con la actuaci\u00f3n integral m\u00e9dico sanitaria de Pavel Belanav. Jovencito de nueva incorporaci\u00f3n con severo problema de audici\u00f3n -80% o\u00eddo derecho y -70% o\u00eddo izquierdo, entre otras patolog\u00edas, que se ir\u00e1n tratando al margen. El Centro de Audici\u00f3n GAES colabora voluntariamente en la valoraci\u00f3n de audi\u00f3metria para derivar &hellip; <\/p>\n<p><a class=\"more-link btn\" href=\"https:\/\/www.asnia.es\/?p=5882\">Seguir leyendo<\/a><\/p>\n","protected":false},"author":1,"featured_media":0,"comment_status":"open","ping_status":"open","sticky":false,"template":"","format":"standard","meta":{"ngg_post_thumbnail":0,"footnotes":""},"categories":[1,26],"tags":[],"class_list":["post-5882","post","type-post","status-publish","format-standard","hentry","category-general","category-programa-2017","item-wrap"],"_links":{"self":[{"href":"https:\/\/www.asnia.es\/index.php?rest_route=\/wp\/v2\/posts\/5882","targetHints":{"allow":["GET"]}}],"collection":[{"href":"https:\/\/www.asnia.es\/index.php?rest_route=\/wp\/v2\/posts"}],"about":[{"href":"https:\/\/www.asnia.es\/index.php?rest_route=\/wp\/v2\/types\/post"}],"author":[{"embeddable":true,"href":"https:\/\/www.asnia.es\/index.php?rest_route=\/wp\/v2\/users\/1"}],"replies":[{"embeddable":true,"href":"https:\/\/www.asnia.es\/index.php?rest_route=%2Fwp%2Fv2%2Fcomments&post=5882"}],"version-history":[{"count":3,"href":"https:\/\/www.asnia.es\/index.php?rest_route=\/wp\/v2\/posts\/5882\/revisions"}],"predecessor-version":[{"id":5886,"href":"https:\/\/www.asnia.es\/index.php?rest_route=\/wp\/v2\/posts\/5882\/revisions\/5886"}],"wp:attachment":[{"href":"https:\/\/www.asnia.es\/index.php?rest_route=%2Fwp%2Fv2%2Fmedia&parent=5882"}],"wp:term":[{"taxonomy":"category","embeddable":true,"href":"https:\/\/www.asnia.es\/index.php?rest_route=%2Fwp%2Fv2%2Fcategories&post=5882"},{"taxonomy":"post_tag","embeddable":true,"href":"https:\/\/www.asnia.es\/index.php?rest_route=%2Fwp%2Fv2%2Ftags&post=5882"}],"curies":[{"name":"wp","href":"https:\/\/api.w.org\/{rel}","templated":true}]}}