{"id":5879,"date":"2017-07-27T12:59:32","date_gmt":"2017-07-27T10:59:32","guid":{"rendered":"https:\/\/www.asnia.es\/?p=5879"},"modified":"2017-08-13T13:05:37","modified_gmt":"2017-08-13T11:05:37","slug":"oir-bien-cambia-la-vida","status":"publish","type":"post","link":"https:\/\/www.asnia.es\/?p=5879","title":{"rendered":"Oir bien cambia la Vida."},"content":{"rendered":"<p style=\"text-align: justify;\">Os acord\u00e1is de PAVEL BELANOV? un joven de 14 a\u00f1os que es acogido en una familia guardadora de ASNIA.HUELVA, (Ram\u00f3n Guzm\u00e1n y Ana Coronel) para el chico primer a\u00f1o de salida a Espa\u00f1a, llego con problemas auditivos (pr\u00f3tesis en el o\u00eddo derecho) entre otras patolog\u00edas que han sido tratadas al margen. Ha sido un reto para nuestra Asociaci\u00f3n y para la Familia Guardadora, eramos conscientes desde el primer momento de las necesidades del chico y de las barreras burocr\u00e1ticas de toda \u00edndole qu<span class=\"text_exposed_show\">e nos pod\u00edamos encontrar, pero con ese objetivo lo incluimos en el programa. Ha sido un largo mes desde la primera prueba auditiva el 27 de Junio, entre otros ex\u00e1menes por especialistas. Se detecta por el otorrino que en el o\u00eddo izquierdo tiene una perdida de audici\u00f3n del 70% por lo que necesita pr\u00f3tesis bilateral. Es en ese momento cuando tanto la familia como la Asociaci\u00f3n pone en marcha las herramientas necesarias para que el Servicio de Salud Publica Andaluza responda a las necesidades del menor, siempre acogi\u00e9ndonos a los derechos que por ley debe tener todo menor que resida de forma permanente o no en Andalucia menores de 16 a\u00f1os, y aun mas siendo estos programas regulados por la Junta de Andalucia y bajo Acuerdo Intergubernamental Espa\u00f1a_Bielorrusia, para el Saneamiento de los HIJOS DE CHERNOBYL. El Jueves 27 de Julio PAVEL BELANOV recibi\u00f3 sus pr\u00f3tesis bilaterales a trav\u00e9s de nuestro Servicio de Salud Publica. Nos sentimos muy agradecidos a todos los profesionales que se han implicado con nuestro Proyecto. Este es el objetivo , proporcionar a los menores un futuro mejor no solo aqu\u00ed, en su pa\u00eds tambien. PAVEL regresara a casa con una garant\u00eda para elevar su proyecci\u00f3n acad\u00e9mica e integraci\u00f3n social.<br \/>\nUn gran esfuerzo por parte de la FAMILIA GUARDADORA que ha tenido conciencia desde el primer momento en el a\u00f1o 2008, del objetivo de nuestros Programas de Sanaci\u00f3n siendo este ya su segundo ciclo de acogida. No obstante como Asociaci\u00f3n, ASNIA.HUELVA en nombre de todas las Familias Guardadoras que la componen, pensamos que esas herramientas deben ser mejoradas salvando lagunas que provocan malentendidos burocr\u00e1ticos para que los chicos que lo necesiten reciban DURANTE LA ESTANCIA la atenci\u00f3n MEDICO SANITARIA necesaria creando articulaciones especificas para ello. LUCHAREMOS POR ELLOS!!!<br \/>\n<a class=\"_58cn\" href=\"https:\/\/www.facebook.com\/hashtag\/objeticocumplido?source=feed_text&amp;story_id=1430340000394123\" data-ft=\"{&quot;tn&quot;:&quot;*N&quot;,&quot;type&quot;:104}\"><span class=\"_5afx\"><span class=\"_58cl _5afz\" aria-label=\"hashtag\">#<\/span><span class=\"_58cm\">ObjeticoCumplido<\/span><\/span><\/a>&nbsp;<a class=\"_58cn\" href=\"https:\/\/www.facebook.com\/hashtag\/sialavida?source=feed_text&amp;story_id=1430340000394123\" data-ft=\"{&quot;tn&quot;:&quot;*N&quot;,&quot;type&quot;:104}\"><span class=\"_5afx\"><span class=\"_58cl _5afz\" aria-label=\"hashtag\">#<\/span><span class=\"_58cm\">SiaLaVida<\/span><\/span><\/a>&nbsp;<a class=\"_58cn\" href=\"https:\/\/www.facebook.com\/hashtag\/acoge?source=feed_text&amp;story_id=1430340000394123\" data-ft=\"{&quot;tn&quot;:&quot;*N&quot;,&quot;type&quot;:104}\"><span class=\"_5afx\"><span class=\"_58cl _5afz\" aria-label=\"hashtag\">#<\/span><span class=\"_58cm\">ACOGE<\/span><\/span><\/a>&nbsp;<a class=\"_58cn\" href=\"https:\/\/www.facebook.com\/hashtag\/hijosdechernobyl?source=feed_text&amp;story_id=1430340000394123\" data-ft=\"{&quot;tn&quot;:&quot;*N&quot;,&quot;type&quot;:104}\"><span class=\"_5afx\"><span class=\"_58cl _5afz\" aria-label=\"hashtag\">#<\/span><span class=\"_58cm\">HijosdeChernobyl<\/span><\/span><\/a><a class=\"_58cn\" href=\"https:\/\/www.facebook.com\/hashtag\/unveranojuntos?source=feed_text&amp;story_id=1430340000394123\" data-ft=\"{&quot;tn&quot;:&quot;*N&quot;,&quot;type&quot;:104}\"><span class=\"_5afx\"><span class=\"_58cl _5afz\" aria-label=\"hashtag\">#<\/span><span class=\"_58cm\">UnVeranoJuntos<\/span><\/span><\/a>&nbsp;<\/span><\/p>\n<p style=\"text-align: justify;\"><span class=\"text_exposed_show\"><a class=\"_58cn\" href=\"https:\/\/www.facebook.com\/hashtag\/unfuturomejor?source=feed_text&amp;story_id=1430340000394123\" data-ft=\"{&quot;tn&quot;:&quot;*N&quot;,&quot;type&quot;:104}\"><span class=\"_5afx\"><span class=\"_58cl _5afz\" aria-label=\"hashtag\">#<\/span><span class=\"_58cm\">UnFuturoMejor<\/span><\/span><\/a>&nbsp;<a class=\"_58cn\" href=\"https:\/\/www.facebook.com\/hashtag\/venconnosotros2018?source=feed_text&amp;story_id=1430340000394123\" data-ft=\"{&quot;tn&quot;:&quot;*N&quot;,&quot;type&quot;:104}\"><span class=\"_5afx\"><span class=\"_58cl _5afz\" aria-label=\"hashtag\">#<\/span><span class=\"_58cm\">VenConNosotros2018<\/span><\/span><\/a><\/span><\/p>\n<p><a href=\"https:\/\/www.asnia.es\/wp-content\/uploads\/2017\/08\/IMG_1871_1.jpg\"><img loading=\"lazy\" decoding=\"async\" class=\"aligncenter size-full wp-image-5880\" src=\"https:\/\/www.asnia.es\/wp-content\/uploads\/2017\/08\/IMG_1871_1.jpg\" alt=\"\" width=\"747\" height=\"1328\" srcset=\"https:\/\/www.asnia.es\/wp-content\/uploads\/2017\/08\/IMG_1871_1.jpg 747w, https:\/\/www.asnia.es\/wp-content\/uploads\/2017\/08\/IMG_1871_1-169x300.jpg 169w, https:\/\/www.asnia.es\/wp-content\/uploads\/2017\/08\/IMG_1871_1-576x1024.jpg 576w\" sizes=\"auto, (max-width: 747px) 100vw, 747px\" \/><\/a><\/p>\n","protected":false},"excerpt":{"rendered":"<p>Os acord\u00e1is de PAVEL BELANOV? un joven de 14 a\u00f1os que es acogido en una familia guardadora de ASNIA.HUELVA, (Ram\u00f3n Guzm\u00e1n y Ana Coronel) para el chico primer a\u00f1o de salida a Espa\u00f1a, llego con problemas auditivos (pr\u00f3tesis en el o\u00eddo derecho) entre otras patolog\u00edas que han sido tratadas al margen. Ha sido un reto &hellip; <\/p>\n<p><a class=\"more-link btn\" href=\"https:\/\/www.asnia.es\/?p=5879\">Seguir leyendo<\/a><\/p>\n","protected":false},"author":1,"featured_media":0,"comment_status":"open","ping_status":"open","sticky":false,"template":"","format":"standard","meta":{"ngg_post_thumbnail":0,"footnotes":""},"categories":[1,26],"tags":[],"class_list":["post-5879","post","type-post","status-publish","format-standard","hentry","category-general","category-programa-2017","item-wrap"],"_links":{"self":[{"href":"https:\/\/www.asnia.es\/index.php?rest_route=\/wp\/v2\/posts\/5879","targetHints":{"allow":["GET"]}}],"collection":[{"href":"https:\/\/www.asnia.es\/index.php?rest_route=\/wp\/v2\/posts"}],"about":[{"href":"https:\/\/www.asnia.es\/index.php?rest_route=\/wp\/v2\/types\/post"}],"author":[{"embeddable":true,"href":"https:\/\/www.asnia.es\/index.php?rest_route=\/wp\/v2\/users\/1"}],"replies":[{"embeddable":true,"href":"https:\/\/www.asnia.es\/index.php?rest_route=%2Fwp%2Fv2%2Fcomments&post=5879"}],"version-history":[{"count":1,"href":"https:\/\/www.asnia.es\/index.php?rest_route=\/wp\/v2\/posts\/5879\/revisions"}],"predecessor-version":[{"id":5881,"href":"https:\/\/www.asnia.es\/index.php?rest_route=\/wp\/v2\/posts\/5879\/revisions\/5881"}],"wp:attachment":[{"href":"https:\/\/www.asnia.es\/index.php?rest_route=%2Fwp%2Fv2%2Fmedia&parent=5879"}],"wp:term":[{"taxonomy":"category","embeddable":true,"href":"https:\/\/www.asnia.es\/index.php?rest_route=%2Fwp%2Fv2%2Fcategories&post=5879"},{"taxonomy":"post_tag","embeddable":true,"href":"https:\/\/www.asnia.es\/index.php?rest_route=%2Fwp%2Fv2%2Ftags&post=5879"}],"curies":[{"name":"wp","href":"https:\/\/api.w.org\/{rel}","templated":true}]}}