{"id":5866,"date":"2017-06-20T12:40:35","date_gmt":"2017-06-20T10:40:35","guid":{"rendered":"https:\/\/www.asnia.es\/?p=5866"},"modified":"2017-06-20T12:40:35","modified_gmt":"2017-06-20T10:40:35","slug":"dia-mundial-del-refugiado","status":"publish","type":"post","link":"https:\/\/www.asnia.es\/?p=5866","title":{"rendered":"D\u00eda Mundial del Refugiado"},"content":{"rendered":"<p style=\"text-align: justify;\"><a href=\"https:\/\/www.asnia.es\/wp-content\/uploads\/2017\/06\/REFUGIADOS.jpg\"><img loading=\"lazy\" decoding=\"async\" class=\"aligncenter wp-image-5867 size-full\" src=\"https:\/\/www.asnia.es\/wp-content\/uploads\/2017\/06\/REFUGIADOS.jpg\" alt=\"\" width=\"3630\" height=\"3260\" srcset=\"https:\/\/www.asnia.es\/wp-content\/uploads\/2017\/06\/REFUGIADOS.jpg 3630w, https:\/\/www.asnia.es\/wp-content\/uploads\/2017\/06\/REFUGIADOS-300x269.jpg 300w, https:\/\/www.asnia.es\/wp-content\/uploads\/2017\/06\/REFUGIADOS-768x690.jpg 768w, https:\/\/www.asnia.es\/wp-content\/uploads\/2017\/06\/REFUGIADOS-1024x920.jpg 1024w\" sizes=\"auto, (max-width: 3630px) 100vw, 3630px\" \/><\/a><\/p>\n<p style=\"text-align: justify;\">\u00abDebemos acompa\u00f1ar a los millones de hombres, mujeres y ni\u00f1os que huyen de sus hogares cada a\u00f1o, velando por que se protejan sus derechos y su dignidad, dondequiera que se encuentren, y recordando que la solidaridad y la compasi\u00f3n son la esencia de nuestra respuesta colectiva.\u00bb<br \/>\nEste es el mensaje hoy 20 de Junio, del Secretario General de la ONU con motivo del D\u00eda Mundial de los Refugiados.<br \/>\nUn dato importante: en el mundo en que vivimos hay m\u00e1s personas desplazadas por <a class=\"_58cn\" href=\"https:\/\/www.facebook.com\/hashtag\/conflictos?source=feed_text\" data-ft=\"{&quot;tn&quot;:&quot;*N&quot;,&quot;type&quot;:104}\"><span class=\"_5afx\"><span class=\"_58cl _5afz\">#<\/span><span class=\"_58cm\">confl<span class=\"text_exposed_show\">ictos<\/span><\/span><\/span><\/a><span class=\"text_exposed_show\"> que en cualquier otro momento desde la II Guerra Mundial.<br \/>\nEn atenci\u00f3n al mensaje y a este relevante dato, desde la Federaci\u00f3n Espa\u00f1ola FEDASIB, en nombre de las asociaciones federadas que realizamos programas de estancia temporal para <a class=\"_58cn\" href=\"https:\/\/www.facebook.com\/hashtag\/menores?source=feed_text\" data-ft=\"{&quot;tn&quot;:&quot;*N&quot;,&quot;type&quot;:104}\"><span class=\"_5afx\"><span class=\"_58cl _5afz\">#<\/span><span class=\"_58cm\">menores<\/span><\/span><\/a> afectados por <a class=\"_58cn\" href=\"https:\/\/www.facebook.com\/hashtag\/chernobyl?source=feed_text\" data-ft=\"{&quot;tn&quot;:&quot;*N&quot;,&quot;type&quot;:104}\"><span class=\"_5afx\"><span class=\"_58cl _5afz\">#<\/span><span class=\"_58cm\">Chernobyl<\/span><\/span><\/a>, queremos rendir homenaje al valor y la resiliencia de millones de familias que se han visto obligadas a dejarlo todo atr\u00e1s por causa de la guerra, la persecuci\u00f3n y los <a class=\"_58cn\" href=\"https:\/\/www.facebook.com\/hashtag\/desastresmedioambientales?source=feed_text\" data-ft=\"{&quot;tn&quot;:&quot;*N&quot;,&quot;type&quot;:104}\"><span class=\"_5afx\"><span class=\"_58cl _5afz\">#<\/span><span class=\"_58cm\">desastresmedioambientales<\/span><\/span><\/a>, que tambi\u00e9n existen.<br \/>\nPor todas las personas, que <a class=\"_58cn\" href=\"https:\/\/www.facebook.com\/hashtag\/huyeron?source=feed_text\" data-ft=\"{&quot;tn&quot;:&quot;*N&quot;,&quot;type&quot;:104}\"><span class=\"_5afx\"><span class=\"_58cl _5afz\">#<\/span><span class=\"_58cm\">huyeron<\/span><\/span><\/a>, <a class=\"_58cn\" href=\"https:\/\/www.facebook.com\/hashtag\/volvieron?source=feed_text\" data-ft=\"{&quot;tn&quot;:&quot;*N&quot;,&quot;type&quot;:104}\"><span class=\"_5afx\"><span class=\"_58cl _5afz\">#<\/span><span class=\"_58cm\">volvieron<\/span><\/span><\/a>, <a class=\"_58cn\" href=\"https:\/\/www.facebook.com\/hashtag\/permanecen?source=feed_text\" data-ft=\"{&quot;tn&quot;:&quot;*N&quot;,&quot;type&quot;:104}\"><span class=\"_5afx\"><span class=\"_58cl _5afz\">#<\/span><span class=\"_58cm\">permanecen<\/span><\/span><\/a> o <a class=\"_58cn\" href=\"https:\/\/www.facebook.com\/hashtag\/nuncasalieron?source=feed_text\" data-ft=\"{&quot;tn&quot;:&quot;*N&quot;,&quot;type&quot;:104}\"><span class=\"_5afx\"><span class=\"_58cl _5afz\">#<\/span><span class=\"_58cm\">nuncasalieron<\/span><\/span><\/a> del lugar que les est\u00e1 matando, como es tambien el caso despu\u00e9s de 31 a\u00f1os de la v\u00edctimas que padecen las consecuencias del mayor desastre medioambiental del mundo a d\u00eda de hoy #CHERNOBYL.<br \/>\nSu futuro depende de todos.<br \/>\n<a class=\"_58cn\" href=\"https:\/\/www.facebook.com\/hashtag\/conlosrefugiados?source=feed_text\" data-ft=\"{&quot;tn&quot;:&quot;*N&quot;,&quot;type&quot;:104}\"><span class=\"_5afx\"><span class=\"_58cl _5afz\">#<\/span><span class=\"_58cm\">ConLosRefugiados<\/span><\/span><\/a> <a class=\"_58cn\" href=\"https:\/\/www.facebook.com\/hashtag\/dona?source=feed_text\" data-ft=\"{&quot;tn&quot;:&quot;*N&quot;,&quot;type&quot;:104}\"><span class=\"_5afx\"><span class=\"_58cl _5afz\">#<\/span><span class=\"_58cm\">Dona<\/span><\/span><\/a> <a class=\"_58cn\" href=\"https:\/\/www.facebook.com\/hashtag\/acoge?source=feed_text\" data-ft=\"{&quot;tn&quot;:&quot;*N&quot;,&quot;type&quot;:104}\"><span class=\"_5afx\"><span class=\"_58cl _5afz\">#<\/span><span class=\"_58cm\">ACOGE<\/span><\/span><\/a> <a class=\"_58cn\" href=\"https:\/\/www.facebook.com\/hashtag\/voluntario?source=feed_text\" data-ft=\"{&quot;tn&quot;:&quot;*N&quot;,&quot;type&quot;:104}\"><span class=\"_5afx\"><span class=\"_58cl _5afz\">#<\/span><span class=\"_58cm\">Voluntario<\/span><\/span><\/a> <a class=\"_58cn\" href=\"https:\/\/www.facebook.com\/hashtag\/solidaridad?source=feed_text\" data-ft=\"{&quot;tn&quot;:&quot;*N&quot;,&quot;type&quot;:104}\"><span class=\"_5afx\"><span class=\"_58cl _5afz\">#<\/span><span class=\"_58cm\">Solidaridad<\/span><\/span><\/a><br \/>\n<a class=\"_58cn\" href=\"https:\/\/www.facebook.com\/hashtag\/conloshijosdechernobyl?source=feed_text\" data-ft=\"{&quot;tn&quot;:&quot;*N&quot;,&quot;type&quot;:104}\"><span class=\"_5afx\"><span class=\"_58cl _5afz\">#<\/span><span class=\"_58cm\">ConlosHijosdeChernobyl<\/span><\/span><\/a> #ACOGE #Dona #Voluntario #Solidaridad<\/span><\/p>\n","protected":false},"excerpt":{"rendered":"<p>\u00abDebemos acompa\u00f1ar a los millones de hombres, mujeres y ni\u00f1os que huyen de sus hogares cada a\u00f1o, velando por que se protejan sus derechos y su dignidad, dondequiera que se encuentren, y recordando que la solidaridad y la compasi\u00f3n son la esencia de nuestra respuesta colectiva.\u00bb Este es el mensaje hoy 20 de Junio, del &hellip; <\/p>\n<p><a class=\"more-link btn\" href=\"https:\/\/www.asnia.es\/?p=5866\">Seguir leyendo<\/a><\/p>\n","protected":false},"author":1,"featured_media":0,"comment_status":"open","ping_status":"open","sticky":false,"template":"","format":"standard","meta":{"ngg_post_thumbnail":0,"footnotes":""},"categories":[1,22,26],"tags":[],"class_list":["post-5866","post","type-post","status-publish","format-standard","hentry","category-general","category-noticias-exposiciones-y-documentales","category-programa-2017","item-wrap"],"_links":{"self":[{"href":"https:\/\/www.asnia.es\/index.php?rest_route=\/wp\/v2\/posts\/5866","targetHints":{"allow":["GET"]}}],"collection":[{"href":"https:\/\/www.asnia.es\/index.php?rest_route=\/wp\/v2\/posts"}],"about":[{"href":"https:\/\/www.asnia.es\/index.php?rest_route=\/wp\/v2\/types\/post"}],"author":[{"embeddable":true,"href":"https:\/\/www.asnia.es\/index.php?rest_route=\/wp\/v2\/users\/1"}],"replies":[{"embeddable":true,"href":"https:\/\/www.asnia.es\/index.php?rest_route=%2Fwp%2Fv2%2Fcomments&post=5866"}],"version-history":[{"count":1,"href":"https:\/\/www.asnia.es\/index.php?rest_route=\/wp\/v2\/posts\/5866\/revisions"}],"predecessor-version":[{"id":5868,"href":"https:\/\/www.asnia.es\/index.php?rest_route=\/wp\/v2\/posts\/5866\/revisions\/5868"}],"wp:attachment":[{"href":"https:\/\/www.asnia.es\/index.php?rest_route=%2Fwp%2Fv2%2Fmedia&parent=5866"}],"wp:term":[{"taxonomy":"category","embeddable":true,"href":"https:\/\/www.asnia.es\/index.php?rest_route=%2Fwp%2Fv2%2Fcategories&post=5866"},{"taxonomy":"post_tag","embeddable":true,"href":"https:\/\/www.asnia.es\/index.php?rest_route=%2Fwp%2Fv2%2Ftags&post=5866"}],"curies":[{"name":"wp","href":"https:\/\/api.w.org\/{rel}","templated":true}]}}