{"id":5848,"date":"2017-05-18T00:32:07","date_gmt":"2017-05-17T22:32:07","guid":{"rendered":"https:\/\/www.asnia.es\/?p=5848"},"modified":"2017-05-18T00:32:07","modified_gmt":"2017-05-17T22:32:07","slug":"jornada-de-puertas-abiertas-paymogo","status":"publish","type":"post","link":"https:\/\/www.asnia.es\/?p=5848","title":{"rendered":"Jornada de Puertas Abiertas &#8211; Paymogo"},"content":{"rendered":"<p style=\"text-align: justify;\">A petici\u00f3n del CEIP EMILIO P\u00c9REZ MOLINA de Paymogo (Huelva) y con la colaboraci\u00f3n del EXCMO. AYUNTAMIENTO DE PAYMOGO, #AsniaHuelva, celebrar\u00e1 Jornada de Puertas Abiertas en el Sal\u00f3n Pagos de Sierra de dicha localidad el pr\u00f3ximo d\u00eda 8 de Junio a las 11:00 h hasta las 14:00 h. Se realizar\u00e1n dos bloques de conferencia de cara al pr\u00f3ximo Programa 2018.<br \/>\nSi no has llegado a tiempo para nuestro Programa de #Sanacion2017, te esperamos para 2018.<\/p>\n<p style=\"text-align: center;\">#meacogesentucasa #UnVeranoJuntos #asolo39dias<\/p>\n<p style=\"text-align: center;\"><a href=\"https:\/\/www.asnia.es\/wp-content\/uploads\/2017\/05\/CARTEL-PAYMOGO.jpg\"><img loading=\"lazy\" decoding=\"async\" class=\"aligncenter wp-image-5849 size-full\" src=\"https:\/\/www.asnia.es\/wp-content\/uploads\/2017\/05\/CARTEL-PAYMOGO.jpg\" alt=\"\" width=\"5275\" height=\"7477\" srcset=\"https:\/\/www.asnia.es\/wp-content\/uploads\/2017\/05\/CARTEL-PAYMOGO.jpg 5275w, https:\/\/www.asnia.es\/wp-content\/uploads\/2017\/05\/CARTEL-PAYMOGO-212x300.jpg 212w, https:\/\/www.asnia.es\/wp-content\/uploads\/2017\/05\/CARTEL-PAYMOGO-768x1089.jpg 768w, https:\/\/www.asnia.es\/wp-content\/uploads\/2017\/05\/CARTEL-PAYMOGO-722x1024.jpg 722w\" sizes=\"auto, (max-width: 5275px) 100vw, 5275px\" \/><\/a><\/p>\n","protected":false},"excerpt":{"rendered":"<p>A petici\u00f3n del CEIP EMILIO P\u00c9REZ MOLINA de Paymogo (Huelva) y con la colaboraci\u00f3n del EXCMO. AYUNTAMIENTO DE PAYMOGO, #AsniaHuelva, celebrar\u00e1 Jornada de Puertas Abiertas en el Sal\u00f3n Pagos de Sierra de dicha localidad el pr\u00f3ximo d\u00eda 8 de Junio a las 11:00 h hasta las 14:00 h. Se realizar\u00e1n dos bloques de conferencia de &hellip; <\/p>\n<p><a class=\"more-link btn\" href=\"https:\/\/www.asnia.es\/?p=5848\">Seguir leyendo<\/a><\/p>\n","protected":false},"author":1,"featured_media":0,"comment_status":"open","ping_status":"open","sticky":false,"template":"","format":"standard","meta":{"ngg_post_thumbnail":0,"footnotes":""},"categories":[1,26],"tags":[],"class_list":["post-5848","post","type-post","status-publish","format-standard","hentry","category-general","category-programa-2017","item-wrap"],"_links":{"self":[{"href":"https:\/\/www.asnia.es\/index.php?rest_route=\/wp\/v2\/posts\/5848","targetHints":{"allow":["GET"]}}],"collection":[{"href":"https:\/\/www.asnia.es\/index.php?rest_route=\/wp\/v2\/posts"}],"about":[{"href":"https:\/\/www.asnia.es\/index.php?rest_route=\/wp\/v2\/types\/post"}],"author":[{"embeddable":true,"href":"https:\/\/www.asnia.es\/index.php?rest_route=\/wp\/v2\/users\/1"}],"replies":[{"embeddable":true,"href":"https:\/\/www.asnia.es\/index.php?rest_route=%2Fwp%2Fv2%2Fcomments&post=5848"}],"version-history":[{"count":1,"href":"https:\/\/www.asnia.es\/index.php?rest_route=\/wp\/v2\/posts\/5848\/revisions"}],"predecessor-version":[{"id":5850,"href":"https:\/\/www.asnia.es\/index.php?rest_route=\/wp\/v2\/posts\/5848\/revisions\/5850"}],"wp:attachment":[{"href":"https:\/\/www.asnia.es\/index.php?rest_route=%2Fwp%2Fv2%2Fmedia&parent=5848"}],"wp:term":[{"taxonomy":"category","embeddable":true,"href":"https:\/\/www.asnia.es\/index.php?rest_route=%2Fwp%2Fv2%2Fcategories&post=5848"},{"taxonomy":"post_tag","embeddable":true,"href":"https:\/\/www.asnia.es\/index.php?rest_route=%2Fwp%2Fv2%2Ftags&post=5848"}],"curies":[{"name":"wp","href":"https:\/\/api.w.org\/{rel}","templated":true}]}}