{"id":5833,"date":"2017-05-04T15:49:15","date_gmt":"2017-05-04T13:49:15","guid":{"rendered":"https:\/\/www.asnia.es\/?p=5833"},"modified":"2017-05-04T15:51:37","modified_gmt":"2017-05-04T13:51:37","slug":"llegamos-el-25-de-junio-un-ano-mas-en-casa","status":"publish","type":"post","link":"https:\/\/www.asnia.es\/?p=5833","title":{"rendered":"Llegamos el 25 de Junio&#8230;un a\u00f1o mas en casa."},"content":{"rendered":"<p style=\"text-align: justify;\">El grupo Asnia.Huelva llegara este a\u00f1o el d\u00eda 25 de Junio y permanecer\u00e1 hasta el 15 de Agosto. Comenzamos a cerrar calendario de actividades y revisiones medico-sanitarias.<br \/>\nTambi\u00e9n volvemos a cerrar colaboraci\u00f3n y compromiso con Cl\u00ednica Baviera en Huelva y Ayuntamiento de Bonares. <a class=\"_58cn\" href=\"https:\/\/www.facebook.com\/hashtag\/asolo52dias?source=feed_text&amp;story_id=1342550842506373\" data-ft=\"{&quot;tn&quot;:&quot;*N&quot;,&quot;type&quot;:104}\"><span class=\"_5afx\"><span class=\"_58cl _5afz\">#<\/span><span class=\"_58cm\">Asolo52dias<\/span><\/span><\/a>.<br \/>\n<a class=\"_58cn\" href=\"https:\/\/www.facebook.com\/hashtag\/sialavida?source=feed_text&amp;story_id=1342550842506373\" data-ft=\"{&quot;tn&quot;:&quot;*N&quot;,&quot;type&quot;:104}\"><span class=\"_5afx\"><span class=\"_58cl _5afz\">#<\/span><span class=\"_58cm\">sialavida<\/span><\/span><\/a> <a class=\"_58cn\" href=\"https:\/\/www.facebook.com\/hashtag\/acogida?source=feed_text&amp;story_id=1342550842506373\" data-ft=\"{&quot;tn&quot;:&quot;*N&quot;,&quot;type&quot;:104}\"><span class=\"_5afx\"><span class=\"_58cl _5afz\">#<\/span><span class=\"_58cm\">acogida<\/span><\/span><\/a> <a class=\"_58cn\" href=\"https:\/\/www.facebook.com\/hashtag\/voluntariado?source=feed_text&amp;story_id=1342550842506373\" data-ft=\"{&quot;tn&quot;:&quot;*N&quot;,&quot;type&quot;:104}\"><span class=\"_5afx\"><span class=\"_58cl _5afz\">#<\/span><span class=\"_58cm\">voluntariado<\/span><\/span><\/a> <a class=\"_58cn\" href=\"https:\/\/www.facebook.com\/hashtag\/ayudahumanitaria?source=feed_text&amp;story_id=1342550842506373\" data-ft=\"{&quot;tn&quot;:&quot;*N&quot;,&quot;type&quot;:104}\"><span class=\"_5afx\"><span class=\"_58cl _5afz\">#<\/span><span class=\"_58cm\">ayudahumanitaria<\/span><\/span><\/a><\/p>\n<p style=\"text-align: justify;\"><a href=\"https:\/\/www.asnia.es\/wp-content\/uploads\/2017\/05\/NOTA-PRENSA-AYUNTAMIENTO-BONARES-2017.jpg\"><img loading=\"lazy\" decoding=\"async\" class=\" wp-image-5834 alignleft\" src=\"https:\/\/www.asnia.es\/wp-content\/uploads\/2017\/05\/NOTA-PRENSA-AYUNTAMIENTO-BONARES-2017-212x300.jpg\" alt=\"\" width=\"200\" height=\"283\" srcset=\"https:\/\/www.asnia.es\/wp-content\/uploads\/2017\/05\/NOTA-PRENSA-AYUNTAMIENTO-BONARES-2017-212x300.jpg 212w, https:\/\/www.asnia.es\/wp-content\/uploads\/2017\/05\/NOTA-PRENSA-AYUNTAMIENTO-BONARES-2017-768x1085.jpg 768w, https:\/\/www.asnia.es\/wp-content\/uploads\/2017\/05\/NOTA-PRENSA-AYUNTAMIENTO-BONARES-2017-725x1024.jpg 725w, https:\/\/www.asnia.es\/wp-content\/uploads\/2017\/05\/NOTA-PRENSA-AYUNTAMIENTO-BONARES-2017.jpg 1764w\" sizes=\"auto, (max-width: 200px) 100vw, 200px\" \/><\/a> <a href=\"https:\/\/www.asnia.es\/wp-content\/uploads\/2017\/05\/NOTA-PRENSA-CLINICA-BAVIERA-2017.jpg\"><img loading=\"lazy\" decoding=\"async\" class=\"aligncenter wp-image-5835\" src=\"https:\/\/www.asnia.es\/wp-content\/uploads\/2017\/05\/NOTA-PRENSA-CLINICA-BAVIERA-2017-212x300.jpg\" alt=\"\" width=\"200\" height=\"283\" srcset=\"https:\/\/www.asnia.es\/wp-content\/uploads\/2017\/05\/NOTA-PRENSA-CLINICA-BAVIERA-2017-212x300.jpg 212w, https:\/\/www.asnia.es\/wp-content\/uploads\/2017\/05\/NOTA-PRENSA-CLINICA-BAVIERA-2017-768x1087.jpg 768w, https:\/\/www.asnia.es\/wp-content\/uploads\/2017\/05\/NOTA-PRENSA-CLINICA-BAVIERA-2017-724x1024.jpg 724w, https:\/\/www.asnia.es\/wp-content\/uploads\/2017\/05\/NOTA-PRENSA-CLINICA-BAVIERA-2017.jpg 1653w\" sizes=\"auto, (max-width: 200px) 100vw, 200px\" \/><\/a><\/p>\n<p style=\"text-align: justify;\">&nbsp;<\/p>\n","protected":false},"excerpt":{"rendered":"<p>El grupo Asnia.Huelva llegara este a\u00f1o el d\u00eda 25 de Junio y permanecer\u00e1 hasta el 15 de Agosto. Comenzamos a cerrar calendario de actividades y revisiones medico-sanitarias. Tambi\u00e9n volvemos a cerrar colaboraci\u00f3n y compromiso con Cl\u00ednica Baviera en Huelva y Ayuntamiento de Bonares. #Asolo52dias. #sialavida #acogida #voluntariado #ayudahumanitaria &nbsp;<\/p>\n","protected":false},"author":1,"featured_media":0,"comment_status":"open","ping_status":"open","sticky":false,"template":"","format":"standard","meta":{"ngg_post_thumbnail":0,"footnotes":""},"categories":[1,22,26],"tags":[],"class_list":["post-5833","post","type-post","status-publish","format-standard","hentry","category-general","category-noticias-exposiciones-y-documentales","category-programa-2017","item-wrap"],"_links":{"self":[{"href":"https:\/\/www.asnia.es\/index.php?rest_route=\/wp\/v2\/posts\/5833","targetHints":{"allow":["GET"]}}],"collection":[{"href":"https:\/\/www.asnia.es\/index.php?rest_route=\/wp\/v2\/posts"}],"about":[{"href":"https:\/\/www.asnia.es\/index.php?rest_route=\/wp\/v2\/types\/post"}],"author":[{"embeddable":true,"href":"https:\/\/www.asnia.es\/index.php?rest_route=\/wp\/v2\/users\/1"}],"replies":[{"embeddable":true,"href":"https:\/\/www.asnia.es\/index.php?rest_route=%2Fwp%2Fv2%2Fcomments&post=5833"}],"version-history":[{"count":3,"href":"https:\/\/www.asnia.es\/index.php?rest_route=\/wp\/v2\/posts\/5833\/revisions"}],"predecessor-version":[{"id":5838,"href":"https:\/\/www.asnia.es\/index.php?rest_route=\/wp\/v2\/posts\/5833\/revisions\/5838"}],"wp:attachment":[{"href":"https:\/\/www.asnia.es\/index.php?rest_route=%2Fwp%2Fv2%2Fmedia&parent=5833"}],"wp:term":[{"taxonomy":"category","embeddable":true,"href":"https:\/\/www.asnia.es\/index.php?rest_route=%2Fwp%2Fv2%2Fcategories&post=5833"},{"taxonomy":"post_tag","embeddable":true,"href":"https:\/\/www.asnia.es\/index.php?rest_route=%2Fwp%2Fv2%2Ftags&post=5833"}],"curies":[{"name":"wp","href":"https:\/\/api.w.org\/{rel}","templated":true}]}}