{"id":5830,"date":"2017-04-30T15:42:57","date_gmt":"2017-04-30T13:42:57","guid":{"rendered":"https:\/\/www.asnia.es\/?p=5830"},"modified":"2017-05-04T15:45:24","modified_gmt":"2017-05-04T13:45:24","slug":"dia-universal-del-nino-2","status":"publish","type":"post","link":"https:\/\/www.asnia.es\/?p=5830","title":{"rendered":"D\u00eda Universal del Ni\u00f1o"},"content":{"rendered":"<p><a class=\"_58cn\" href=\"https:\/\/www.facebook.com\/hashtag\/eld%C3%ADauniversaldelni%C3%B1o?source=feed_text&amp;story_id=10212950915625844\" data-ft=\"{&quot;tn&quot;:&quot;*N&quot;,&quot;type&quot;:104}\"><span class=\"_5afx\"><span class=\"_58cl _5afz\">#<\/span><span class=\"_58cm\">ElD\u00edaUniversaldelNi\u00f1o<\/span><\/span><\/a>, es una celebraci\u00f3n moci\u00f3n del bienestar y de los derechos de los ni\u00f1os, es celebrado en varios pa\u00edses en diferentes fechas. La <a class=\"_58cn\" href=\"https:\/\/www.facebook.com\/hashtag\/organizaci%C3%B3n?source=feed_text&amp;story_id=10212950915625844\" data-ft=\"{&quot;tn&quot;:&quot;*N&quot;,&quot;type&quot;:104}\"><span class=\"_5afx\"><span class=\"_58cl _5afz\">#<\/span><span class=\"_58cm\">Organizaci\u00f3n<\/span><\/span><\/a> de las <a class=\"_58cn\" href=\"https:\/\/www.facebook.com\/hashtag\/nacionesunidas?source=feed_text&amp;story_id=10212950915625844\" data-ft=\"{&quot;tn&quot;:&quot;*N&quot;,&quot;type&quot;:104}\"><span class=\"_5afx\"><span class=\"_58cl _5afz\">#<\/span><span class=\"_58cm\">NacionesUnidas<\/span><\/span><\/a> lo celebra hoy <a class=\"_58cn\" href=\"https:\/\/www.facebook.com\/hashtag\/30deabril?source=feed_text&amp;story_id=10212950915625844\" data-ft=\"{&quot;tn&quot;:&quot;*N&quot;,&quot;type&quot;:104}\"><span class=\"_5afx\"><span class=\"_58cl _5afz\">#<\/span><span class=\"_58cm\">30deabril<\/span><\/span><\/a>.<\/p>\n<p><a href=\"https:\/\/www.asnia.es\/wp-content\/uploads\/2017\/05\/18193986_10212950915065830_7335354010760505912_n.jpg\"><img loading=\"lazy\" decoding=\"async\" class=\"aligncenter  wp-image-5831\" src=\"https:\/\/www.asnia.es\/wp-content\/uploads\/2017\/05\/18193986_10212950915065830_7335354010760505912_n-300x133.jpg\" alt=\"\" width=\"386\" height=\"171\" srcset=\"https:\/\/www.asnia.es\/wp-content\/uploads\/2017\/05\/18193986_10212950915065830_7335354010760505912_n-300x133.jpg 300w, https:\/\/www.asnia.es\/wp-content\/uploads\/2017\/05\/18193986_10212950915065830_7335354010760505912_n.jpg 500w\" sizes=\"auto, (max-width: 386px) 100vw, 386px\" \/><\/a><\/p>\n","protected":false},"excerpt":{"rendered":"<p>#ElD\u00edaUniversaldelNi\u00f1o, es una celebraci\u00f3n moci\u00f3n del bienestar y de los derechos de los ni\u00f1os, es celebrado en varios pa\u00edses en diferentes fechas. La #Organizaci\u00f3n de las #NacionesUnidas lo celebra hoy #30deabril.<\/p>\n","protected":false},"author":1,"featured_media":0,"comment_status":"open","ping_status":"open","sticky":false,"template":"","format":"standard","meta":{"ngg_post_thumbnail":0,"footnotes":""},"categories":[1,26],"tags":[],"class_list":["post-5830","post","type-post","status-publish","format-standard","hentry","category-general","category-programa-2017","item-wrap"],"_links":{"self":[{"href":"https:\/\/www.asnia.es\/index.php?rest_route=\/wp\/v2\/posts\/5830","targetHints":{"allow":["GET"]}}],"collection":[{"href":"https:\/\/www.asnia.es\/index.php?rest_route=\/wp\/v2\/posts"}],"about":[{"href":"https:\/\/www.asnia.es\/index.php?rest_route=\/wp\/v2\/types\/post"}],"author":[{"embeddable":true,"href":"https:\/\/www.asnia.es\/index.php?rest_route=\/wp\/v2\/users\/1"}],"replies":[{"embeddable":true,"href":"https:\/\/www.asnia.es\/index.php?rest_route=%2Fwp%2Fv2%2Fcomments&post=5830"}],"version-history":[{"count":1,"href":"https:\/\/www.asnia.es\/index.php?rest_route=\/wp\/v2\/posts\/5830\/revisions"}],"predecessor-version":[{"id":5832,"href":"https:\/\/www.asnia.es\/index.php?rest_route=\/wp\/v2\/posts\/5830\/revisions\/5832"}],"wp:attachment":[{"href":"https:\/\/www.asnia.es\/index.php?rest_route=%2Fwp%2Fv2%2Fmedia&parent=5830"}],"wp:term":[{"taxonomy":"category","embeddable":true,"href":"https:\/\/www.asnia.es\/index.php?rest_route=%2Fwp%2Fv2%2Fcategories&post=5830"},{"taxonomy":"post_tag","embeddable":true,"href":"https:\/\/www.asnia.es\/index.php?rest_route=%2Fwp%2Fv2%2Ftags&post=5830"}],"curies":[{"name":"wp","href":"https:\/\/api.w.org\/{rel}","templated":true}]}}