{"id":5827,"date":"2017-04-26T15:36:41","date_gmt":"2017-04-26T13:36:41","guid":{"rendered":"https:\/\/www.asnia.es\/?p=5827"},"modified":"2017-05-04T15:42:49","modified_gmt":"2017-05-04T13:42:49","slug":"26-de-abril-dia-internacional-para-el-recuerdo-de-chernobyl","status":"publish","type":"post","link":"https:\/\/www.asnia.es\/?p=5827","title":{"rendered":"26 de Abril, D\u00eda Internacional para el recuerdo de Chernobyl"},"content":{"rendered":"<p>&nbsp;<a href=\"https:\/\/www.asnia.es\/wp-content\/uploads\/2017\/05\/consecuencias_Catastrofe_Chernobyl.jpg\"><img loading=\"lazy\" decoding=\"async\" class=\"aligncenter  wp-image-5828\" src=\"https:\/\/www.asnia.es\/wp-content\/uploads\/2017\/05\/consecuencias_Catastrofe_Chernobyl-300x169.jpg\" alt=\"\" width=\"405\" height=\"228\" srcset=\"https:\/\/www.asnia.es\/wp-content\/uploads\/2017\/05\/consecuencias_Catastrofe_Chernobyl-300x169.jpg 300w, https:\/\/www.asnia.es\/wp-content\/uploads\/2017\/05\/consecuencias_Catastrofe_Chernobyl-768x432.jpg 768w, https:\/\/www.asnia.es\/wp-content\/uploads\/2017\/05\/consecuencias_Catastrofe_Chernobyl.jpg 850w\" sizes=\"auto, (max-width: 405px) 100vw, 405px\" \/><\/a><\/p>\n<p>ARTICULO Y VIDEO =&nbsp;<a href=\"http:\/\/www.cienciasambientales.com\/es\/noticias-ambientales\/dia-internacional-catastrofe-chernobyl-26-abril-14182#.WQC-H3MsSWA.facebook\">http:\/\/www.cienciasambientales.com\/es\/noticias-ambientales\/dia-internacional-catastrofe-chernobyl-26-abril-14182#.WQC-H3MsSWA.facebook<\/a><\/p>\n<p style=\"text-align: justify;\">En 2016 la Asamblea General de las Naciones Unidas aprob\u00f3 el d\u00eda 26 de Abril como <a class=\"_58cn\" href=\"https:\/\/www.facebook.com\/hashtag\/d%C3%ADa?source=feed_text&amp;story_id=10212911971772272\" data-ft=\"{&quot;tn&quot;:&quot;*N&quot;,&quot;type&quot;:104}\"><span class=\"_5afx\"><span class=\"_58cl _5afz\">#<\/span><span class=\"_58cm\">D\u00eda<\/span><\/span><\/a> <a class=\"_58cn\" href=\"https:\/\/www.facebook.com\/hashtag\/internacional?source=feed_text&amp;story_id=10212911971772272\" data-ft=\"{&quot;tn&quot;:&quot;*N&quot;,&quot;type&quot;:104}\"><span class=\"_5afx\"><span class=\"_58cl _5afz\">#<\/span><span class=\"_58cm\">Internacional<\/span><\/span><\/a> para el <a class=\"_58cn\" href=\"https:\/\/www.facebook.com\/hashtag\/recuerdo?source=feed_text&amp;story_id=10212911971772272\" data-ft=\"{&quot;tn&quot;:&quot;*N&quot;,&quot;type&quot;:104}\"><span class=\"_5afx\"><span class=\"_58cl _5afz\">#<\/span><span class=\"_58cm\">Recuerdo<\/span><\/span><\/a> de la <a class=\"_58cn\" href=\"https:\/\/www.facebook.com\/hashtag\/cat%C3%A1strofe?source=feed_text&amp;story_id=10212911971772272\" data-ft=\"{&quot;tn&quot;:&quot;*N&quot;,&quot;type&quot;:104}\"><span class=\"_5afx\"><span class=\"_58cl _5afz\">#<\/span><span class=\"_58cm\">Cat\u00e1strofe<\/span><\/span><\/a> de <a class=\"_58cn\" href=\"https:\/\/www.facebook.com\/hashtag\/chernobyl?source=feed_text&amp;story_id=10212911971772272\" data-ft=\"{&quot;tn&quot;:&quot;*N&quot;,&quot;type&quot;:104}\"><span class=\"_5afx\"><span class=\"_58cl _5afz\">#<\/span><span class=\"_58cm\">Chernobyl<\/span><\/span><\/a>. Se ha c<span class=\"text_exposed_show\">reado el sitio web Chernobyl.info financiado por Suiza y varios foros relacionados con la cat\u00e1strofe para debatir y revisar los estudios cient\u00edficos.<\/span><\/p>\n","protected":false},"excerpt":{"rendered":"<p>&nbsp; ARTICULO Y VIDEO =&nbsp;http:\/\/www.cienciasambientales.com\/es\/noticias-ambientales\/dia-internacional-catastrofe-chernobyl-26-abril-14182#.WQC-H3MsSWA.facebook En 2016 la Asamblea General de las Naciones Unidas aprob\u00f3 el d\u00eda 26 de Abril como #D\u00eda #Internacional para el #Recuerdo de la #Cat\u00e1strofe de #Chernobyl. Se ha creado el sitio web Chernobyl.info financiado por Suiza y varios foros relacionados con la cat\u00e1strofe para debatir y revisar los estudios cient\u00edficos.<\/p>\n","protected":false},"author":1,"featured_media":0,"comment_status":"open","ping_status":"open","sticky":false,"template":"","format":"standard","meta":{"ngg_post_thumbnail":0,"footnotes":""},"categories":[1,22,26],"tags":[],"class_list":["post-5827","post","type-post","status-publish","format-standard","hentry","category-general","category-noticias-exposiciones-y-documentales","category-programa-2017","item-wrap"],"_links":{"self":[{"href":"https:\/\/www.asnia.es\/index.php?rest_route=\/wp\/v2\/posts\/5827","targetHints":{"allow":["GET"]}}],"collection":[{"href":"https:\/\/www.asnia.es\/index.php?rest_route=\/wp\/v2\/posts"}],"about":[{"href":"https:\/\/www.asnia.es\/index.php?rest_route=\/wp\/v2\/types\/post"}],"author":[{"embeddable":true,"href":"https:\/\/www.asnia.es\/index.php?rest_route=\/wp\/v2\/users\/1"}],"replies":[{"embeddable":true,"href":"https:\/\/www.asnia.es\/index.php?rest_route=%2Fwp%2Fv2%2Fcomments&post=5827"}],"version-history":[{"count":1,"href":"https:\/\/www.asnia.es\/index.php?rest_route=\/wp\/v2\/posts\/5827\/revisions"}],"predecessor-version":[{"id":5829,"href":"https:\/\/www.asnia.es\/index.php?rest_route=\/wp\/v2\/posts\/5827\/revisions\/5829"}],"wp:attachment":[{"href":"https:\/\/www.asnia.es\/index.php?rest_route=%2Fwp%2Fv2%2Fmedia&parent=5827"}],"wp:term":[{"taxonomy":"category","embeddable":true,"href":"https:\/\/www.asnia.es\/index.php?rest_route=%2Fwp%2Fv2%2Fcategories&post=5827"},{"taxonomy":"post_tag","embeddable":true,"href":"https:\/\/www.asnia.es\/index.php?rest_route=%2Fwp%2Fv2%2Ftags&post=5827"}],"curies":[{"name":"wp","href":"https:\/\/api.w.org\/{rel}","templated":true}]}}