{"id":5825,"date":"2017-04-25T15:33:53","date_gmt":"2017-04-25T13:33:53","guid":{"rendered":"https:\/\/www.asnia.es\/?p=5825"},"modified":"2017-05-04T15:36:30","modified_gmt":"2017-05-04T13:36:30","slug":"bielorrusia-ninos-de-chernobyl","status":"publish","type":"post","link":"https:\/\/www.asnia.es\/?p=5825","title":{"rendered":"Bielorrusia: Ni\u00f1os de Chernobyl"},"content":{"rendered":"<p><a class=\"_58cn\" href=\"https:\/\/www.facebook.com\/hashtag\/recuerda?source=feed_text&amp;story_id=10212903608403193\" data-ft=\"{&quot;tn&quot;:&quot;*N&quot;,&quot;type&quot;:104}\"><span class=\"_5afx\"><span class=\"_58cl _5afz\">#<\/span><span class=\"_58cm\">Recuerda<\/span><\/span><\/a> <a class=\"_58cn\" href=\"https:\/\/www.facebook.com\/hashtag\/26deabril?source=feed_text&amp;story_id=10212903608403193\" data-ft=\"{&quot;tn&quot;:&quot;*N&quot;,&quot;type&quot;:104}\"><span class=\"_5afx\"><span class=\"_58cl _5afz\">#<\/span><span class=\"_58cm\">26deAbril<\/span><\/span><\/a> <a class=\"_58cn\" href=\"https:\/\/www.facebook.com\/hashtag\/chernobyl?source=feed_text&amp;story_id=10212903608403193\" data-ft=\"{&quot;tn&quot;:&quot;*N&quot;,&quot;type&quot;:104}\"><span class=\"_5afx\"><span class=\"_58cl _5afz\">#<\/span><span class=\"_58cm\">Chernobyl<\/span><\/span><\/a><br \/>\n<a class=\"_58cn\" href=\"https:\/\/www.facebook.com\/hashtag\/31aniversario?source=feed_text&amp;story_id=10212903608403193\" data-ft=\"{&quot;tn&quot;:&quot;*N&quot;,&quot;type&quot;:104}\"><span class=\"_5afx\"><span class=\"_58cl _5afz\">#<\/span><span class=\"_58cm\">31aniversario<\/span><\/span><\/a> <a class=\"_58cn\" href=\"https:\/\/www.facebook.com\/hashtag\/radiacion?source=feed_text&amp;story_id=10212903608403193\" data-ft=\"{&quot;tn&quot;:&quot;*N&quot;,&quot;type&quot;:104}\"><span class=\"_5afx\"><span class=\"_58cl _5afz\">#<\/span><span class=\"_58cm\">radiacion<\/span><\/span><\/a> <a class=\"_58cn\" href=\"https:\/\/www.facebook.com\/hashtag\/muertelenta?source=feed_text&amp;story_id=10212903608403193\" data-ft=\"{&quot;tn&quot;:&quot;*N&quot;,&quot;type&quot;:104}\"><span class=\"_5afx\"><span class=\"_58cl _5afz\">#<\/span><span class=\"_58cm\">muertelenta<\/span><\/span><\/a> <a class=\"_58cn\" href=\"https:\/\/www.facebook.com\/hashtag\/enemigoinvisible?source=feed_text&amp;story_id=10212903608403193\" data-ft=\"{&quot;tn&quot;:&quot;*N&quot;,&quot;type&quot;:104}\"><span class=\"_5afx\"><span class=\"_58cl _5afz\">#<\/span><span class=\"_58cm\">enemigoinvisible<\/span><\/span><\/a><br \/>\n<a class=\"_58cn\" href=\"https:\/\/www.facebook.com\/hashtag\/acoge?source=feed_text&amp;story_id=10212903608403193\" data-ft=\"{&quot;tn&quot;:&quot;*N&quot;,&quot;type&quot;:104}\"><span class=\"_5afx\"><span class=\"_58cl _5afz\">#<\/span><span class=\"_58cm\">Acoge<\/span><\/span><\/a> a los hijos de Chernobyl en periodo estival de 45 a 60 d\u00edas.<br \/>\nPara m\u00e1s informaci\u00f3n en Huelva y provincia en <a href=\"https:\/\/l.facebook.com\/l.php?u=http%3A%2F%2Fwww.asnia.es%2F&amp;h=ATPseODvsO-zEcHUWrdxcXTZtPMZPdisOaEAFipwHYolPemJ9Atl3JOtxZikCCeaY6GtpWgSCYhJD6MDUvngPU_jRAWE_EZ59lmXR8wfMyC4HXwOcNhfnXe_HFMiqf5bLhyfyGiBbVn4lw&amp;enc=AZPh0cQpTmYjHKhWce9ogeOKIdDGF5atq6c-QTa4TOwGpA6YA3VcKf-lP0FXO82E45IJZSx0tzqzn-TCsVaYwhrD003S3guJzmDm-r2j9_JPbQD1BS2uHGw7zBW_2lj1EbXw4Gpf6xtDWX0-IEdK1yBW_VhvnISHvn3Psw6JYiHKRP2j8lMzAvFqwev8eZOYjQPwBmy9QjmqeX3z-ZUEeVR5&amp;s=1\" target=\"_blank\" rel=\"nofollow noopener noreferrer\">www.asnia.es<\/a><br \/>\nTlf.645436610<\/p>\n<div class=\"embed-container\"><iframe loading=\"lazy\" title=\"Bielorrusia: los ni\u00f1os de Chern\u00f3bil | Enfoque Europa\" width=\"600\" height=\"338\" src=\"https:\/\/www.youtube.com\/embed\/85abVSOoDiw?feature=oembed\" frameborder=\"0\" allow=\"accelerometer; autoplay; clipboard-write; encrypted-media; gyroscope; picture-in-picture; web-share\" referrerpolicy=\"strict-origin-when-cross-origin\" allowfullscreen><\/iframe><\/div>\n","protected":false},"excerpt":{"rendered":"<p>#Recuerda #26deAbril #Chernobyl #31aniversario #radiacion #muertelenta #enemigoinvisible #Acoge a los hijos de Chernobyl en periodo estival de 45 a 60 d\u00edas. Para m\u00e1s informaci\u00f3n en Huelva y provincia en www.asnia.es Tlf.645436610<\/p>\n","protected":false},"author":1,"featured_media":0,"comment_status":"open","ping_status":"open","sticky":false,"template":"","format":"standard","meta":{"ngg_post_thumbnail":0,"footnotes":""},"categories":[1,22,26],"tags":[],"class_list":["post-5825","post","type-post","status-publish","format-standard","hentry","category-general","category-noticias-exposiciones-y-documentales","category-programa-2017","item-wrap"],"_links":{"self":[{"href":"https:\/\/www.asnia.es\/index.php?rest_route=\/wp\/v2\/posts\/5825","targetHints":{"allow":["GET"]}}],"collection":[{"href":"https:\/\/www.asnia.es\/index.php?rest_route=\/wp\/v2\/posts"}],"about":[{"href":"https:\/\/www.asnia.es\/index.php?rest_route=\/wp\/v2\/types\/post"}],"author":[{"embeddable":true,"href":"https:\/\/www.asnia.es\/index.php?rest_route=\/wp\/v2\/users\/1"}],"replies":[{"embeddable":true,"href":"https:\/\/www.asnia.es\/index.php?rest_route=%2Fwp%2Fv2%2Fcomments&post=5825"}],"version-history":[{"count":1,"href":"https:\/\/www.asnia.es\/index.php?rest_route=\/wp\/v2\/posts\/5825\/revisions"}],"predecessor-version":[{"id":5826,"href":"https:\/\/www.asnia.es\/index.php?rest_route=\/wp\/v2\/posts\/5825\/revisions\/5826"}],"wp:attachment":[{"href":"https:\/\/www.asnia.es\/index.php?rest_route=%2Fwp%2Fv2%2Fmedia&parent=5825"}],"wp:term":[{"taxonomy":"category","embeddable":true,"href":"https:\/\/www.asnia.es\/index.php?rest_route=%2Fwp%2Fv2%2Fcategories&post=5825"},{"taxonomy":"post_tag","embeddable":true,"href":"https:\/\/www.asnia.es\/index.php?rest_route=%2Fwp%2Fv2%2Ftags&post=5825"}],"curies":[{"name":"wp","href":"https:\/\/api.w.org\/{rel}","templated":true}]}}