{"id":5821,"date":"2017-04-26T01:30:11","date_gmt":"2017-04-25T23:30:11","guid":{"rendered":"https:\/\/www.asnia.es\/?p=5821"},"modified":"2017-05-24T15:25:23","modified_gmt":"2017-05-24T13:25:23","slug":"no-olvidar-chernobyl-depende-de-ti","status":"publish","type":"post","link":"https:\/\/www.asnia.es\/?p=5821","title":{"rendered":"No olvidar Chernobyl \u00abDepende de Ti\u00bb"},"content":{"rendered":"<h4 style=\"text-align: justify;\">&nbsp;<\/h4>\n<p style=\"text-align: justify;\"><a href=\"https:\/\/www.asnia.es\/wp-content\/uploads\/2017\/05\/18058000_1807319149529460_8633635360590469744_n.jpg\"><img loading=\"lazy\" decoding=\"async\" class=\"size-medium wp-image-5822 aligncenter\" src=\"https:\/\/www.asnia.es\/wp-content\/uploads\/2017\/05\/18058000_1807319149529460_8633635360590469744_n-300x291.jpg\" alt=\"\" width=\"300\" height=\"291\" srcset=\"https:\/\/www.asnia.es\/wp-content\/uploads\/2017\/05\/18058000_1807319149529460_8633635360590469744_n-300x291.jpg 300w, https:\/\/www.asnia.es\/wp-content\/uploads\/2017\/05\/18058000_1807319149529460_8633635360590469744_n.jpg 624w\" sizes=\"auto, (max-width: 300px) 100vw, 300px\" \/><\/a><\/p>\n<h4 style=\"text-align: justify;\">Desde Asnia.Huelva, <a href=\"http:\/\/ASNIA.HUELVA\">www.asnia.es <\/a>en <span class=\"_5afx\"><span class=\"_58cl _5afz\">#<\/span><span class=\"_58cm\">Memoria<\/span><\/span> de las victimas 26 de abril del 86.<br \/>\n<span class=\"_5afx\"><span class=\"_58cl _5afz\">#<\/span><span class=\"_58cm\">31aniversarioChernobyl<\/span><\/span>.<\/h4>\n<p style=\"text-align: justify;\">Ex<span class=\"text_exposed_show\">iste cierto consenso que 31 personas fallecieron de forma directa por la explosi\u00f3n, pero la cantidad de <span class=\"_5afx\"><span class=\"_58cm\">fallecidos<\/span><\/span> desde entonces por <span class=\"_5afx\"><span class=\"_58cm\">trastornos<\/span><\/span> gen\u00e9ticos, <span class=\"_5afx\"><span class=\"_58cm\">malformaciones<\/span><\/span> de \u00f3rganos internos y <span class=\"_5afx\"><span class=\"_58cm\">c\u00e1ncer<\/span><\/span> como consecuencia de la radiaci\u00f3n est\u00e1 en disputa. A d\u00eda de hoy m\u00e1s de <span class=\"_5afx\"><span class=\"_58cm\">5millones<\/span><\/span> de personas viven en zonas radiadas entre Bielorrusia, Ucrania y Rusia.<\/span><span class=\"text_exposed_show\"><br \/>\n<strong>\u00abChern\u00f3bil es la peor de todas las guerras. El hombre no tiene salvaci\u00f3n en parte alguna. Ni en la tierra, ni en el agua ni en el cielo\u00bb.<\/strong><br \/>\n<span class=\"_5afx\"><span class=\"_58cl _5afz\">#<\/span><span class=\"_58cm\">AHORA<\/span><\/span> es momento de ocuparse de los <span class=\"_5afx\"><span class=\"_58cm\">vivos<\/span><\/span>, de los <span class=\"_5afx\"><span class=\"_58cm\">HijosdeChernobyl<\/span><\/span>.<br \/>\nDepende de <span class=\"_5afx\"><span class=\"_58cm\">nosotros<\/span><\/span>. Depende de <span class=\"_5afx\"><span class=\"_58cm\">ti<\/span><\/span><br \/>\n<span class=\"_5afx\"><span class=\"_58cm\">SialaVida<\/span><\/span> <span class=\"_5afx\"><span class=\"_58cm\">Acoge<\/span><\/span> <span class=\"_5afx\"><span class=\"_58cm\">Bielorrusia<\/span><\/span> <span class=\"_5afx\"><span class=\"_58cm\">Ucrania<\/span><\/span> <span class=\"_5afx\"><span class=\"_58cm\">Rusia<\/span><\/span><\/span><\/p>\n","protected":false},"excerpt":{"rendered":"<p>&nbsp; Desde Asnia.Huelva, www.asnia.es en #Memoria de las victimas 26 de abril del 86. #31aniversarioChernobyl. Existe cierto consenso que 31 personas fallecieron de forma directa por la explosi\u00f3n, pero la cantidad de fallecidos desde entonces por trastornos gen\u00e9ticos, malformaciones de \u00f3rganos internos y c\u00e1ncer como consecuencia de la radiaci\u00f3n est\u00e1 en disputa. A d\u00eda de &hellip; <\/p>\n<p><a class=\"more-link btn\" href=\"https:\/\/www.asnia.es\/?p=5821\">Seguir leyendo<\/a><\/p>\n","protected":false},"author":1,"featured_media":0,"comment_status":"open","ping_status":"open","sticky":false,"template":"","format":"standard","meta":{"ngg_post_thumbnail":0,"footnotes":""},"categories":[1,26],"tags":[],"class_list":["post-5821","post","type-post","status-publish","format-standard","hentry","category-general","category-programa-2017","item-wrap"],"_links":{"self":[{"href":"https:\/\/www.asnia.es\/index.php?rest_route=\/wp\/v2\/posts\/5821","targetHints":{"allow":["GET"]}}],"collection":[{"href":"https:\/\/www.asnia.es\/index.php?rest_route=\/wp\/v2\/posts"}],"about":[{"href":"https:\/\/www.asnia.es\/index.php?rest_route=\/wp\/v2\/types\/post"}],"author":[{"embeddable":true,"href":"https:\/\/www.asnia.es\/index.php?rest_route=\/wp\/v2\/users\/1"}],"replies":[{"embeddable":true,"href":"https:\/\/www.asnia.es\/index.php?rest_route=%2Fwp%2Fv2%2Fcomments&post=5821"}],"version-history":[{"count":4,"href":"https:\/\/www.asnia.es\/index.php?rest_route=\/wp\/v2\/posts\/5821\/revisions"}],"predecessor-version":[{"id":5856,"href":"https:\/\/www.asnia.es\/index.php?rest_route=\/wp\/v2\/posts\/5821\/revisions\/5856"}],"wp:attachment":[{"href":"https:\/\/www.asnia.es\/index.php?rest_route=%2Fwp%2Fv2%2Fmedia&parent=5821"}],"wp:term":[{"taxonomy":"category","embeddable":true,"href":"https:\/\/www.asnia.es\/index.php?rest_route=%2Fwp%2Fv2%2Fcategories&post=5821"},{"taxonomy":"post_tag","embeddable":true,"href":"https:\/\/www.asnia.es\/index.php?rest_route=%2Fwp%2Fv2%2Ftags&post=5821"}],"curies":[{"name":"wp","href":"https:\/\/api.w.org\/{rel}","templated":true}]}}