{"id":5649,"date":"2017-02-20T14:39:53","date_gmt":"2017-02-20T13:39:53","guid":{"rendered":"https:\/\/www.asnia.es\/?p=5649"},"modified":"2017-02-20T14:49:52","modified_gmt":"2017-02-20T13:49:52","slug":"asnia-huelva-2017-nuestros-menores-de-nueva-incorporacion","status":"publish","type":"post","link":"https:\/\/www.asnia.es\/?p=5649","title":{"rendered":"Asnia.Huelva 2017 &#8211; Nuestros menores de nueva incorporaci\u00f3n."},"content":{"rendered":"<p style=\"text-align: justify;\">Asnia.Huelva 2017. Nuestro grupo llegar\u00e1 el 25 de Junio y permanecer\u00e1 hasta el 15 de Agosto. A d\u00eda de hoy se incorporan 6 nuevos menores a nuestro programa. Dar las gracias a las familias que les acoger\u00e1n en Huelva y provincia.<br \/>\nNo me negar\u00e9is que viendo sus caras, es f\u00e1cil conciliar el sue\u00f1o, y como bien apunta mi compa\u00f1era <a class=\"profileLink\" href=\"https:\/\/www.facebook.com\/irene.cubero.98\" data-hovercard=\"\/ajax\/hovercard\/user.php?id=100004281454653\" data-hovercard-prefer-more-content-show=\"1\">Irene Cubero<\/a>, si conocierais sus historias, no se os borrar\u00e1 la sonrisa por mucho tiempo.<\/p>\n<p style=\"text-align: justify;\">&nbsp;<\/p>\n<p><a href=\"https:\/\/www.asnia.es\/wp-content\/uploads\/2017\/02\/CARTEL-PROTOTIPO-copia.jpg\"><img loading=\"lazy\" decoding=\"async\" class=\"aligncenter wp-image-5650\" src=\"https:\/\/www.asnia.es\/wp-content\/uploads\/2017\/02\/CARTEL-PROTOTIPO-copia-212x300.jpg\" alt=\"\" width=\"333\" height=\"471\" srcset=\"https:\/\/www.asnia.es\/wp-content\/uploads\/2017\/02\/CARTEL-PROTOTIPO-copia-212x300.jpg 212w, https:\/\/www.asnia.es\/wp-content\/uploads\/2017\/02\/CARTEL-PROTOTIPO-copia-768x1089.jpg 768w, https:\/\/www.asnia.es\/wp-content\/uploads\/2017\/02\/CARTEL-PROTOTIPO-copia-722x1024.jpg 722w\" sizes=\"auto, (max-width: 333px) 100vw, 333px\" \/><\/a><\/p>\n","protected":false},"excerpt":{"rendered":"<p>Asnia.Huelva 2017. Nuestro grupo llegar\u00e1 el 25 de Junio y permanecer\u00e1 hasta el 15 de Agosto. A d\u00eda de hoy se incorporan 6 nuevos menores a nuestro programa. Dar las gracias a las familias que les acoger\u00e1n en Huelva y provincia. No me negar\u00e9is que viendo sus caras, es f\u00e1cil conciliar el sue\u00f1o, y como &hellip; <\/p>\n<p><a class=\"more-link btn\" href=\"https:\/\/www.asnia.es\/?p=5649\">Seguir leyendo<\/a><\/p>\n","protected":false},"author":1,"featured_media":0,"comment_status":"open","ping_status":"open","sticky":false,"template":"","format":"standard","meta":{"ngg_post_thumbnail":0,"footnotes":""},"categories":[1,26],"tags":[],"class_list":["post-5649","post","type-post","status-publish","format-standard","hentry","category-general","category-programa-2017","item-wrap"],"_links":{"self":[{"href":"https:\/\/www.asnia.es\/index.php?rest_route=\/wp\/v2\/posts\/5649","targetHints":{"allow":["GET"]}}],"collection":[{"href":"https:\/\/www.asnia.es\/index.php?rest_route=\/wp\/v2\/posts"}],"about":[{"href":"https:\/\/www.asnia.es\/index.php?rest_route=\/wp\/v2\/types\/post"}],"author":[{"embeddable":true,"href":"https:\/\/www.asnia.es\/index.php?rest_route=\/wp\/v2\/users\/1"}],"replies":[{"embeddable":true,"href":"https:\/\/www.asnia.es\/index.php?rest_route=%2Fwp%2Fv2%2Fcomments&post=5649"}],"version-history":[{"count":3,"href":"https:\/\/www.asnia.es\/index.php?rest_route=\/wp\/v2\/posts\/5649\/revisions"}],"predecessor-version":[{"id":5654,"href":"https:\/\/www.asnia.es\/index.php?rest_route=\/wp\/v2\/posts\/5649\/revisions\/5654"}],"wp:attachment":[{"href":"https:\/\/www.asnia.es\/index.php?rest_route=%2Fwp%2Fv2%2Fmedia&parent=5649"}],"wp:term":[{"taxonomy":"category","embeddable":true,"href":"https:\/\/www.asnia.es\/index.php?rest_route=%2Fwp%2Fv2%2Fcategories&post=5649"},{"taxonomy":"post_tag","embeddable":true,"href":"https:\/\/www.asnia.es\/index.php?rest_route=%2Fwp%2Fv2%2Ftags&post=5649"}],"curies":[{"name":"wp","href":"https:\/\/api.w.org\/{rel}","templated":true}]}}