{"id":5611,"date":"2017-01-27T19:24:55","date_gmt":"2017-01-27T18:24:55","guid":{"rendered":"https:\/\/www.asnia.es\/?p=5611"},"modified":"2017-02-01T12:08:21","modified_gmt":"2017-02-01T11:08:21","slug":"fotovideoteca-en-bonares-huelva-chernobyl-el-enemigo-invisible-hijos-de-chernobyl","status":"publish","type":"post","link":"https:\/\/www.asnia.es\/?p=5611","title":{"rendered":"Fotovideoteca en Bonares (Huelva): Chernobyl, el Enemigo Invisible &#038; Hijos de Chernobyl."},"content":{"rendered":"<p style=\"text-align: justify;\">As\u00ed de original, elegante y acogedora ha quedado nuestra exposici\u00f3n en la Biblioteca Municipal de Bonares Antonio Machado.<br \/>\nSe ha convertido el acto inaugural en una FotoVideoteca donde hemos sido acogidos por un gran n\u00famero de personas de la localidad interesados por nuestro Proyecto y por la inquietud de conocer de cerca la realidad de Chernobyl, a trav\u00e9s del objetivo de <a class=\"profileLink\" href=\"https:\/\/www.facebook.com\/raul.moreno.9887\" data-hovercard=\"\/ajax\/hovercard\/user.php?id=100001029027868\" data-hovercard-prefer-more-content-show=\"1\">Ra\u00fal Moreno<\/a> y <a class=\"profileLink\" href=\"https:\/\/www.facebook.com\/bruno.lopezaretio\" data-hovercard=\"\/ajax\/hovercard\/user.php?id=765059814\" data-hovercard-prefer-more-content-show=\"1\">Bruno L\u00f3pez Aretio<\/a>.<br \/>\nEstuvimos apoyados como siempre por la Corporaci\u00f3n Municipal, Alcalde<span class=\"text_exposed_show\"><a id=\"js_383\" class=\"profileLink\" href=\"https:\/\/www.facebook.com\/AlcaldeJuanAntonioGarcia\" data-hovercard=\"\/ajax\/hovercard\/user.php?id=1392824838\" data-hovercard-prefer-more-content-show=\"1\">Juan Antonio Garc\u00eda<\/a> Concejal\u00eda de Bienestar Social <a class=\"profileLink\" href=\"https:\/\/www.facebook.com\/juande.jaenmoreno\" data-hovercard=\"\/ajax\/hovercard\/user.php?id=1777639487\" data-hovercard-prefer-more-content-show=\"1\">Juande Jaen Moreno<\/a>, Concejal\u00eda de Cultura Pedro J. Martin Mart\u00edn, T\u00e9cnicos Municipales y nuestros patrocinadores.<br \/>\nAl finalizar el acto hemos recibido las felicitaciones por parte de los asistentes y sobre todo sorprendidos por la cruda realidad del fotodocumental presentado, admirando el paso por la historia de una forma tan completa en tan solo 16 minutos, nos ha sorprendido gratamente la expresi\u00f3n del p\u00fablico : \u00abNos ha sabido a poco\u00bb.<br \/>\nLa exposici\u00f3n todo un \u00e9xito cuando despu\u00e9s de ver la proyecci\u00f3n pudieron disfrutar de las im\u00e1genes de forma relajada situ\u00e1ndose en los testimonios escuchados de una forma mas cercana. Una vez m\u00e1s recibimos el apoyo de nuestro compa\u00f1ero voluntario Jose Bayo, de la ONG, Con Ucrania.<br \/>\nPosteriormente dimos paso a la copa de vino servida con gran calidad, profesionalidad y cari\u00f1o por Taberna de Vargas &#8211; Sal\u00f3n Antonio Olivares, Marilo y Antonio Vargas Olivares, hemos tenido la oportunidad de compartir de forma distendida durante casi dos horas con todo nuestro p\u00fablico, Corporaci\u00f3n Municipal y patrocinadores, nuestras experiencias y objetivos con cada Acci\u00f3n de Sensibilizaci\u00f3n que realizamos.<br \/>\nValoraci\u00f3n 10 sobre 10. Desde Asnia.Huelva nuestro m\u00e1s sincero agradecimiento a todo el pueblo de Bonares.<\/span><\/p>\n<p><a href=\"http:\/\/www.condavision.es\/la-catastrofe-de-chernobyl-llega-a-bonares-en-forma-de-exposicion-fotografica\/\">http:\/\/www.condavision.es\/la-catastrofe-de-chernobyl-llega-a-bonares-en-forma-de-exposicion-fotografica\/<\/a><\/p>\n<p><a href=\"http:\/\/www.bonaresdigital.es\/la-asociacion-asnia-huelva-agradece-la-acogida-exposicion-bonares\/\">http:\/\/www.bonaresdigital.es\/la-asociacion-asnia-huelva-agradece-la-acogida-exposicion-bonares\/<\/a><\/p>\n<p><a href=\"https:\/\/www.facebook.com\/asnia.huelva\/\">https:\/\/www.facebook.com\/asnia.huelva\/<\/a><\/p>\n<p><a href=\"https:\/\/www.asnia.es\/wp-content\/uploads\/2017\/01\/16298630_10211995620864072_6604197350890289522_n.jpg\"><img loading=\"lazy\" decoding=\"async\" class=\"wp-image-5619 alignleft\" src=\"https:\/\/www.asnia.es\/wp-content\/uploads\/2017\/01\/16298630_10211995620864072_6604197350890289522_n-300x225.jpg\" alt=\"\" width=\"238\" height=\"179\" srcset=\"https:\/\/www.asnia.es\/wp-content\/uploads\/2017\/01\/16298630_10211995620864072_6604197350890289522_n-300x225.jpg 300w, https:\/\/www.asnia.es\/wp-content\/uploads\/2017\/01\/16298630_10211995620864072_6604197350890289522_n-768x576.jpg 768w, https:\/\/www.asnia.es\/wp-content\/uploads\/2017\/01\/16298630_10211995620864072_6604197350890289522_n.jpg 960w\" sizes=\"auto, (max-width: 238px) 100vw, 238px\" \/><\/a> <a href=\"https:\/\/www.asnia.es\/wp-content\/uploads\/2017\/01\/16388376_10211995619344034_3121873299342755200_n.jpg\"><img loading=\"lazy\" decoding=\"async\" class=\" wp-image-5620 alignnone\" src=\"https:\/\/www.asnia.es\/wp-content\/uploads\/2017\/01\/16388376_10211995619344034_3121873299342755200_n-225x300.jpg\" alt=\"\" width=\"162\" height=\"216\" srcset=\"https:\/\/www.asnia.es\/wp-content\/uploads\/2017\/01\/16388376_10211995619344034_3121873299342755200_n-225x300.jpg 225w, https:\/\/www.asnia.es\/wp-content\/uploads\/2017\/01\/16388376_10211995619344034_3121873299342755200_n.jpg 720w\" sizes=\"auto, (max-width: 162px) 100vw, 162px\" \/><\/a> <a href=\"https:\/\/www.asnia.es\/wp-content\/uploads\/2017\/01\/16265832_10211995619304033_4542829971153529283_n.jpg\"><img loading=\"lazy\" decoding=\"async\" class=\"wp-image-5621 aligncenter\" src=\"https:\/\/www.asnia.es\/wp-content\/uploads\/2017\/01\/16265832_10211995619304033_4542829971153529283_n-300x225.jpg\" alt=\"\" width=\"397\" height=\"298\" srcset=\"https:\/\/www.asnia.es\/wp-content\/uploads\/2017\/01\/16265832_10211995619304033_4542829971153529283_n-300x225.jpg 300w, https:\/\/www.asnia.es\/wp-content\/uploads\/2017\/01\/16265832_10211995619304033_4542829971153529283_n-768x576.jpg 768w, https:\/\/www.asnia.es\/wp-content\/uploads\/2017\/01\/16265832_10211995619304033_4542829971153529283_n.jpg 960w\" sizes=\"auto, (max-width: 397px) 100vw, 397px\" \/><\/a><\/p>\n<p>&nbsp;<\/p>\n","protected":false},"excerpt":{"rendered":"<p>As\u00ed de original, elegante y acogedora ha quedado nuestra exposici\u00f3n en la Biblioteca Municipal de Bonares Antonio Machado. Se ha convertido el acto inaugural en una FotoVideoteca donde hemos sido acogidos por un gran n\u00famero de personas de la localidad interesados por nuestro Proyecto y por la inquietud de conocer de cerca la realidad de &hellip; <\/p>\n<p><a class=\"more-link btn\" href=\"https:\/\/www.asnia.es\/?p=5611\">Seguir leyendo<\/a><\/p>\n","protected":false},"author":1,"featured_media":0,"comment_status":"open","ping_status":"open","sticky":false,"template":"","format":"standard","meta":{"ngg_post_thumbnail":0,"footnotes":""},"categories":[1,22,26],"tags":[],"class_list":["post-5611","post","type-post","status-publish","format-standard","hentry","category-general","category-noticias-exposiciones-y-documentales","category-programa-2017","item-wrap"],"_links":{"self":[{"href":"https:\/\/www.asnia.es\/index.php?rest_route=\/wp\/v2\/posts\/5611","targetHints":{"allow":["GET"]}}],"collection":[{"href":"https:\/\/www.asnia.es\/index.php?rest_route=\/wp\/v2\/posts"}],"about":[{"href":"https:\/\/www.asnia.es\/index.php?rest_route=\/wp\/v2\/types\/post"}],"author":[{"embeddable":true,"href":"https:\/\/www.asnia.es\/index.php?rest_route=\/wp\/v2\/users\/1"}],"replies":[{"embeddable":true,"href":"https:\/\/www.asnia.es\/index.php?rest_route=%2Fwp%2Fv2%2Fcomments&post=5611"}],"version-history":[{"count":3,"href":"https:\/\/www.asnia.es\/index.php?rest_route=\/wp\/v2\/posts\/5611\/revisions"}],"predecessor-version":[{"id":5622,"href":"https:\/\/www.asnia.es\/index.php?rest_route=\/wp\/v2\/posts\/5611\/revisions\/5622"}],"wp:attachment":[{"href":"https:\/\/www.asnia.es\/index.php?rest_route=%2Fwp%2Fv2%2Fmedia&parent=5611"}],"wp:term":[{"taxonomy":"category","embeddable":true,"href":"https:\/\/www.asnia.es\/index.php?rest_route=%2Fwp%2Fv2%2Fcategories&post=5611"},{"taxonomy":"post_tag","embeddable":true,"href":"https:\/\/www.asnia.es\/index.php?rest_route=%2Fwp%2Fv2%2Ftags&post=5611"}],"curies":[{"name":"wp","href":"https:\/\/api.w.org\/{rel}","templated":true}]}}