{"id":5609,"date":"2017-01-27T16:22:16","date_gmt":"2017-01-27T15:22:16","guid":{"rendered":"https:\/\/www.asnia.es\/?p=5609"},"modified":"2017-02-01T12:16:53","modified_gmt":"2017-02-01T11:16:53","slug":"inauguracion-hoy-a-las-2000-h-en-bonares-huelva","status":"publish","type":"post","link":"https:\/\/www.asnia.es\/?p=5609","title":{"rendered":"Inauguraci\u00f3n hoy a las 20:00 h. en Bonares (Huelva)"},"content":{"rendered":"<div id=\"js_1vk\" class=\"_5pbx userContent\" data-ft=\"{&quot;tn&quot;:&quot;K&quot;}\">\n<div id=\"id_5890ab7f725405564375986\" class=\"text_exposed_root text_exposed\">\n<p style=\"text-align: justify;\"><a href=\"https:\/\/www.asnia.es\/wp-content\/uploads\/2017\/01\/thumbnail_cartel-EXPOSICIONA3-BONARES_00000.png\"><img loading=\"lazy\" decoding=\"async\" class=\"aligncenter  wp-image-5598\" src=\"https:\/\/www.asnia.es\/wp-content\/uploads\/2017\/01\/thumbnail_cartel-EXPOSICIONA3-BONARES_00000-212x300.png\" alt=\"\" width=\"302\" height=\"427\" srcset=\"https:\/\/www.asnia.es\/wp-content\/uploads\/2017\/01\/thumbnail_cartel-EXPOSICIONA3-BONARES_00000-212x300.png 212w, https:\/\/www.asnia.es\/wp-content\/uploads\/2017\/01\/thumbnail_cartel-EXPOSICIONA3-BONARES_00000-768x1087.png 768w, https:\/\/www.asnia.es\/wp-content\/uploads\/2017\/01\/thumbnail_cartel-EXPOSICIONA3-BONARES_00000-723x1024.png 723w, https:\/\/www.asnia.es\/wp-content\/uploads\/2017\/01\/thumbnail_cartel-EXPOSICIONA3-BONARES_00000.png 904w\" sizes=\"auto, (max-width: 302px) 100vw, 302px\" \/><\/a><\/p>\n<p style=\"text-align: justify;\">Esta ma\u00f1ana quedo todo el montaje de la exposici\u00f3n listo para la inauguraci\u00f3n esta tarde a las 20,00 horas en la biblioteca municipal Antonio Machado de Bonares. Al final del acto compartiremos una distendida copa de vino por gentileza de Asnia.Huelva y el Excmo. Ayuntamiento de Bonares, servida por Taberna de Vargas &#8211; Sal\u00f3n Olivares <a class=\"profileLink\" href=\"https:\/\/www.facebook.com\/marilo.vargasdominguez.1\" data-hovercard=\"\/ajax\/hovercard\/user.php?id=100005123882261\" data-hovercard-prefer-more-content-show=\"1\">Maril\u00f3 Vargas Dominguez<\/a> quienes lo han dispuesto todo con gran colaboraci\u00f3n e implicaci\u00f3n para que disfrutemos ese momento.<br \/>\nNo podemos olvidar <span class=\"text_exposed_show\">a todos los patrocinadores locales que han sido un pilar fundamental para que los eventos tanto en Huelva como en Bonares haya sido posible.<br \/>\nQueremos mostrar nuestro m\u00e1s sincero agradecimiento a los T\u00e9cnicos y Empleados municipales por su gran esmero para que todo haya quedado perfecto con gran originalidad en el montaje. Por supuesto a la concejal\u00eda de Bienestar Social <a class=\"profileLink\" href=\"https:\/\/www.facebook.com\/juande.jaenmoreno\" data-hovercard=\"\/ajax\/hovercard\/user.php?id=1777639487\" data-hovercard-prefer-more-content-show=\"1\">Juande Jaen Moreno<\/a>, y la Colaboraci\u00f3n de la concejal\u00eda de Cultura.<br \/>\nCHERNOBYL, el enemigo invisible : exposici\u00f3n fotogr\u00e1fica de <a class=\"profileLink\" href=\"https:\/\/www.facebook.com\/raul.moreno.9887\" data-hovercard=\"\/ajax\/hovercard\/user.php?id=100001029027868\" data-hovercard-prefer-more-content-show=\"1\">Ra\u00fal Moreno<\/a> y presentaci\u00f3n del fotodocumental HIJOS DE CHERNOBYL, dirigido por Raul Moreno y <a class=\"profileLink\" href=\"https:\/\/www.facebook.com\/bruno.lopezaretio\" data-hovercard=\"\/ajax\/hovercard\/user.php?id=765059814\" data-hovercard-prefer-more-content-show=\"1\">Bruno L\u00f3pez Aretio<\/a>, producido por FEDASIB, nuestra federaci\u00f3n estatal.<\/span><\/p>\n<p style=\"text-align: justify;\"><a href=\"https:\/\/www.asnia.es\/wp-content\/uploads\/2017\/01\/16388188_10211992216498965_7353872988445041307_n.jpg\"><img loading=\"lazy\" decoding=\"async\" class=\" wp-image-5624 alignleft\" src=\"https:\/\/www.asnia.es\/wp-content\/uploads\/2017\/01\/16388188_10211992216498965_7353872988445041307_n-300x225.jpg\" alt=\"\" width=\"182\" height=\"136\" srcset=\"https:\/\/www.asnia.es\/wp-content\/uploads\/2017\/01\/16388188_10211992216498965_7353872988445041307_n-300x225.jpg 300w, https:\/\/www.asnia.es\/wp-content\/uploads\/2017\/01\/16388188_10211992216498965_7353872988445041307_n-768x576.jpg 768w, https:\/\/www.asnia.es\/wp-content\/uploads\/2017\/01\/16388188_10211992216498965_7353872988445041307_n.jpg 960w\" sizes=\"auto, (max-width: 182px) 100vw, 182px\" \/><\/a> <a href=\"https:\/\/www.asnia.es\/wp-content\/uploads\/2017\/01\/16298942_10211992217698995_848009646828570291_n.jpg\"><img loading=\"lazy\" decoding=\"async\" class=\"wp-image-5625 alignnone\" src=\"https:\/\/www.asnia.es\/wp-content\/uploads\/2017\/01\/16298942_10211992217698995_848009646828570291_n-300x225.jpg\" alt=\"\" width=\"186\" height=\"140\" srcset=\"https:\/\/www.asnia.es\/wp-content\/uploads\/2017\/01\/16298942_10211992217698995_848009646828570291_n-300x225.jpg 300w, https:\/\/www.asnia.es\/wp-content\/uploads\/2017\/01\/16298942_10211992217698995_848009646828570291_n-768x576.jpg 768w, https:\/\/www.asnia.es\/wp-content\/uploads\/2017\/01\/16298942_10211992217698995_848009646828570291_n.jpg 960w\" sizes=\"auto, (max-width: 186px) 100vw, 186px\" \/><\/a> <a href=\"https:\/\/www.asnia.es\/wp-content\/uploads\/2017\/01\/16298419_10211992217858999_5646453626970643725_n.jpg\"><img loading=\"lazy\" decoding=\"async\" class=\"wp-image-5626 alignleft\" src=\"https:\/\/www.asnia.es\/wp-content\/uploads\/2017\/01\/16298419_10211992217858999_5646453626970643725_n-300x225.jpg\" alt=\"\" width=\"184\" height=\"138\" srcset=\"https:\/\/www.asnia.es\/wp-content\/uploads\/2017\/01\/16298419_10211992217858999_5646453626970643725_n-300x225.jpg 300w, https:\/\/www.asnia.es\/wp-content\/uploads\/2017\/01\/16298419_10211992217858999_5646453626970643725_n-768x576.jpg 768w, https:\/\/www.asnia.es\/wp-content\/uploads\/2017\/01\/16298419_10211992217858999_5646453626970643725_n.jpg 960w\" sizes=\"auto, (max-width: 184px) 100vw, 184px\" \/><\/a> <a href=\"https:\/\/www.asnia.es\/wp-content\/uploads\/2017\/01\/16387419_10211992214258909_4871742414861264494_n.jpg\"><img loading=\"lazy\" decoding=\"async\" class=\"wp-image-5627 alignleft\" src=\"https:\/\/www.asnia.es\/wp-content\/uploads\/2017\/01\/16387419_10211992214258909_4871742414861264494_n-300x225.jpg\" alt=\"\" width=\"191\" height=\"143\" srcset=\"https:\/\/www.asnia.es\/wp-content\/uploads\/2017\/01\/16387419_10211992214258909_4871742414861264494_n-300x225.jpg 300w, https:\/\/www.asnia.es\/wp-content\/uploads\/2017\/01\/16387419_10211992214258909_4871742414861264494_n-768x576.jpg 768w, https:\/\/www.asnia.es\/wp-content\/uploads\/2017\/01\/16387419_10211992214258909_4871742414861264494_n.jpg 960w\" sizes=\"auto, (max-width: 191px) 100vw, 191px\" \/><\/a> <a href=\"https:\/\/www.asnia.es\/wp-content\/uploads\/2017\/01\/16265597_10211992213378887_1013131812599931773_n.jpg\"><img loading=\"lazy\" decoding=\"async\" class=\"wp-image-5628 aligncenter\" src=\"https:\/\/www.asnia.es\/wp-content\/uploads\/2017\/01\/16265597_10211992213378887_1013131812599931773_n-300x225.jpg\" alt=\"\" width=\"266\" height=\"200\" srcset=\"https:\/\/www.asnia.es\/wp-content\/uploads\/2017\/01\/16265597_10211992213378887_1013131812599931773_n-300x225.jpg 300w, https:\/\/www.asnia.es\/wp-content\/uploads\/2017\/01\/16265597_10211992213378887_1013131812599931773_n-768x576.jpg 768w, https:\/\/www.asnia.es\/wp-content\/uploads\/2017\/01\/16265597_10211992213378887_1013131812599931773_n.jpg 960w\" sizes=\"auto, (max-width: 266px) 100vw, 266px\" \/><\/a><\/p>\n<p style=\"text-align: justify;\">&nbsp;<\/p>\n<\/div>\n<\/div>\n<div class=\"_3x-2\">&nbsp;<\/div>\n","protected":false},"excerpt":{"rendered":"<p>Esta ma\u00f1ana quedo todo el montaje de la exposici\u00f3n listo para la inauguraci\u00f3n esta tarde a las 20,00 horas en la biblioteca municipal Antonio Machado de Bonares. Al final del acto compartiremos una distendida copa de vino por gentileza de Asnia.Huelva y el Excmo. Ayuntamiento de Bonares, servida por Taberna de Vargas &#8211; Sal\u00f3n Olivares &hellip; <\/p>\n<p><a class=\"more-link btn\" href=\"https:\/\/www.asnia.es\/?p=5609\">Seguir leyendo<\/a><\/p>\n","protected":false},"author":1,"featured_media":0,"comment_status":"open","ping_status":"open","sticky":false,"template":"","format":"standard","meta":{"ngg_post_thumbnail":0,"footnotes":""},"categories":[1,22,26],"tags":[],"class_list":["post-5609","post","type-post","status-publish","format-standard","hentry","category-general","category-noticias-exposiciones-y-documentales","category-programa-2017","item-wrap"],"_links":{"self":[{"href":"https:\/\/www.asnia.es\/index.php?rest_route=\/wp\/v2\/posts\/5609","targetHints":{"allow":["GET"]}}],"collection":[{"href":"https:\/\/www.asnia.es\/index.php?rest_route=\/wp\/v2\/posts"}],"about":[{"href":"https:\/\/www.asnia.es\/index.php?rest_route=\/wp\/v2\/types\/post"}],"author":[{"embeddable":true,"href":"https:\/\/www.asnia.es\/index.php?rest_route=\/wp\/v2\/users\/1"}],"replies":[{"embeddable":true,"href":"https:\/\/www.asnia.es\/index.php?rest_route=%2Fwp%2Fv2%2Fcomments&post=5609"}],"version-history":[{"count":3,"href":"https:\/\/www.asnia.es\/index.php?rest_route=\/wp\/v2\/posts\/5609\/revisions"}],"predecessor-version":[{"id":5629,"href":"https:\/\/www.asnia.es\/index.php?rest_route=\/wp\/v2\/posts\/5609\/revisions\/5629"}],"wp:attachment":[{"href":"https:\/\/www.asnia.es\/index.php?rest_route=%2Fwp%2Fv2%2Fmedia&parent=5609"}],"wp:term":[{"taxonomy":"category","embeddable":true,"href":"https:\/\/www.asnia.es\/index.php?rest_route=%2Fwp%2Fv2%2Fcategories&post=5609"},{"taxonomy":"post_tag","embeddable":true,"href":"https:\/\/www.asnia.es\/index.php?rest_route=%2Fwp%2Fv2%2Ftags&post=5609"}],"curies":[{"name":"wp","href":"https:\/\/api.w.org\/{rel}","templated":true}]}}