{"id":5597,"date":"2017-01-21T22:19:43","date_gmt":"2017-01-21T21:19:43","guid":{"rendered":"http:\/\/www.asnia.es\/?p=5597"},"modified":"2017-01-26T16:45:38","modified_gmt":"2017-01-26T15:45:38","slug":"5597","status":"publish","type":"post","link":"https:\/\/www.asnia.es\/?p=5597","title":{"rendered":"Exposici\u00f3n Fotografica y Fotodocumental en Bonares (Huelva)"},"content":{"rendered":"<p style=\"text-align: justify;\">El pr\u00f3ximo 27 de Enero inauguramos en la Biblioteca Municipal \u00abAntonio Machado\u00bb de Bonares (HUelva), la exposici\u00f3n fotogr\u00e1fica \u201cChernobyl, el enemigo invisible\u201d de <a class=\"profileLink\" href=\"https:\/\/www.facebook.com\/raul.moreno.9887\" data-hovercard=\"\/ajax\/hovercard\/user.php?id=100001029027868\" data-hovercard-prefer-more-content-show=\"1\">Ra\u00fal Moreno<\/a> y presentamos el fotodocumental \u201cHijos de Chernobyl\u201d, dirigido por <a class=\"profileLink\" href=\"https:\/\/www.facebook.com\/raul.moreno.9887\" data-hovercard=\"\/ajax\/hovercard\/user.php?id=100001029027868\" data-hovercard-prefer-more-content-show=\"1\">Ra\u00fal Moreno<\/a> y <a class=\"profileLink\" href=\"https:\/\/www.facebook.com\/bruno.lopezaretio\" data-hovercard=\"\/ajax\/hovercard\/user.php?id=765059814\" data-hovercard-prefer-more-content-show=\"1\">Bruno L\u00f3pez Aretio<\/a>, producido por FEDASIB (Federaci\u00f3n Espa\u00f1ola de Acci\u00f3n Social con la Infancia Bielorrusa).<br \/>\nOs dejamos la publicidad donde encontrareis todos los datos que nece<span class=\"text_exposed_show\">sit\u00e1is para que compart\u00e1is este momento con ASNIA.HUELVA.<\/span><\/p>\n<p style=\"text-align: justify;\">Al finalizar el acto inaugural se ofrecer\u00e1 una COPA DE VINO, por gentileza de Asnia.Huelva y la Concejal\u00eda de Bienestar Social del Ayuntamiento de Bonares, que lo servir\u00e1 &nbsp;TABERNA DE VARGAS, SALON OLIVARES.<\/p>\n<p style=\"text-align: justify;\">ORGANIZADO por Asnia.Huelva.<\/p>\n<div class=\"text_exposed_show\">\n<p style=\"text-align: justify;\">CON LA COLABORACI\u00d3N del &nbsp;Ayuntamiento de Bonares y Diputaci\u00f3n de Huelva.<br \/>\nCOFINANCIADORES del Proyecto en 2016 Excma. Diputaci\u00f3n de Huelva y Grupo Matsa.<br \/>\nPATROCINADORES: Innoval Inoxidable, <a href=\"https:\/\/www.facebook.com\/senujama?fref=ts\">Senujama foto-video<\/a>, Eroski Bonares, Farmacia Vivas C.B., Pedro Perez Agricola, Farmacia Cuatro Esquinas, Muebles Coronel, Innoval, sistemas innovadores del aluminio y Santos, distribuci\u00f3n integral para hosteler\u00eda y Crist\u00f3bal Delgado, todos de la localidad de BONARES.<br \/>\nVoluntaria en Dise\u00f1o Gr\u00e1fico desde Valencia, <a class=\"profileLink\" href=\"https:\/\/www.facebook.com\/carolina.medinasantana\" data-hovercard=\"\/ajax\/hovercard\/user.php?id=541687843\" data-hovercard-prefer-more-content-show=\"1\">Carolina Medina Santana<\/a><\/p>\n<p style=\"text-align: justify;\"><a href=\"http:\/\/www.asnia.es\/wp-content\/uploads\/2017\/01\/thumbnail_cartel-EXPOSICIONA3-BONARES_00000.png\"><img loading=\"lazy\" decoding=\"async\" class=\"aligncenter wp-image-5598\" src=\"http:\/\/www.asnia.es\/wp-content\/uploads\/2017\/01\/thumbnail_cartel-EXPOSICIONA3-BONARES_00000-212x300.png\" alt=\"\" width=\"341\" height=\"482\" srcset=\"https:\/\/www.asnia.es\/wp-content\/uploads\/2017\/01\/thumbnail_cartel-EXPOSICIONA3-BONARES_00000-212x300.png 212w, https:\/\/www.asnia.es\/wp-content\/uploads\/2017\/01\/thumbnail_cartel-EXPOSICIONA3-BONARES_00000-768x1087.png 768w, https:\/\/www.asnia.es\/wp-content\/uploads\/2017\/01\/thumbnail_cartel-EXPOSICIONA3-BONARES_00000-723x1024.png 723w, https:\/\/www.asnia.es\/wp-content\/uploads\/2017\/01\/thumbnail_cartel-EXPOSICIONA3-BONARES_00000.png 904w\" sizes=\"auto, (max-width: 341px) 100vw, 341px\" \/><\/a><\/p>\n<p style=\"text-align: justify;\">&nbsp;<\/p>\n<\/div>\n","protected":false},"excerpt":{"rendered":"<p>El pr\u00f3ximo 27 de Enero inauguramos en la Biblioteca Municipal \u00abAntonio Machado\u00bb de Bonares (HUelva), la exposici\u00f3n fotogr\u00e1fica \u201cChernobyl, el enemigo invisible\u201d de Ra\u00fal Moreno y presentamos el fotodocumental \u201cHijos de Chernobyl\u201d, dirigido por Ra\u00fal Moreno y Bruno L\u00f3pez Aretio, producido por FEDASIB (Federaci\u00f3n Espa\u00f1ola de Acci\u00f3n Social con la Infancia Bielorrusa). Os dejamos la &hellip; <\/p>\n<p><a class=\"more-link btn\" href=\"https:\/\/www.asnia.es\/?p=5597\">Seguir leyendo<\/a><\/p>\n","protected":false},"author":1,"featured_media":0,"comment_status":"open","ping_status":"open","sticky":false,"template":"","format":"standard","meta":{"ngg_post_thumbnail":0,"footnotes":""},"categories":[1,22,26],"tags":[],"class_list":["post-5597","post","type-post","status-publish","format-standard","hentry","category-general","category-noticias-exposiciones-y-documentales","category-programa-2017","item-wrap"],"_links":{"self":[{"href":"https:\/\/www.asnia.es\/index.php?rest_route=\/wp\/v2\/posts\/5597","targetHints":{"allow":["GET"]}}],"collection":[{"href":"https:\/\/www.asnia.es\/index.php?rest_route=\/wp\/v2\/posts"}],"about":[{"href":"https:\/\/www.asnia.es\/index.php?rest_route=\/wp\/v2\/types\/post"}],"author":[{"embeddable":true,"href":"https:\/\/www.asnia.es\/index.php?rest_route=\/wp\/v2\/users\/1"}],"replies":[{"embeddable":true,"href":"https:\/\/www.asnia.es\/index.php?rest_route=%2Fwp%2Fv2%2Fcomments&post=5597"}],"version-history":[{"count":4,"href":"https:\/\/www.asnia.es\/index.php?rest_route=\/wp\/v2\/posts\/5597\/revisions"}],"predecessor-version":[{"id":5603,"href":"https:\/\/www.asnia.es\/index.php?rest_route=\/wp\/v2\/posts\/5597\/revisions\/5603"}],"wp:attachment":[{"href":"https:\/\/www.asnia.es\/index.php?rest_route=%2Fwp%2Fv2%2Fmedia&parent=5597"}],"wp:term":[{"taxonomy":"category","embeddable":true,"href":"https:\/\/www.asnia.es\/index.php?rest_route=%2Fwp%2Fv2%2Fcategories&post=5597"},{"taxonomy":"post_tag","embeddable":true,"href":"https:\/\/www.asnia.es\/index.php?rest_route=%2Fwp%2Fv2%2Ftags&post=5597"}],"curies":[{"name":"wp","href":"https:\/\/api.w.org\/{rel}","templated":true}]}}