{"id":5592,"date":"2017-01-21T17:51:20","date_gmt":"2017-01-21T16:51:20","guid":{"rendered":"http:\/\/www.asnia.es\/?p=5592"},"modified":"2017-01-21T17:51:20","modified_gmt":"2017-01-21T16:51:20","slug":"cobertura-de-prensa-y-tv-en-huelva-a-la-exposicion-y-fotodocumental-sobre-chernobyl","status":"publish","type":"post","link":"https:\/\/www.asnia.es\/?p=5592","title":{"rendered":"Cobertura de Prensa y TV en Huelva a la exposici\u00f3n y fotodocumental sobre Chernobyl"},"content":{"rendered":"<p style=\"text-align: justify;\">Aqu\u00ed os dejamos los enlaces donde podr\u00e9is visualizar los v\u00eddeos de las TV y art\u00edculos de prensa que han dado cobertura a la Exposici\u00f3n Fotogr\u00e1fica de Ra\u00fal Moreno \u00abChernobyl, el enemigo invisible\u00bb y el Fotodocumental \u00abHijos de Chernobyl\u00bb dirigido por Ra\u00fal Moreno y Bruno Lopez, producido por Fedasib, organizado por Asnia.Huelva<\/p>\n<p><a href=\"https:\/\/www.youtube.com\/watch?v=9N9q2iIQ5cU\">https:\/\/www.youtube.com\/watch?v=9N9q2iIQ5cU<\/a><\/p>\n<p><a href=\"https:\/\/www.youtube.com\/watch?v=Ermn5UZriSE&amp;t=23s\">https:\/\/www.youtube.com\/watch?v=Ermn5UZriSE&amp;t=23s<\/a><\/p>\n<p><a href=\"http:\/\/www.teleonuba.es\/programas\/mejor-si-es-de-huelva\/video\/aG5qaG8=\/\">http:\/\/www.teleonuba.es\/programas\/mejor-si-es-de-huelva\/video\/aG5qaG8=\/<\/a><\/p>\n<p><a href=\"http:\/\/huelvaya.es\/2017\/01\/04\/exposicion-sobre-chernobyl-hasta-el-22-de-enero-en-huelva\/\">http:\/\/huelvaya.es\/2017\/01\/04\/exposicion-sobre-chernobyl-hasta-el-22-de-enero-en-huelva\/<\/a><\/p>\n<p><a href=\"http:\/\/andaluciainformacion.es\/huelva\/647076\/la-casa-colon-acoge-una-exposicion-sobre-chernobyl\/\">http:\/\/andaluciainformacion.es\/huelva\/647076\/la-casa-colon-acoge-una-exposicion-sobre-chernobyl\/<\/a><\/p>\n<p><a href=\"http:\/\/huelva24.com\/not\/94569\/la-casa-colon-acoge-una-exposicion-y-un-documental-sobre-chernobyl-a-beneficio-de-ninos-afectados-por-la-radiacion\">http:\/\/huelva24.com\/not\/94569\/la-casa-colon-acoge-una-exposicion-y-un-documental-sobre-chernobyl-a-beneficio-de-ninos-afectados-por-la-radiacion<\/a><\/p>\n<p><a href=\"http:\/\/huelvabuenasnoticias.com\/2017\/01\/12\/la-casa-colon-de-huelva-acoge-la-exposicion-fotografica-chernobyl-el-enemigo-invisible\/\">http:\/\/huelvabuenasnoticias.com\/2017\/01\/12\/la-casa-colon-de-huelva-acoge-la-exposicion-fotografica-chernobyl-el-enemigo-invisible\/<\/a><\/p>\n<p><a href=\"http:\/\/huelvaya.es\/2017\/01\/12\/raul-moreno-trae-a-huelva-la-muestra-fotografica-chernobyl-el-enemigo-invisible\/\">http:\/\/huelvaya.es\/2017\/01\/12\/raul-moreno-trae-a-huelva-la-muestra-fotografica-chernobyl-el-enemigo-invisible\/<\/a><\/p>\n<p style=\"text-align: justify;\"><a href=\"http:\/\/www.huelva.es\/portal\/es\/noticias\/la-casa-col%C3%B3n-acoge-la-exposici%C3%B3n-fotogr%C3%A1fica-%E2%80%98chernobyl-el-enemigo-invisible%E2%80%99-y-el\">http:\/\/www.huelva.es\/portal\/es\/noticias\/la-casa-col%C3%B3n-acoge-la-exposici%C3%B3n-fotogr%C3%A1fica-%E2%80%98chernobyl-el-enemigo-invisible%E2%80%99-y-el<\/a><\/p>\n","protected":false},"excerpt":{"rendered":"<p>Aqu\u00ed os dejamos los enlaces donde podr\u00e9is visualizar los v\u00eddeos de las TV y art\u00edculos de prensa que han dado cobertura a la Exposici\u00f3n Fotogr\u00e1fica de Ra\u00fal Moreno \u00abChernobyl, el enemigo invisible\u00bb y el Fotodocumental \u00abHijos de Chernobyl\u00bb dirigido por Ra\u00fal Moreno y Bruno Lopez, producido por Fedasib, organizado por Asnia.Huelva https:\/\/www.youtube.com\/watch?v=9N9q2iIQ5cU https:\/\/www.youtube.com\/watch?v=Ermn5UZriSE&amp;t=23s http:\/\/www.teleonuba.es\/programas\/mejor-si-es-de-huelva\/video\/aG5qaG8=\/ http:\/\/huelvaya.es\/2017\/01\/04\/exposicion-sobre-chernobyl-hasta-el-22-de-enero-en-huelva\/ &hellip; <\/p>\n<p><a class=\"more-link btn\" href=\"https:\/\/www.asnia.es\/?p=5592\">Seguir leyendo<\/a><\/p>\n","protected":false},"author":1,"featured_media":0,"comment_status":"open","ping_status":"open","sticky":false,"template":"","format":"standard","meta":{"ngg_post_thumbnail":0,"footnotes":""},"categories":[1,22,26],"tags":[],"class_list":["post-5592","post","type-post","status-publish","format-standard","hentry","category-general","category-noticias-exposiciones-y-documentales","category-programa-2017","item-wrap"],"_links":{"self":[{"href":"https:\/\/www.asnia.es\/index.php?rest_route=\/wp\/v2\/posts\/5592","targetHints":{"allow":["GET"]}}],"collection":[{"href":"https:\/\/www.asnia.es\/index.php?rest_route=\/wp\/v2\/posts"}],"about":[{"href":"https:\/\/www.asnia.es\/index.php?rest_route=\/wp\/v2\/types\/post"}],"author":[{"embeddable":true,"href":"https:\/\/www.asnia.es\/index.php?rest_route=\/wp\/v2\/users\/1"}],"replies":[{"embeddable":true,"href":"https:\/\/www.asnia.es\/index.php?rest_route=%2Fwp%2Fv2%2Fcomments&post=5592"}],"version-history":[{"count":1,"href":"https:\/\/www.asnia.es\/index.php?rest_route=\/wp\/v2\/posts\/5592\/revisions"}],"predecessor-version":[{"id":5595,"href":"https:\/\/www.asnia.es\/index.php?rest_route=\/wp\/v2\/posts\/5592\/revisions\/5595"}],"wp:attachment":[{"href":"https:\/\/www.asnia.es\/index.php?rest_route=%2Fwp%2Fv2%2Fmedia&parent=5592"}],"wp:term":[{"taxonomy":"category","embeddable":true,"href":"https:\/\/www.asnia.es\/index.php?rest_route=%2Fwp%2Fv2%2Fcategories&post=5592"},{"taxonomy":"post_tag","embeddable":true,"href":"https:\/\/www.asnia.es\/index.php?rest_route=%2Fwp%2Fv2%2Ftags&post=5592"}],"curies":[{"name":"wp","href":"https:\/\/api.w.org\/{rel}","templated":true}]}}