{"id":5590,"date":"2017-01-20T22:05:14","date_gmt":"2017-01-20T21:05:14","guid":{"rendered":"http:\/\/www.asnia.es\/?p=5590"},"modified":"2017-01-20T22:05:14","modified_gmt":"2017-01-20T21:05:14","slug":"mejor-si-es-de-huelva-teleonuba-con-rafa-vazquez","status":"publish","type":"post","link":"https:\/\/www.asnia.es\/?p=5590","title":{"rendered":"Mejor si es de Huelva . Teleonuba con Rafa Vazquez"},"content":{"rendered":"<div class=\"embed-container\"><iframe loading=\"lazy\" title=\"ASNIA HUELVA\" width=\"600\" height=\"338\" src=\"https:\/\/www.youtube.com\/embed\/S9TRBm3_mwo?feature=oembed\" frameborder=\"0\" allow=\"accelerometer; autoplay; clipboard-write; encrypted-media; gyroscope; picture-in-picture; web-share\" referrerpolicy=\"strict-origin-when-cross-origin\" allowfullscreen><\/iframe><\/div>\n<p style=\"text-align: justify;\">Ya tenemos aqu\u00ed como prometimos la entrevista que realizamos el pasado d\u00eda 18 en el programa de Rafa V\u00e1zquez, \u00abMejor si es de Huelva\u00bb en TELEONUBA. El objetivo fundamental rescatar familias guardadoras en Huelva y provincia para entrar en el Programa de Sanci\u00f3n que viene realizando ASNIA.HUELVA cada verano durante 45\/50 d\u00edas, por supuesto tambi\u00e9n abordamos la inauguraci\u00f3n en nuestra capital el pasado d\u00eda 13 de la Exposici\u00f3n y fotodocumental sobre Chernobyl con <a class=\"profileLink\" href=\"https:\/\/www.facebook.com\/raul.moreno.9887\" data-hovercard=\"\/ajax\/hovercard\/user.php?id=100001029027868\" data-hovercard-prefer-more-content-show=\"1\">Ra\u00fal Moreno<\/a> &amp; <a class=\"profileLink\" href=\"https:\/\/www.facebook.com\/bruno.lopezaretio\" data-hovercard=\"\/ajax\/hovercard\/user.php?id=765059814\" data-hovercard-prefer-more-content-show=\"1\">Bruno L\u00f3pez Aretio<\/a> y que sigue abierta al p\u00fablico en la Sala de los Brazos de Casa Colon.<\/p>\n<p>&nbsp;<\/p>\n","protected":false},"excerpt":{"rendered":"<p>Ya tenemos aqu\u00ed como prometimos la entrevista que realizamos el pasado d\u00eda 18 en el programa de Rafa V\u00e1zquez, \u00abMejor si es de Huelva\u00bb en TELEONUBA. El objetivo fundamental rescatar familias guardadoras en Huelva y provincia para entrar en el Programa de Sanci\u00f3n que viene realizando ASNIA.HUELVA cada verano durante 45\/50 d\u00edas, por supuesto tambi\u00e9n &hellip; <\/p>\n<p><a class=\"more-link btn\" href=\"https:\/\/www.asnia.es\/?p=5590\">Seguir leyendo<\/a><\/p>\n","protected":false},"author":1,"featured_media":0,"comment_status":"open","ping_status":"open","sticky":false,"template":"","format":"standard","meta":{"ngg_post_thumbnail":0,"footnotes":""},"categories":[1,22,26],"tags":[],"class_list":["post-5590","post","type-post","status-publish","format-standard","hentry","category-general","category-noticias-exposiciones-y-documentales","category-programa-2017","item-wrap"],"_links":{"self":[{"href":"https:\/\/www.asnia.es\/index.php?rest_route=\/wp\/v2\/posts\/5590","targetHints":{"allow":["GET"]}}],"collection":[{"href":"https:\/\/www.asnia.es\/index.php?rest_route=\/wp\/v2\/posts"}],"about":[{"href":"https:\/\/www.asnia.es\/index.php?rest_route=\/wp\/v2\/types\/post"}],"author":[{"embeddable":true,"href":"https:\/\/www.asnia.es\/index.php?rest_route=\/wp\/v2\/users\/1"}],"replies":[{"embeddable":true,"href":"https:\/\/www.asnia.es\/index.php?rest_route=%2Fwp%2Fv2%2Fcomments&post=5590"}],"version-history":[{"count":1,"href":"https:\/\/www.asnia.es\/index.php?rest_route=\/wp\/v2\/posts\/5590\/revisions"}],"predecessor-version":[{"id":5591,"href":"https:\/\/www.asnia.es\/index.php?rest_route=\/wp\/v2\/posts\/5590\/revisions\/5591"}],"wp:attachment":[{"href":"https:\/\/www.asnia.es\/index.php?rest_route=%2Fwp%2Fv2%2Fmedia&parent=5590"}],"wp:term":[{"taxonomy":"category","embeddable":true,"href":"https:\/\/www.asnia.es\/index.php?rest_route=%2Fwp%2Fv2%2Fcategories&post=5590"},{"taxonomy":"post_tag","embeddable":true,"href":"https:\/\/www.asnia.es\/index.php?rest_route=%2Fwp%2Fv2%2Ftags&post=5590"}],"curies":[{"name":"wp","href":"https:\/\/api.w.org\/{rel}","templated":true}]}}