{"id":5488,"date":"2017-01-12T12:54:57","date_gmt":"2017-01-12T11:54:57","guid":{"rendered":"http:\/\/www.asnia.es\/?p=5488"},"modified":"2017-01-20T12:59:41","modified_gmt":"2017-01-20T11:59:41","slug":"ayuntamiento-de-huelva","status":"publish","type":"post","link":"https:\/\/www.asnia.es\/?p=5488","title":{"rendered":"Ayuntamiento de Huelva"},"content":{"rendered":"<h2 style=\"text-align: justify;\"><a href=\"http:\/\/www.asnia.es\/wp-content\/uploads\/2017\/01\/Logo-Ayuntamiento-Huelva.jpg\"><img loading=\"lazy\" decoding=\"async\" class=\"aligncenter size-medium wp-image-5489\" src=\"http:\/\/www.asnia.es\/wp-content\/uploads\/2017\/01\/Logo-Ayuntamiento-Huelva-300x103.jpg\" alt=\"\" width=\"300\" height=\"103\" srcset=\"https:\/\/www.asnia.es\/wp-content\/uploads\/2017\/01\/Logo-Ayuntamiento-Huelva-300x103.jpg 300w, https:\/\/www.asnia.es\/wp-content\/uploads\/2017\/01\/Logo-Ayuntamiento-Huelva.jpg 720w\" sizes=\"auto, (max-width: 300px) 100vw, 300px\" \/><\/a><\/h2>\n<h2 style=\"text-align: justify;\"><strong>La Casa Col\u00f3n acoge la exposici\u00f3n fotogr\u00e1fica \u2018Chernobyl, el enemigo invisible\u2019 y el documental \u2018Hijos de Chernobyl\u2019 a beneficio de Asnia Huelva<\/strong><\/h2>\n<p style=\"text-align: justify;\">La Sala de los Brazos de la Casa Col\u00f3n acoge del 13 al 23 de enero la exposici\u00f3n fotogr\u00e1fica \u2018Chernobyl<span class=\"text_exposed_show\">, el enemigo invisible\u2019, de Ra\u00fal Moreno, que va acompa\u00f1ada del documental \u2018Hijos de Chernobyl\u2019.<\/span><\/p>\n<div class=\"text_exposed_show\">\n<p style=\"text-align: justify;\">La exposici\u00f3n muestra los fotogramas de un tiempo inm\u00f3vil en el a\u00f1o 30 despu\u00e9s de Chern\u00f3bil. Una cifra anecd\u00f3tica si se tiene en cuenta que har\u00e1n falta 24 millones de a\u00f1os para olvidar una cat\u00e1strofe de la que los especialistas aseguran que las peores consecuencias gen\u00e9ticas las sufrir\u00e1n los hijos de los \u2018ni\u00f1os de Chern\u00f3bil\u2019.<\/p>\n<p style=\"text-align: justify;\">ARTICULO COMPLETO&nbsp;<a href=\"https:\/\/goo.gl\/kHtqrh\">https:\/\/goo.gl\/kHtqrh<\/a><\/p>\n<\/div>\n","protected":false},"excerpt":{"rendered":"<p>La Casa Col\u00f3n acoge la exposici\u00f3n fotogr\u00e1fica \u2018Chernobyl, el enemigo invisible\u2019 y el documental \u2018Hijos de Chernobyl\u2019 a beneficio de Asnia Huelva La Sala de los Brazos de la Casa Col\u00f3n acoge del 13 al 23 de enero la exposici\u00f3n fotogr\u00e1fica \u2018Chernobyl, el enemigo invisible\u2019, de Ra\u00fal Moreno, que va acompa\u00f1ada del documental \u2018Hijos de &hellip; <\/p>\n<p><a class=\"more-link btn\" href=\"https:\/\/www.asnia.es\/?p=5488\">Seguir leyendo<\/a><\/p>\n","protected":false},"author":1,"featured_media":0,"comment_status":"open","ping_status":"open","sticky":false,"template":"","format":"standard","meta":{"ngg_post_thumbnail":0,"footnotes":""},"categories":[1,22,26],"tags":[],"class_list":["post-5488","post","type-post","status-publish","format-standard","hentry","category-general","category-noticias-exposiciones-y-documentales","category-programa-2017","item-wrap"],"_links":{"self":[{"href":"https:\/\/www.asnia.es\/index.php?rest_route=\/wp\/v2\/posts\/5488","targetHints":{"allow":["GET"]}}],"collection":[{"href":"https:\/\/www.asnia.es\/index.php?rest_route=\/wp\/v2\/posts"}],"about":[{"href":"https:\/\/www.asnia.es\/index.php?rest_route=\/wp\/v2\/types\/post"}],"author":[{"embeddable":true,"href":"https:\/\/www.asnia.es\/index.php?rest_route=\/wp\/v2\/users\/1"}],"replies":[{"embeddable":true,"href":"https:\/\/www.asnia.es\/index.php?rest_route=%2Fwp%2Fv2%2Fcomments&post=5488"}],"version-history":[{"count":1,"href":"https:\/\/www.asnia.es\/index.php?rest_route=\/wp\/v2\/posts\/5488\/revisions"}],"predecessor-version":[{"id":5490,"href":"https:\/\/www.asnia.es\/index.php?rest_route=\/wp\/v2\/posts\/5488\/revisions\/5490"}],"wp:attachment":[{"href":"https:\/\/www.asnia.es\/index.php?rest_route=%2Fwp%2Fv2%2Fmedia&parent=5488"}],"wp:term":[{"taxonomy":"category","embeddable":true,"href":"https:\/\/www.asnia.es\/index.php?rest_route=%2Fwp%2Fv2%2Fcategories&post=5488"},{"taxonomy":"post_tag","embeddable":true,"href":"https:\/\/www.asnia.es\/index.php?rest_route=%2Fwp%2Fv2%2Ftags&post=5488"}],"curies":[{"name":"wp","href":"https:\/\/api.w.org\/{rel}","templated":true}]}}