{"id":5478,"date":"2017-01-12T11:45:36","date_gmt":"2017-01-12T10:45:36","guid":{"rendered":"http:\/\/www.asnia.es\/?p=5478"},"modified":"2017-01-20T12:47:16","modified_gmt":"2017-01-20T11:47:16","slug":"recta-final-ultimando-detalles","status":"publish","type":"post","link":"https:\/\/www.asnia.es\/?p=5478","title":{"rendered":"Recta final&#8230;ultimando detalles"},"content":{"rendered":"<p style=\"text-align: justify;\">Ultimando detalles para la inauguraci\u00f3n hoy a las 20:00 en la Casa Col\u00f3n de Huelva de la exposici\u00f3n fotogr\u00e1fica y el documental sobre Chernobyl realizado en favor de ASNIA PARA la acogida de ni\u00f1os Bielorrusos afectados por Chernobyl en Huelva y provincia. Con <a id=\"js_i0b\" class=\"profileLink\" href=\"https:\/\/www.facebook.com\/bruno.lopezaretio\" data-hovercard=\"\/ajax\/hovercard\/user.php?id=765059814\" data-hovercard-prefer-more-content-show=\"1\">Bruno L\u00f3pez Aretio<\/a>&nbsp;y <a href=\"https:\/\/www.facebook.com\/raul.moreno.9887?fref=ts\">Ra\u00fal Moreno<\/a>.<\/p>\n<p><a href=\"http:\/\/www.asnia.es\/wp-content\/uploads\/2017\/01\/15966199_1429846580392962_3711265462409516022_n.jpg\"><img loading=\"lazy\" decoding=\"async\" class=\" wp-image-5480 alignleft\" src=\"http:\/\/www.asnia.es\/wp-content\/uploads\/2017\/01\/15966199_1429846580392962_3711265462409516022_n-300x225.jpg\" alt=\"\" width=\"200\" height=\"150\" srcset=\"https:\/\/www.asnia.es\/wp-content\/uploads\/2017\/01\/15966199_1429846580392962_3711265462409516022_n-300x225.jpg 300w, https:\/\/www.asnia.es\/wp-content\/uploads\/2017\/01\/15966199_1429846580392962_3711265462409516022_n-768x576.jpg 768w, https:\/\/www.asnia.es\/wp-content\/uploads\/2017\/01\/15966199_1429846580392962_3711265462409516022_n.jpg 960w\" sizes=\"auto, (max-width: 200px) 100vw, 200px\" \/><\/a><\/p>\n<p><a href=\"http:\/\/www.asnia.es\/wp-content\/uploads\/2017\/01\/15977887_1429846590392961_4523947341661557499_n.jpg\"><img loading=\"lazy\" decoding=\"async\" class=\"aligncenter wp-image-5482\" src=\"http:\/\/www.asnia.es\/wp-content\/uploads\/2017\/01\/15977887_1429846590392961_4523947341661557499_n-300x225.jpg\" alt=\"\" width=\"199\" height=\"149\" srcset=\"https:\/\/www.asnia.es\/wp-content\/uploads\/2017\/01\/15977887_1429846590392961_4523947341661557499_n-300x225.jpg 300w, https:\/\/www.asnia.es\/wp-content\/uploads\/2017\/01\/15977887_1429846590392961_4523947341661557499_n-768x576.jpg 768w, https:\/\/www.asnia.es\/wp-content\/uploads\/2017\/01\/15977887_1429846590392961_4523947341661557499_n.jpg 960w\" sizes=\"auto, (max-width: 199px) 100vw, 199px\" \/><\/a><\/p>\n<p><a href=\"http:\/\/www.asnia.es\/wp-content\/uploads\/2017\/01\/15977725_1429848053726148_1130868797152505502_n.jpg\"><img loading=\"lazy\" decoding=\"async\" class=\"wp-image-5481 aligncenter\" src=\"http:\/\/www.asnia.es\/wp-content\/uploads\/2017\/01\/15977725_1429848053726148_1130868797152505502_n-300x225.jpg\" alt=\"\" width=\"264\" height=\"198\" srcset=\"https:\/\/www.asnia.es\/wp-content\/uploads\/2017\/01\/15977725_1429848053726148_1130868797152505502_n-300x225.jpg 300w, https:\/\/www.asnia.es\/wp-content\/uploads\/2017\/01\/15977725_1429848053726148_1130868797152505502_n-768x576.jpg 768w, https:\/\/www.asnia.es\/wp-content\/uploads\/2017\/01\/15977725_1429848053726148_1130868797152505502_n.jpg 960w\" sizes=\"auto, (max-width: 264px) 100vw, 264px\" \/><\/a><\/p>\n","protected":false},"excerpt":{"rendered":"<p>Ultimando detalles para la inauguraci\u00f3n hoy a las 20:00 en la Casa Col\u00f3n de Huelva de la exposici\u00f3n fotogr\u00e1fica y el documental sobre Chernobyl realizado en favor de ASNIA PARA la acogida de ni\u00f1os Bielorrusos afectados por Chernobyl en Huelva y provincia. Con Bruno L\u00f3pez Aretio&nbsp;y Ra\u00fal Moreno.<\/p>\n","protected":false},"author":1,"featured_media":0,"comment_status":"open","ping_status":"open","sticky":false,"template":"","format":"standard","meta":{"ngg_post_thumbnail":0,"footnotes":""},"categories":[1,22,26],"tags":[],"class_list":["post-5478","post","type-post","status-publish","format-standard","hentry","category-general","category-noticias-exposiciones-y-documentales","category-programa-2017","item-wrap"],"_links":{"self":[{"href":"https:\/\/www.asnia.es\/index.php?rest_route=\/wp\/v2\/posts\/5478","targetHints":{"allow":["GET"]}}],"collection":[{"href":"https:\/\/www.asnia.es\/index.php?rest_route=\/wp\/v2\/posts"}],"about":[{"href":"https:\/\/www.asnia.es\/index.php?rest_route=\/wp\/v2\/types\/post"}],"author":[{"embeddable":true,"href":"https:\/\/www.asnia.es\/index.php?rest_route=\/wp\/v2\/users\/1"}],"replies":[{"embeddable":true,"href":"https:\/\/www.asnia.es\/index.php?rest_route=%2Fwp%2Fv2%2Fcomments&post=5478"}],"version-history":[{"count":2,"href":"https:\/\/www.asnia.es\/index.php?rest_route=\/wp\/v2\/posts\/5478\/revisions"}],"predecessor-version":[{"id":5484,"href":"https:\/\/www.asnia.es\/index.php?rest_route=\/wp\/v2\/posts\/5478\/revisions\/5484"}],"wp:attachment":[{"href":"https:\/\/www.asnia.es\/index.php?rest_route=%2Fwp%2Fv2%2Fmedia&parent=5478"}],"wp:term":[{"taxonomy":"category","embeddable":true,"href":"https:\/\/www.asnia.es\/index.php?rest_route=%2Fwp%2Fv2%2Fcategories&post=5478"},{"taxonomy":"post_tag","embeddable":true,"href":"https:\/\/www.asnia.es\/index.php?rest_route=%2Fwp%2Fv2%2Ftags&post=5478"}],"curies":[{"name":"wp","href":"https:\/\/api.w.org\/{rel}","templated":true}]}}