{"id":5476,"date":"2017-01-12T11:42:13","date_gmt":"2017-01-12T10:42:13","guid":{"rendered":"http:\/\/www.asnia.es\/?p=5476"},"modified":"2017-01-20T11:45:27","modified_gmt":"2017-01-20T10:45:27","slug":"la-mar-de-onuba-recomienda","status":"publish","type":"post","link":"https:\/\/www.asnia.es\/?p=5476","title":{"rendered":"La Mar de Onuba, recomienda&#8230;."},"content":{"rendered":"<p style=\"text-align: justify;\"><a class=\"profileLink\" href=\"https:\/\/www.facebook.com\/lamardeonuba\/\" data-hovercard=\"\/ajax\/hovercard\/page.php?id=599547660184571\" data-hovercard-prefer-more-content-show=\"1\">La Mar de Onuba<\/a> recomienda&#8230;<\/p>\n<p style=\"text-align: justify;\"><strong>EXPOSICI\u00d3N FOTOGR\u00c1FICA \u2018CHERNOBYL, EL ENEMIGO INVISIBLE\u2019 Y DOCUMENTAL \u2018HIJOS DE CHERNOBYL\u2019<\/strong><br \/>\nA BENEFICIO DE <a class=\"profileLink\" href=\"https:\/\/www.facebook.com\/asnia.huelva\/\" data-hovercard=\"\/ajax\/hovercard\/page.php?id=435279266566873\" data-hovercard-prefer-more-content-show=\"1\">ASNIA<\/a><\/p>\n<div class=\"text_exposed_show\">\n<p style=\"text-align: justify;\">Sala de los Brazos de la <a class=\"profileLink\" href=\"https:\/\/www.facebook.com\/pages\/Casa-Col%C3%B3n\/166620343383331\" data-hovercard=\"\/ajax\/hovercard\/page.php?id=166620343383331\" data-hovercard-prefer-more-content-show=\"1\">Casa Col\u00f3n<\/a><br \/>\nHasta el 23 de enero<br \/>\nDe lunes a viernes, de 11.00 a 14.00 horas y de 18.00 a 21.00.<br \/>\nS\u00e1bados de 11.00 a 14.00 y de 18.00 a 20.00 horas.<br \/>\nDomingos de 11.00 a 14.00 horas.<br \/>\n&#8212;&#8212;&#8212;&#8212;&#8212;&#8212;&#8212;&#8212;&#8212;<br \/>\nMa\u00f1ana, viernes 13 de enero, a las ocho de la tarde, se inaugura en la Sala de los Brazos de la Casa Col\u00f3n la exposici\u00f3n fotogr\u00e1fica \u2018Chernobyl, el enemigo invisible\u2019, de Ra\u00fal Moreno, que va acompa\u00f1ada del documental \u2018Hijos de Chernobyl\u2019, dirigido por el mismo fot\u00f3grafo junto a Bruno L\u00f3pez. Se trata de una iniciativa de FEDASIB, la Federaci\u00f3n Espa\u00f1ola de Acci\u00f3n Social con la Infancia afectada por Chernobyl, que se organiza a beneficio de Asnia, la Asociaci\u00f3n de Ni\u00f1os de Acogida en Huelva dedicada a trabajar para el saneamiento de los ni\u00f1os afectados por la radiaci\u00f3n del accidente en la central ucraniana.<\/p>\n<p style=\"text-align: justify;\">La exposici\u00f3n muestra los fotogramas de un tiempo inm\u00f3vil en el a\u00f1o 30 despu\u00e9s de Chern\u00f3bil. Una cifra anecd\u00f3tica si se tiene en cuenta que har\u00e1n falta 24 millones de a\u00f1os para olvidar una cat\u00e1strofe de la que los especialistas aseguran que las peores consecuencias gen\u00e9ticas las sufrir\u00e1n los hijos de los \u2018ni\u00f1os de Chern\u00f3bil\u2019. Una nueva generaci\u00f3n de bielorrusos, ucranianos y rusos que, como recuerda Nieves S\u00e1nchez, representante de Asnia Huelva \u201ccrecen record\u00e1ndonos por qu\u00e9 es y ser\u00e1 necesario seguir acogi\u00e9ndolos\u201d.<\/p>\n<p style=\"text-align: justify;\">Ra\u00fal Moreno es un joven fot\u00f3grafo que despu\u00e9s de haber trabajado durante varios a\u00f1os en diversos medios como fotoperiodista, tom\u00f3 la decisi\u00f3n de dar un giro en su vida laboral y personal desarrollando principalmente proyectos de \u00e1mbito humano y medioambiental. Su trabajo ha sido expuesto en salas de Espa\u00f1a, Italia y Ucrania. Por su parte, Bruno L\u00f3pez ha desarrollado el ejercido de su labor investigadora en el \u00e1mbito de los nuevos movimientos sociales, principalmente en Am\u00e9rica del Sur. En la actualidad complementa esta labor acad\u00e9mica con su actividad profesional en el medio audiovisual, donde ha dirigido numerosos proyectos documentales en los que busca establecer un dialogo multidisciplinar entre las ciencias sociales y el lenguaje cinematogr\u00e1fico.<\/p>\n<p style=\"text-align: justify;\">En Huelva, Asnia cuenta con medio centenar de familias acogedoras. La Asociaci\u00f3n de ni\u00f1os de acogida en Huelva, Asnia, tiene el objetivo de contribuir a paliar las desastrosas consecuencias producidas por la radioactividad sobre la poblaci\u00f3n Bielorrusa y en particular, sobre los ni\u00f1os que padecen las secuelas del accidente acaecido en la Central Nuclear de Chern\u00f3bil en Ucrania en 1986. Debido a ello, todo su entorno est\u00e1 contaminado, lo que comen, lo que beben, lo que respiran les est\u00e1 matando poco a poco, al verse expuestos a esta insana existencia. Mediante la acogida temporal de los ni\u00f1os en Huelva se pretende brindarles la oportunidad de vivir en un entorno saludable.<\/p>\n<p style=\"text-align: justify;\">Desde hace m\u00e1s de una d\u00e9cada desarrollan estos proyectos destinados a \u201cdar vida\u201d, ya que est\u00e1 comprobado que por cada estancia en la provincia onubense, con el acceso a las condiciones higi\u00e9nico-sanitarias adecuadas, los ni\u00f1os pueden prolongar su ciclo vital hasta en 18 meses. Dieta sana, aire limpio y el sol de nuestra tierra, constituyen tres componentes fundamentales para que los niveles de radioactividad de su organismo disminuyan, prolonguen su ciclo vital y refuercen sus defensas. Adem\u00e1s, cada verano, los peque\u00f1os se someten a revisiones pedi\u00e1tricas y odontol\u00f3gicas.<\/p>\n<\/div>\n","protected":false},"excerpt":{"rendered":"<p>La Mar de Onuba recomienda&#8230; EXPOSICI\u00d3N FOTOGR\u00c1FICA \u2018CHERNOBYL, EL ENEMIGO INVISIBLE\u2019 Y DOCUMENTAL \u2018HIJOS DE CHERNOBYL\u2019 A BENEFICIO DE ASNIA Sala de los Brazos de la Casa Col\u00f3n Hasta el 23 de enero De lunes a viernes, de 11.00 a 14.00 horas y de 18.00 a 21.00. S\u00e1bados de 11.00 a 14.00 y de 18.00 &hellip; <\/p>\n<p><a class=\"more-link btn\" href=\"https:\/\/www.asnia.es\/?p=5476\">Seguir leyendo<\/a><\/p>\n","protected":false},"author":1,"featured_media":0,"comment_status":"open","ping_status":"open","sticky":false,"template":"","format":"standard","meta":{"ngg_post_thumbnail":0,"footnotes":""},"categories":[1,22,26],"tags":[],"class_list":["post-5476","post","type-post","status-publish","format-standard","hentry","category-general","category-noticias-exposiciones-y-documentales","category-programa-2017","item-wrap"],"_links":{"self":[{"href":"https:\/\/www.asnia.es\/index.php?rest_route=\/wp\/v2\/posts\/5476","targetHints":{"allow":["GET"]}}],"collection":[{"href":"https:\/\/www.asnia.es\/index.php?rest_route=\/wp\/v2\/posts"}],"about":[{"href":"https:\/\/www.asnia.es\/index.php?rest_route=\/wp\/v2\/types\/post"}],"author":[{"embeddable":true,"href":"https:\/\/www.asnia.es\/index.php?rest_route=\/wp\/v2\/users\/1"}],"replies":[{"embeddable":true,"href":"https:\/\/www.asnia.es\/index.php?rest_route=%2Fwp%2Fv2%2Fcomments&post=5476"}],"version-history":[{"count":1,"href":"https:\/\/www.asnia.es\/index.php?rest_route=\/wp\/v2\/posts\/5476\/revisions"}],"predecessor-version":[{"id":5477,"href":"https:\/\/www.asnia.es\/index.php?rest_route=\/wp\/v2\/posts\/5476\/revisions\/5477"}],"wp:attachment":[{"href":"https:\/\/www.asnia.es\/index.php?rest_route=%2Fwp%2Fv2%2Fmedia&parent=5476"}],"wp:term":[{"taxonomy":"category","embeddable":true,"href":"https:\/\/www.asnia.es\/index.php?rest_route=%2Fwp%2Fv2%2Fcategories&post=5476"},{"taxonomy":"post_tag","embeddable":true,"href":"https:\/\/www.asnia.es\/index.php?rest_route=%2Fwp%2Fv2%2Ftags&post=5476"}],"curies":[{"name":"wp","href":"https:\/\/api.w.org\/{rel}","templated":true}]}}