{"id":5462,"date":"2017-01-03T15:54:19","date_gmt":"2017-01-03T14:54:19","guid":{"rendered":"http:\/\/www.asnia.es\/?p=5462"},"modified":"2017-01-03T15:54:19","modified_gmt":"2017-01-03T14:54:19","slug":"revista-social-municipal-no-9-enero-2017","status":"publish","type":"post","link":"https:\/\/www.asnia.es\/?p=5462","title":{"rendered":"Revista Social Municipal n\u00ba 9 Enero 2017"},"content":{"rendered":"<p style=\"text-align: justify;\">Quieres conocer el movimiento social de Huelva? , pues echa un vistazo a la Revista Social Municipal de este mes de Enero, cargada de contenidos interesantes, donde Asnia esta presente para la captaci\u00f3n urgente de familias guardadoras y anunciando nuestra inminente exposici\u00f3n fotografica que se inaugurara el proximo dia 13 a las 20,00 h. en Casa Col\u00f3n, Sala de los Brazos<\/p>\n<p style=\"text-align: justify;\">Ay\u00fadanos a Ayudar\u2026.el bien com\u00fan es tarea de todos.<\/p>\n<p style=\"text-align: justify;\">REVISTA:&nbsp;<a href=\"http:\/\/www.asnia.es\/wp-content\/uploads\/2017\/01\/REVISTA-SOCIAL-MUNICIPAL-9-ENERO-2017.pdf\">REVISTA SOCIAL MUNICIPAL 9 ENERO 2017<\/a><\/p>\n<p style=\"text-align: justify;\"><a href=\"http:\/\/www.asnia.es\/wp-content\/uploads\/2016\/09\/descarga.png\"><img loading=\"lazy\" decoding=\"async\" class=\"aligncenter size-full wp-image-5271\" src=\"http:\/\/www.asnia.es\/wp-content\/uploads\/2016\/09\/descarga.png\" alt=\"\" width=\"242\" height=\"208\"><\/a><a href=\"http:\/\/www.asnia.es\/wp-content\/uploads\/2017\/01\/REVISTA-SOCIAL-MUNICIPAL-9-ENERO-2017_P\u00e1gina_03.jpg\"><img loading=\"lazy\" decoding=\"async\" class=\"alignleft wp-image-5464\" src=\"http:\/\/www.asnia.es\/wp-content\/uploads\/2017\/01\/REVISTA-SOCIAL-MUNICIPAL-9-ENERO-2017_P\u00e1gina_03-212x300.jpg\" width=\"213\" height=\"301\" srcset=\"https:\/\/www.asnia.es\/wp-content\/uploads\/2017\/01\/REVISTA-SOCIAL-MUNICIPAL-9-ENERO-2017_P\u00e1gina_03-212x300.jpg 212w, https:\/\/www.asnia.es\/wp-content\/uploads\/2017\/01\/REVISTA-SOCIAL-MUNICIPAL-9-ENERO-2017_P\u00e1gina_03-768x1086.jpg 768w, https:\/\/www.asnia.es\/wp-content\/uploads\/2017\/01\/REVISTA-SOCIAL-MUNICIPAL-9-ENERO-2017_P\u00e1gina_03-724x1024.jpg 724w, https:\/\/www.asnia.es\/wp-content\/uploads\/2017\/01\/REVISTA-SOCIAL-MUNICIPAL-9-ENERO-2017_P\u00e1gina_03.jpg 1654w\" sizes=\"auto, (max-width: 213px) 100vw, 213px\" \/><\/a><a href=\"http:\/\/www.asnia.es\/wp-content\/uploads\/2017\/01\/REVISTA-SOCIAL-MUNICIPAL-9-ENERO-2017_P\u00e1gina_08.jpg\"><img loading=\"lazy\" decoding=\"async\" class=\"aligncenter  wp-image-5465\" src=\"http:\/\/www.asnia.es\/wp-content\/uploads\/2017\/01\/REVISTA-SOCIAL-MUNICIPAL-9-ENERO-2017_P\u00e1gina_08-212x300.jpg\" alt=\"\" width=\"213\" height=\"301\" srcset=\"https:\/\/www.asnia.es\/wp-content\/uploads\/2017\/01\/REVISTA-SOCIAL-MUNICIPAL-9-ENERO-2017_P\u00e1gina_08-212x300.jpg 212w, https:\/\/www.asnia.es\/wp-content\/uploads\/2017\/01\/REVISTA-SOCIAL-MUNICIPAL-9-ENERO-2017_P\u00e1gina_08-768x1086.jpg 768w, https:\/\/www.asnia.es\/wp-content\/uploads\/2017\/01\/REVISTA-SOCIAL-MUNICIPAL-9-ENERO-2017_P\u00e1gina_08-724x1024.jpg 724w, https:\/\/www.asnia.es\/wp-content\/uploads\/2017\/01\/REVISTA-SOCIAL-MUNICIPAL-9-ENERO-2017_P\u00e1gina_08.jpg 1654w\" sizes=\"auto, (max-width: 213px) 100vw, 213px\" \/><\/a><\/p>\n","protected":false},"excerpt":{"rendered":"<p>Quieres conocer el movimiento social de Huelva? , pues echa un vistazo a la Revista Social Municipal de este mes de Enero, cargada de contenidos interesantes, donde Asnia esta presente para la captaci\u00f3n urgente de familias guardadoras y anunciando nuestra inminente exposici\u00f3n fotografica que se inaugurara el proximo dia 13 a las 20,00 h. en &hellip; <\/p>\n<p><a class=\"more-link btn\" href=\"https:\/\/www.asnia.es\/?p=5462\">Seguir leyendo<\/a><\/p>\n","protected":false},"author":1,"featured_media":0,"comment_status":"open","ping_status":"open","sticky":false,"template":"","format":"standard","meta":{"ngg_post_thumbnail":0,"footnotes":""},"categories":[1,26,8],"tags":[],"class_list":["post-5462","post","type-post","status-publish","format-standard","hentry","category-general","category-programa-2017","category-publicaciones","item-wrap"],"_links":{"self":[{"href":"https:\/\/www.asnia.es\/index.php?rest_route=\/wp\/v2\/posts\/5462","targetHints":{"allow":["GET"]}}],"collection":[{"href":"https:\/\/www.asnia.es\/index.php?rest_route=\/wp\/v2\/posts"}],"about":[{"href":"https:\/\/www.asnia.es\/index.php?rest_route=\/wp\/v2\/types\/post"}],"author":[{"embeddable":true,"href":"https:\/\/www.asnia.es\/index.php?rest_route=\/wp\/v2\/users\/1"}],"replies":[{"embeddable":true,"href":"https:\/\/www.asnia.es\/index.php?rest_route=%2Fwp%2Fv2%2Fcomments&post=5462"}],"version-history":[{"count":1,"href":"https:\/\/www.asnia.es\/index.php?rest_route=\/wp\/v2\/posts\/5462\/revisions"}],"predecessor-version":[{"id":5466,"href":"https:\/\/www.asnia.es\/index.php?rest_route=\/wp\/v2\/posts\/5462\/revisions\/5466"}],"wp:attachment":[{"href":"https:\/\/www.asnia.es\/index.php?rest_route=%2Fwp%2Fv2%2Fmedia&parent=5462"}],"wp:term":[{"taxonomy":"category","embeddable":true,"href":"https:\/\/www.asnia.es\/index.php?rest_route=%2Fwp%2Fv2%2Fcategories&post=5462"},{"taxonomy":"post_tag","embeddable":true,"href":"https:\/\/www.asnia.es\/index.php?rest_route=%2Fwp%2Fv2%2Ftags&post=5462"}],"curies":[{"name":"wp","href":"https:\/\/api.w.org\/{rel}","templated":true}]}}