{"id":5311,"date":"2016-11-20T14:23:15","date_gmt":"2016-11-20T12:23:15","guid":{"rendered":"http:\/\/www.asnia.es\/?p=5311"},"modified":"2016-11-20T14:24:23","modified_gmt":"2016-11-20T12:24:23","slug":"dia-universal-del-nino-2016","status":"publish","type":"post","link":"https:\/\/www.asnia.es\/?p=5311","title":{"rendered":"D\u00eda Universal del Ni\u00f1o 2016"},"content":{"rendered":"<p>&nbsp;<\/p>\n<p><a href=\"http:\/\/www.asnia.es\/wp-content\/uploads\/2016\/11\/15078781_10211265177843453_6061917718149215574_n.jpg\"><img loading=\"lazy\" decoding=\"async\" class=\"aligncenter size-full wp-image-5312\" src=\"http:\/\/www.asnia.es\/wp-content\/uploads\/2016\/11\/15078781_10211265177843453_6061917718149215574_n.jpg\" alt=\"15078781_10211265177843453_6061917718149215574_n\" width=\"500\" height=\"221\" srcset=\"https:\/\/www.asnia.es\/wp-content\/uploads\/2016\/11\/15078781_10211265177843453_6061917718149215574_n.jpg 500w, https:\/\/www.asnia.es\/wp-content\/uploads\/2016\/11\/15078781_10211265177843453_6061917718149215574_n-300x133.jpg 300w\" sizes=\"auto, (max-width: 500px) 100vw, 500px\" \/><\/a><\/p>\n<p style=\"text-align: justify;\">Todas nuestras vidas empezaron con el afecto humano como primer soporte. Los ni\u00f1os que crecen envueltos en afecto, sonr\u00eden m\u00e1s y son m\u00e1s amables. Generalmente son m\u00e1s equilibrados.<\/p>\n<p style=\"text-align: justify;\">Este domingo se celebra el D\u00eda Universal del Ni\u00f1o 2016 que busca fomentar la fraternidad entre los ni\u00f1os y las ni\u00f1as del mundo. El objetivo de la fecha es recordar a la ciudadan\u00eda que los infantes son el colectivo m\u00e1s vulnerable y por tanto el que m\u00e1s sufre las crisis y los problemas del mundo. \u00abEste d\u00eda mundial recuerda que todos los ni\u00f1os tienen derecho a la salud, la educaci\u00f3n y la protecci\u00f3n, independientemente del lugar del mundo en el que haya nacido\u00bb, expone la Unicef.<br \/>\nEsto, es tarea de todos!!!<\/p>\n","protected":false},"excerpt":{"rendered":"<p>&nbsp; Todas nuestras vidas empezaron con el afecto humano como primer soporte. Los ni\u00f1os que crecen envueltos en afecto, sonr\u00eden m\u00e1s y son m\u00e1s amables. Generalmente son m\u00e1s equilibrados. Este domingo se celebra el D\u00eda Universal del Ni\u00f1o 2016 que busca fomentar la fraternidad entre los ni\u00f1os y las ni\u00f1as del mundo. El objetivo de &hellip; <\/p>\n<p><a class=\"more-link btn\" href=\"https:\/\/www.asnia.es\/?p=5311\">Seguir leyendo<\/a><\/p>\n","protected":false},"author":1,"featured_media":0,"comment_status":"open","ping_status":"open","sticky":false,"template":"","format":"standard","meta":{"ngg_post_thumbnail":0,"footnotes":""},"categories":[1,25],"tags":[],"class_list":["post-5311","post","type-post","status-publish","format-standard","hentry","category-general","category-programa-2016","item-wrap"],"_links":{"self":[{"href":"https:\/\/www.asnia.es\/index.php?rest_route=\/wp\/v2\/posts\/5311","targetHints":{"allow":["GET"]}}],"collection":[{"href":"https:\/\/www.asnia.es\/index.php?rest_route=\/wp\/v2\/posts"}],"about":[{"href":"https:\/\/www.asnia.es\/index.php?rest_route=\/wp\/v2\/types\/post"}],"author":[{"embeddable":true,"href":"https:\/\/www.asnia.es\/index.php?rest_route=\/wp\/v2\/users\/1"}],"replies":[{"embeddable":true,"href":"https:\/\/www.asnia.es\/index.php?rest_route=%2Fwp%2Fv2%2Fcomments&post=5311"}],"version-history":[{"count":3,"href":"https:\/\/www.asnia.es\/index.php?rest_route=\/wp\/v2\/posts\/5311\/revisions"}],"predecessor-version":[{"id":5315,"href":"https:\/\/www.asnia.es\/index.php?rest_route=\/wp\/v2\/posts\/5311\/revisions\/5315"}],"wp:attachment":[{"href":"https:\/\/www.asnia.es\/index.php?rest_route=%2Fwp%2Fv2%2Fmedia&parent=5311"}],"wp:term":[{"taxonomy":"category","embeddable":true,"href":"https:\/\/www.asnia.es\/index.php?rest_route=%2Fwp%2Fv2%2Fcategories&post=5311"},{"taxonomy":"post_tag","embeddable":true,"href":"https:\/\/www.asnia.es\/index.php?rest_route=%2Fwp%2Fv2%2Ftags&post=5311"}],"curies":[{"name":"wp","href":"https:\/\/api.w.org\/{rel}","templated":true}]}}