{"id":5307,"date":"2016-11-17T13:36:31","date_gmt":"2016-11-17T11:36:31","guid":{"rendered":"http:\/\/www.asnia.es\/?p=5307"},"modified":"2016-11-29T16:54:52","modified_gmt":"2016-11-29T14:54:52","slug":"hijos-de-chernobyl-fotodocumental","status":"publish","type":"post","link":"https:\/\/www.asnia.es\/?p=5307","title":{"rendered":"Hijos de Chernobyl &#8211; FotoDocumental"},"content":{"rendered":"<p style=\"text-align: justify;\">Fotogramas de un tiempo inm\u00f3vil en el a\u00f1o 30 despu\u00e9s de Chern\u00f3bil. Una cifra anecd\u00f3tica si pensamos que har\u00e1n falta 24 millones m\u00e1s de aniversarios para dejar de tener razones por las que celebrarlo. A d\u00eda de hoy, los especialistas nos advierten que las peores consecuencias gen\u00e9ticas las sufrir\u00e1n los hijos de los ya no tan j\u00f3venes \u00abni\u00f1os de Chern\u00f3bil\u00bb. Una nueva generaci\u00f3n de bielorrusos, ucranianos y rusos que crecen record\u00e1ndonos por qu\u00e9 es y ser\u00e1 necesario seguir acogiendo.<\/p>\n<p style=\"text-align: justify;\">&nbsp;<\/p>\n<div class=\"embed-container\"><iframe loading=\"lazy\" title=\"Hijos de Chern\u00f3bil\" width=\"600\" height=\"338\" src=\"https:\/\/www.youtube.com\/embed\/6XsTSXeZDNg?feature=oembed\" frameborder=\"0\" allow=\"accelerometer; autoplay; clipboard-write; encrypted-media; gyroscope; picture-in-picture; web-share\" referrerpolicy=\"strict-origin-when-cross-origin\" allowfullscreen><\/iframe><\/div>\n<p style=\"text-align: justify;\">-.Producido por: Federaci\u00f3n Espa\u00f1ola de Acci\u00f3n Social con la Infancia Bielorrusa (FEDASIB)<\/p>\n<p style=\"text-align: justify;\">-.Equipo t\u00e9cnico:<\/p>\n<p style=\"text-align: justify;\">Direcci\u00f3n: Ra\u00fal Moreno &amp; Bruno Aretio Fotograf\u00eda: Ra\u00fal Moreno<\/p>\n<p style=\"text-align: justify;\">Sonido: Lu\u00eds Manuel Peramato Edici\u00f3n: Bruno Aretio<\/p>\n<p style=\"text-align: justify;\">Producci\u00f3n: Nieves S\u00e1nchez<\/p>\n<p style=\"text-align: justify;\">Asistente de producci\u00f3n: Olga Damarad &amp; Segei Damarad<\/p>\n<p style=\"text-align: justify;\">-Entrevistados: Liliya Lavsadze, Ivan Shavrei, Alexandr Mikhailovich, Nesterenko Alexei, Elena Baricevich, Polina Litvinovich, Nieves S\u00e1nchez.<\/p>\n<p style=\"text-align: justify;\">-M\u00fasica: Yavaro (2010) &#8211; \u201cPrimera\u201d. yavaro.com Yuri Morozov (1979) &#8211; \u201cHuman Extinction\u201d Nyctalgia (2010) &#8211; \u201cLost In Timeless Horizons\u201d -.Im\u00e1gen de archivo: Igor Kostin (2006): Chernobil: confesiones de un reportero. Barcelona, Editorial Efad\u00f3s<\/p>\n<p style=\"text-align: justify;\">-.Asociaciones federadas: ASNIA (Huelva) Azahar (Mor\u00f3n de la Frontera) Bikarte (Pa\u00eds Vasco) Collbato per la solidaritat (Barcelona) Confederaci\u00f3n de los santos Cirilo y Metodio (Sevilla) Familias solidarias de Lorca La sonrisa de un ni\u00f1o (M\u00e1laga) Ni\u00f1o Perdido (Utrera) Per Ells (Mallorca) Proni\u00f1os del mundo (Madrid) SANICHER (Sierra de Huelva) Un sonrriure per Xernobil (Mallorca)<\/p>\n<p style=\"text-align: justify;\">-.Contrapartes Bielorrusas: ASIMIB, ANASTASIYA y BELRAD<\/p>\n<p style=\"text-align: justify;\">-.Traducci\u00f3n: Anastasia Mendieta, Julia Voitovich, Liana Dzhishkariani, Mijail Mardyko, Olga Klymenko, Svetlana Svetegor, Tatiana Shidlovskaya, Valya Utlik.<\/p>\n<p style=\"text-align: justify;\">-.Agradecimientos: Vladimir Anichkin, Roman Katkevich, Michel Bondar, Eugenyi Ukrainshev, Yan Papkov, Carolina Medina, Marina Ovsyannikova, Tania Ustimenko, Svetlana Svetogor, Yulia Ustimenko, Svetlana Shmagailo, Mar\u00eda Tom\u00e1s Navarro.<\/p>\n","protected":false},"excerpt":{"rendered":"<p>Fotogramas de un tiempo inm\u00f3vil en el a\u00f1o 30 despu\u00e9s de Chern\u00f3bil. Una cifra anecd\u00f3tica si pensamos que har\u00e1n falta 24 millones m\u00e1s de aniversarios para dejar de tener razones por las que celebrarlo. A d\u00eda de hoy, los especialistas nos advierten que las peores consecuencias gen\u00e9ticas las sufrir\u00e1n los hijos de los ya no &hellip; <\/p>\n<p><a class=\"more-link btn\" href=\"https:\/\/www.asnia.es\/?p=5307\">Seguir leyendo<\/a><\/p>\n","protected":false},"author":1,"featured_media":0,"comment_status":"open","ping_status":"open","sticky":false,"template":"","format":"standard","meta":{"ngg_post_thumbnail":0,"footnotes":""},"categories":[1,22,26,23],"tags":[],"class_list":["post-5307","post","type-post","status-publish","format-standard","hentry","category-general","category-noticias-exposiciones-y-documentales","category-programa-2017","category-programas-escolarizacion-menores","item-wrap"],"_links":{"self":[{"href":"https:\/\/www.asnia.es\/index.php?rest_route=\/wp\/v2\/posts\/5307","targetHints":{"allow":["GET"]}}],"collection":[{"href":"https:\/\/www.asnia.es\/index.php?rest_route=\/wp\/v2\/posts"}],"about":[{"href":"https:\/\/www.asnia.es\/index.php?rest_route=\/wp\/v2\/types\/post"}],"author":[{"embeddable":true,"href":"https:\/\/www.asnia.es\/index.php?rest_route=\/wp\/v2\/users\/1"}],"replies":[{"embeddable":true,"href":"https:\/\/www.asnia.es\/index.php?rest_route=%2Fwp%2Fv2%2Fcomments&post=5307"}],"version-history":[{"count":2,"href":"https:\/\/www.asnia.es\/index.php?rest_route=\/wp\/v2\/posts\/5307\/revisions"}],"predecessor-version":[{"id":5310,"href":"https:\/\/www.asnia.es\/index.php?rest_route=\/wp\/v2\/posts\/5307\/revisions\/5310"}],"wp:attachment":[{"href":"https:\/\/www.asnia.es\/index.php?rest_route=%2Fwp%2Fv2%2Fmedia&parent=5307"}],"wp:term":[{"taxonomy":"category","embeddable":true,"href":"https:\/\/www.asnia.es\/index.php?rest_route=%2Fwp%2Fv2%2Fcategories&post=5307"},{"taxonomy":"post_tag","embeddable":true,"href":"https:\/\/www.asnia.es\/index.php?rest_route=%2Fwp%2Fv2%2Ftags&post=5307"}],"curies":[{"name":"wp","href":"https:\/\/api.w.org\/{rel}","templated":true}]}}