{"id":5248,"date":"2016-07-28T13:30:05","date_gmt":"2016-07-28T11:30:05","guid":{"rendered":"http:\/\/www.asnia.es\/?p=5248"},"modified":"2016-08-04T13:42:46","modified_gmt":"2016-08-04T11:42:46","slug":"nuestra-velada-en-catamaran-por-la-ria-de-huelva","status":"publish","type":"post","link":"https:\/\/www.asnia.es\/?p=5248","title":{"rendered":"Nuestra Velada en Catamaran por la R\u00eda de Huelva"},"content":{"rendered":"<div class=\"_1dwg _1w_m\">\n<div class=\"_3x-2\">\n<div>\n<div class=\"_5r69\">\n<div class=\"mtm\">\n<div class=\"mtm _5pcm\">\n<div class=\"mtm _5pco\" data-ft=\"{&quot;tn&quot;:&quot;K&quot;}\">\n<div id=\"id_57a3278ea80691550462118\" class=\"text_exposed_root text_exposed\">\n<p style=\"text-align: justify;\"><a href=\"http:\/\/www.asnia.es\/wp-content\/uploads\/2016\/08\/autoridad_portuaria_de_huelva.gif\"><img loading=\"lazy\" decoding=\"async\" class=\"aligncenter size-full wp-image-5249\" src=\"http:\/\/www.asnia.es\/wp-content\/uploads\/2016\/08\/autoridad_portuaria_de_huelva.gif\" alt=\"autoridad_portuaria_de_huelva\" width=\"400\" height=\"149\" \/><\/a><\/p>\n<p style=\"text-align: justify;\"><a href=\"http:\/\/www.asnia.es\/wp-content\/uploads\/2016\/08\/IMG_1276.jpg\"><img loading=\"lazy\" decoding=\"async\" class=\"aligncenter size-full wp-image-5250\" src=\"http:\/\/www.asnia.es\/wp-content\/uploads\/2016\/08\/IMG_1276.jpg\" alt=\"IMG_1276\" width=\"2592\" height=\"1728\" srcset=\"https:\/\/www.asnia.es\/wp-content\/uploads\/2016\/08\/IMG_1276.jpg 2592w, https:\/\/www.asnia.es\/wp-content\/uploads\/2016\/08\/IMG_1276-300x200.jpg 300w, https:\/\/www.asnia.es\/wp-content\/uploads\/2016\/08\/IMG_1276-768x512.jpg 768w, https:\/\/www.asnia.es\/wp-content\/uploads\/2016\/08\/IMG_1276-1024x683.jpg 1024w\" sizes=\"auto, (max-width: 2592px) 100vw, 2592px\" \/><\/a><\/p>\n<p style=\"text-align: justify;\">En el dia de ayer, con un Paseo en Catamar\u00e1n por la R\u00eda de Huelva, hasta llegar al puerto deportivo de Punta Umbr\u00eda, disfrutando de un paraje natural inigualabl<span class=\"text_exposed_show\">e, acompa\u00f1ado de un servicio de catering durante la traves\u00eda, todo ello ofrecido a Asnia Huelva, por la Autoridad Portuaria de la capital y su Presidente Javier Barrero, quien nos acompa\u00f1\u00f3 en el embarque, emocionado de conocer nuestro colectivo, damos por concluido nuestro calendario de actividades 2016. Desde aqui queremos mostrarle nuestro m\u00e1s sincero agradecimiento.<br \/>\nSin pensar que el pr\u00f3ximo encuentro ser\u00e1 el 11 de agosto para la partida de nuestro grupo, comienza nuestra cuenta atr\u00e1s para el pr\u00f3ximo 2017. Desde ya comienza nuestro trabajo, nuestros proyectos, nuestras inquietudes y nuestra meta que no es otra que conseguir sacar el mayor n\u00famero posible de menores en las zonas radiadas de Bielorrusia y orfanatos, darles una esperanza de futuro, una infancia digna libre de enfermedades y carencias.<\/span><\/p>\n<p style=\"text-align: justify;\"><span class=\"text_exposed_show\"><a href=\"http:\/\/www.asnia.es\/wp-content\/uploads\/2016\/08\/IMG_1280.jpg\"><img loading=\"lazy\" decoding=\"async\" class=\"aligncenter size-full wp-image-5251\" src=\"http:\/\/www.asnia.es\/wp-content\/uploads\/2016\/08\/IMG_1280.jpg\" alt=\"IMG_1280\" width=\"2592\" height=\"1728\" srcset=\"https:\/\/www.asnia.es\/wp-content\/uploads\/2016\/08\/IMG_1280.jpg 2592w, https:\/\/www.asnia.es\/wp-content\/uploads\/2016\/08\/IMG_1280-300x200.jpg 300w, https:\/\/www.asnia.es\/wp-content\/uploads\/2016\/08\/IMG_1280-768x512.jpg 768w, https:\/\/www.asnia.es\/wp-content\/uploads\/2016\/08\/IMG_1280-1024x683.jpg 1024w\" sizes=\"auto, (max-width: 2592px) 100vw, 2592px\" \/><\/a>Fue una jornada distendida, conviviendo entre familias, risas, bailes&#8230;.con una asistencia masiva de todo el colectivo.<br \/>\nTambi\u00e9n fue un motivo de encuentro con compa\u00f1eros que siguen nuestra trayectoria y que siempre formar\u00e1n parte de nuestra historia como Asociaci\u00f3n, <a class=\"profileLink\" href=\"https:\/\/www.facebook.com\/jose.jimenezbatista\" data-hovercard=\"\/ajax\/hovercard\/user.php?id=100003197337517\">Jose Jimenez Batista<\/a>, socio fundador en el 2008, <a class=\"profileLink\" href=\"https:\/\/www.facebook.com\/profile.php?id=100001627092878\" data-hovercard=\"\/ajax\/hovercard\/user.php?id=100001627092878\">Javi Naranjo<\/a>, amigo y compa\u00f1ero de voluntariado. No puedo olvidarme de los que no estuvieron. pero que me consta siguen de cerca nuestro proyecto. <a id=\"js_1k\" class=\"profileLink\" href=\"https:\/\/www.facebook.com\/paco.cruzdominguez\" data-hovercard=\"\/ajax\/hovercard\/user.php?id=100008100967847\">Paco Cruz Dominguez<\/a>, tambien socio fundador de nuestro colectivo y <a class=\"profileLink\" href=\"https:\/\/www.facebook.com\/cristina.cubero.3\" data-hovercard=\"\/ajax\/hovercard\/user.php?id=100003176735217\">Cristina Cubero<\/a>, Gracias por concedernos vuestro tiempo y compa\u00f1\u00eda. Esta es y ser\u00e1 siempre vuestra casa. Tambi\u00e9n tenemos amigos que se acercan para compartir nuestra experiencia como Luis Jimenez, fue un placer tenerte entre nosotros. ser\u00e1s siempre bienvenido.<\/span><\/p>\n<p style=\"text-align: justify;\"><span class=\"text_exposed_show\"><a href=\"http:\/\/www.asnia.es\/wp-content\/uploads\/2016\/08\/IMG_1281.jpg\"><img loading=\"lazy\" decoding=\"async\" class=\"aligncenter size-full wp-image-5252\" src=\"http:\/\/www.asnia.es\/wp-content\/uploads\/2016\/08\/IMG_1281.jpg\" alt=\"IMG_1281\" width=\"2592\" height=\"1728\" srcset=\"https:\/\/www.asnia.es\/wp-content\/uploads\/2016\/08\/IMG_1281.jpg 2592w, https:\/\/www.asnia.es\/wp-content\/uploads\/2016\/08\/IMG_1281-300x200.jpg 300w, https:\/\/www.asnia.es\/wp-content\/uploads\/2016\/08\/IMG_1281-768x512.jpg 768w, https:\/\/www.asnia.es\/wp-content\/uploads\/2016\/08\/IMG_1281-1024x683.jpg 1024w\" sizes=\"auto, (max-width: 2592px) 100vw, 2592px\" \/><\/a><\/span><span class=\"text_exposed_show\">No puedo olvidarme de los voluntarios, <a class=\"profileLink\" href=\"https:\/\/www.facebook.com\/Raquel.Pino.Rengel\" data-hovercard=\"\/ajax\/hovercard\/user.php?id=1251964135\">Raquel Pino Rengel<\/a> (Fot\u00f3grafa), <a class=\"profileLink\" href=\"https:\/\/www.facebook.com\/profile.php?id=100009739090666\" data-hovercard=\"\/ajax\/hovercard\/user.php?id=100009739090666\">Alex S\u00e1nchez<\/a>,<a class=\"profileLink\" href=\"https:\/\/www.facebook.com\/alejandro.garciaruiz.9803\" data-hovercard=\"\/ajax\/hovercard\/user.php?id=100003583455670\">Alejandro Garc\u00eda Ruiz<\/a>, <a class=\"profileLink\" href=\"https:\/\/www.facebook.com\/lucperm\" data-hovercard=\"\/ajax\/hovercard\/user.php?id=100001543906142\">Luc\u00eda P\u00e9rez<\/a> (Psic\u00f3loga) y nuestro eterno monitor <a class=\"profileLink\" href=\"https:\/\/www.facebook.com\/mijail.mardyko\" data-hovercard=\"\/ajax\/hovercard\/user.php?id=1768435472\">Mijail Mardyko<\/a> (el calor de Huelva te espera cada a\u00f1o&#8230;jajajaja)<br \/>\nY SOBRE TODAS LAS COSAS, GRACIAS A LAS FAMILIAS GUARDADORAS DE ASNIA. ELLOS SON EL MOTOR DE ESTE PROGRAMA DE SANACI\u00d3N, SIN VOSOTROS NADA SER\u00cdA POSIBLE!!!!<br \/>\nVAMOS A POR EL PROGRAMA DE SANACI\u00d3N 2017&#8230;.Y A SEGUIR SUMANDO.<br \/>\nGRACIAS, GRACIAS, GRACIAS!!!!<\/span><\/p>\n<p style=\"text-align: justify;\"><a href=\"http:\/\/www.asnia.es\/wp-content\/uploads\/2016\/08\/IMG_1284.jpg\"><img loading=\"lazy\" decoding=\"async\" class=\"aligncenter size-full wp-image-5253\" src=\"http:\/\/www.asnia.es\/wp-content\/uploads\/2016\/08\/IMG_1284.jpg\" alt=\"IMG_1284\" width=\"2592\" height=\"1728\" srcset=\"https:\/\/www.asnia.es\/wp-content\/uploads\/2016\/08\/IMG_1284.jpg 2592w, https:\/\/www.asnia.es\/wp-content\/uploads\/2016\/08\/IMG_1284-300x200.jpg 300w, https:\/\/www.asnia.es\/wp-content\/uploads\/2016\/08\/IMG_1284-768x512.jpg 768w, https:\/\/www.asnia.es\/wp-content\/uploads\/2016\/08\/IMG_1284-1024x683.jpg 1024w\" sizes=\"auto, (max-width: 2592px) 100vw, 2592px\" \/><\/a><\/p>\n<\/div>\n<div class=\"_5wpt\" style=\"text-align: justify;\"><\/div>\n<\/div>\n<\/div>\n<\/div>\n<\/div>\n<\/div>\n<\/div>\n<\/div>\n<div><\/div>\n","protected":false},"excerpt":{"rendered":"<p>En el dia de ayer, con un Paseo en Catamar\u00e1n por la R\u00eda de Huelva, hasta llegar al puerto deportivo de Punta Umbr\u00eda, disfrutando de un paraje natural inigualable, acompa\u00f1ado de un servicio de catering durante la traves\u00eda, todo ello ofrecido a Asnia Huelva, por la Autoridad Portuaria de la capital y su Presidente Javier &hellip; <\/p>\n<p><a class=\"more-link btn\" href=\"https:\/\/www.asnia.es\/?p=5248\">Seguir leyendo<\/a><\/p>\n","protected":false},"author":1,"featured_media":0,"comment_status":"open","ping_status":"open","sticky":false,"template":"","format":"standard","meta":{"ngg_post_thumbnail":0,"footnotes":""},"categories":[1,25],"tags":[],"class_list":["post-5248","post","type-post","status-publish","format-standard","hentry","category-general","category-programa-2016","item-wrap"],"_links":{"self":[{"href":"https:\/\/www.asnia.es\/index.php?rest_route=\/wp\/v2\/posts\/5248","targetHints":{"allow":["GET"]}}],"collection":[{"href":"https:\/\/www.asnia.es\/index.php?rest_route=\/wp\/v2\/posts"}],"about":[{"href":"https:\/\/www.asnia.es\/index.php?rest_route=\/wp\/v2\/types\/post"}],"author":[{"embeddable":true,"href":"https:\/\/www.asnia.es\/index.php?rest_route=\/wp\/v2\/users\/1"}],"replies":[{"embeddable":true,"href":"https:\/\/www.asnia.es\/index.php?rest_route=%2Fwp%2Fv2%2Fcomments&post=5248"}],"version-history":[{"count":1,"href":"https:\/\/www.asnia.es\/index.php?rest_route=\/wp\/v2\/posts\/5248\/revisions"}],"predecessor-version":[{"id":5254,"href":"https:\/\/www.asnia.es\/index.php?rest_route=\/wp\/v2\/posts\/5248\/revisions\/5254"}],"wp:attachment":[{"href":"https:\/\/www.asnia.es\/index.php?rest_route=%2Fwp%2Fv2%2Fmedia&parent=5248"}],"wp:term":[{"taxonomy":"category","embeddable":true,"href":"https:\/\/www.asnia.es\/index.php?rest_route=%2Fwp%2Fv2%2Fcategories&post=5248"},{"taxonomy":"post_tag","embeddable":true,"href":"https:\/\/www.asnia.es\/index.php?rest_route=%2Fwp%2Fv2%2Ftags&post=5248"}],"curies":[{"name":"wp","href":"https:\/\/api.w.org\/{rel}","templated":true}]}}