{"id":5207,"date":"2016-07-07T14:56:07","date_gmt":"2016-07-07T12:56:07","guid":{"rendered":"http:\/\/www.asnia.es\/?p=5207"},"modified":"2016-07-10T16:02:32","modified_gmt":"2016-07-10T14:02:32","slug":"convivencia-paella-y-merienda-en-la-piscina-municipal-de-bonares","status":"publish","type":"post","link":"https:\/\/www.asnia.es\/?p=5207","title":{"rendered":"Convivencia: Paella y Merienda en la Piscina Municipal de Bonares"},"content":{"rendered":"<p style=\"text-align: justify;\"><a href=\"http:\/\/www.asnia.es\/wp-content\/uploads\/2016\/07\/logo-aytobonares.jpg\"><img loading=\"lazy\" decoding=\"async\" class=\"aligncenter size-full wp-image-5208\" src=\"http:\/\/www.asnia.es\/wp-content\/uploads\/2016\/07\/logo-aytobonares.jpg\" alt=\"logo-aytobonares\" width=\"450\" height=\"166\" srcset=\"https:\/\/www.asnia.es\/wp-content\/uploads\/2016\/07\/logo-aytobonares.jpg 450w, https:\/\/www.asnia.es\/wp-content\/uploads\/2016\/07\/logo-aytobonares-300x111.jpg 300w\" sizes=\"auto, (max-width: 450px) 100vw, 450px\" \/><\/a><\/p>\n<p style=\"text-align: justify;\">Ayer fue un d\u00eda muy especial dentro del marco de actividades previstas para este a\u00f1o. Un total de 68 personas y por gentileza del Excmo. Ayuntamiento de Bonares<span class=\"text_exposed_show\"> tuvimos a nuestra disposici\u00f3n las instalaciones de la Piscina Municipal. Comenzamos la ma\u00f1ana con una distendida convivencia entre las familias mientras los chicos se daban los primeros chapuzones para dar paso a una suculenta paella ofrecida por la Asociacion a todas las familias. El d\u00eda estuvo un tanto extra\u00f1o en cuanto al tiempo se refiere pero ello no nos priv\u00f3 de disfrutar de una exquisita merienda en esta ocasi\u00f3n una vez m\u00e1s por gentileza del Ayuntamiento de Bonares y desde su Concejal\u00eda de Bienestar Social donde estuvimos acompa\u00f1ados por el Concejal <a class=\"profileLink\" href=\"https:\/\/www.facebook.com\/juande.jaenmoreno\" data-hovercard=\"\/ajax\/hovercard\/user.php?id=1777639487\">Juande Jaen Moreno<\/a>, la concejala de Juventud y dem\u00e1s t\u00e9cnicos del \u00c1rea. No hay que olvidar la inmejorable atenci\u00f3n del catering que lo dispuso todo Taberna de Vargas y Sal\u00f3n Antonio Olivares. Gracias a todos y por todo!!!<br \/>\nNuestra Fotografa <a id=\"js_3j\" class=\"profileLink\" href=\"https:\/\/www.facebook.com\/Raquel.Pino.Rengel\" data-hovercard=\"\/ajax\/hovercard\/user.php?id=1251964135\">Raquel Pino Rengel<\/a>, un elemento important\u00edsimo para llegar a todos vosotros!!!!<\/span><\/p>\n<p style=\"text-align: justify;\"><a href=\"http:\/\/www.asnia.es\/wp-content\/uploads\/2016\/07\/IMG_2218-FILEminimizer.jpg\"><img loading=\"lazy\" decoding=\"async\" class=\"aligncenter size-full wp-image-5209\" src=\"http:\/\/www.asnia.es\/wp-content\/uploads\/2016\/07\/IMG_2218-FILEminimizer.jpg\" alt=\"IMG_2218 (FILEminimizer)\" width=\"720\" height=\"480\" srcset=\"https:\/\/www.asnia.es\/wp-content\/uploads\/2016\/07\/IMG_2218-FILEminimizer.jpg 720w, https:\/\/www.asnia.es\/wp-content\/uploads\/2016\/07\/IMG_2218-FILEminimizer-300x200.jpg 300w\" sizes=\"auto, (max-width: 720px) 100vw, 720px\" \/><\/a><\/p>\n<p style=\"text-align: justify;\"><a href=\"http:\/\/www.asnia.es\/wp-content\/uploads\/2016\/07\/IMG_2157-FILEminimizer.jpg\"><img loading=\"lazy\" decoding=\"async\" class=\"aligncenter size-full wp-image-5210\" src=\"http:\/\/www.asnia.es\/wp-content\/uploads\/2016\/07\/IMG_2157-FILEminimizer.jpg\" alt=\"IMG_2157 (FILEminimizer)\" width=\"720\" height=\"480\" srcset=\"https:\/\/www.asnia.es\/wp-content\/uploads\/2016\/07\/IMG_2157-FILEminimizer.jpg 720w, https:\/\/www.asnia.es\/wp-content\/uploads\/2016\/07\/IMG_2157-FILEminimizer-300x200.jpg 300w\" sizes=\"auto, (max-width: 720px) 100vw, 720px\" \/><\/a><\/p>\n<p style=\"text-align: justify;\"><a href=\"http:\/\/www.asnia.es\/wp-content\/uploads\/2016\/07\/13619908_10209934998229794_4806806267390016237_n.jpg\"><img loading=\"lazy\" decoding=\"async\" class=\"aligncenter size-full wp-image-5214\" src=\"http:\/\/www.asnia.es\/wp-content\/uploads\/2016\/07\/13619908_10209934998229794_4806806267390016237_n.jpg\" alt=\"13619908_10209934998229794_4806806267390016237_n\" width=\"960\" height=\"960\" srcset=\"https:\/\/www.asnia.es\/wp-content\/uploads\/2016\/07\/13619908_10209934998229794_4806806267390016237_n.jpg 960w, https:\/\/www.asnia.es\/wp-content\/uploads\/2016\/07\/13619908_10209934998229794_4806806267390016237_n-150x150.jpg 150w, https:\/\/www.asnia.es\/wp-content\/uploads\/2016\/07\/13619908_10209934998229794_4806806267390016237_n-300x300.jpg 300w, https:\/\/www.asnia.es\/wp-content\/uploads\/2016\/07\/13619908_10209934998229794_4806806267390016237_n-768x768.jpg 768w\" sizes=\"auto, (max-width: 960px) 100vw, 960px\" \/><\/a><\/p>\n<p style=\"text-align: justify;\">\n","protected":false},"excerpt":{"rendered":"<p>Ayer fue un d\u00eda muy especial dentro del marco de actividades previstas para este a\u00f1o. Un total de 68 personas y por gentileza del Excmo. Ayuntamiento de Bonares tuvimos a nuestra disposici\u00f3n las instalaciones de la Piscina Municipal. Comenzamos la ma\u00f1ana con una distendida convivencia entre las familias mientras los chicos se daban los primeros &hellip; <\/p>\n<p><a class=\"more-link btn\" href=\"https:\/\/www.asnia.es\/?p=5207\">Seguir leyendo<\/a><\/p>\n","protected":false},"author":1,"featured_media":0,"comment_status":"open","ping_status":"open","sticky":false,"template":"","format":"standard","meta":{"ngg_post_thumbnail":0,"footnotes":""},"categories":[1,25],"tags":[],"class_list":["post-5207","post","type-post","status-publish","format-standard","hentry","category-general","category-programa-2016","item-wrap"],"_links":{"self":[{"href":"https:\/\/www.asnia.es\/index.php?rest_route=\/wp\/v2\/posts\/5207","targetHints":{"allow":["GET"]}}],"collection":[{"href":"https:\/\/www.asnia.es\/index.php?rest_route=\/wp\/v2\/posts"}],"about":[{"href":"https:\/\/www.asnia.es\/index.php?rest_route=\/wp\/v2\/types\/post"}],"author":[{"embeddable":true,"href":"https:\/\/www.asnia.es\/index.php?rest_route=\/wp\/v2\/users\/1"}],"replies":[{"embeddable":true,"href":"https:\/\/www.asnia.es\/index.php?rest_route=%2Fwp%2Fv2%2Fcomments&post=5207"}],"version-history":[{"count":3,"href":"https:\/\/www.asnia.es\/index.php?rest_route=\/wp\/v2\/posts\/5207\/revisions"}],"predecessor-version":[{"id":5216,"href":"https:\/\/www.asnia.es\/index.php?rest_route=\/wp\/v2\/posts\/5207\/revisions\/5216"}],"wp:attachment":[{"href":"https:\/\/www.asnia.es\/index.php?rest_route=%2Fwp%2Fv2%2Fmedia&parent=5207"}],"wp:term":[{"taxonomy":"category","embeddable":true,"href":"https:\/\/www.asnia.es\/index.php?rest_route=%2Fwp%2Fv2%2Fcategories&post=5207"},{"taxonomy":"post_tag","embeddable":true,"href":"https:\/\/www.asnia.es\/index.php?rest_route=%2Fwp%2Fv2%2Ftags&post=5207"}],"curies":[{"name":"wp","href":"https:\/\/api.w.org\/{rel}","templated":true}]}}