{"id":5200,"date":"2016-07-01T14:47:41","date_gmt":"2016-07-01T12:47:41","guid":{"rendered":"http:\/\/www.asnia.es\/?p=5200"},"modified":"2016-07-10T14:50:54","modified_gmt":"2016-07-10T12:50:54","slug":"muy-agradecidos","status":"publish","type":"post","link":"https:\/\/www.asnia.es\/?p=5200","title":{"rendered":"Muy Agradecidos!!!!"},"content":{"rendered":"<p style=\"text-align: justify;\"><a href=\"http:\/\/www.asnia.es\/wp-content\/uploads\/2016\/07\/asnia-big.png\"><img loading=\"lazy\" decoding=\"async\" class=\"aligncenter size-full wp-image-5201\" src=\"http:\/\/www.asnia.es\/wp-content\/uploads\/2016\/07\/asnia-big.png\" alt=\"asnia-big\" width=\"199\" height=\"200\" srcset=\"https:\/\/www.asnia.es\/wp-content\/uploads\/2016\/07\/asnia-big.png 199w, https:\/\/www.asnia.es\/wp-content\/uploads\/2016\/07\/asnia-big-150x150.png 150w\" sizes=\"auto, (max-width: 199px) 100vw, 199px\" \/><\/a><\/p>\n<p style=\"text-align: justify;\">DESDE ASNIA, EN NOMBRE DE NUESTROS MENORES Y FAMILIAS GUARDADORAS ONUBENSES, APROVECHAMOS LA OCASI\u00d3N PARA AGRADECER A LA ECMA. DIPUTACI\u00d3N, (COFINANCIADOR EN NU<span class=\"text_exposed_show\">ESTRO PROYECTO) A SU VICEPRESIDENTA Y RESPONSABLE DEL \u00c1REA DE COOPERACI\u00d3N INTERNACIONAL M\u00aa EUGENIA LIM\u00d3N Y EXCMO. AYUNTAMIENTO DE HUELVA, DESDE SU CONCEJALA DE POL\u00cdTICAS SOCIALES, <a class=\"profileLink\" href=\"https:\/\/www.facebook.com\/alicia.narcisorufo\" data-hovercard=\"\/ajax\/hovercard\/user.php?id=1587661566\">Alicia Narciso Rufo<\/a>, POR LAS RECEPCIONES QUE NOS HAN OFRECIDO HOY, SOLIDARIAS, C\u00c1LIDAS Y CERCANAS, DONDE HAN MOSTRADO SU COMPROMISO PARA CON NUESTRO PROYECTO, OFRECI\u00c9NDONOS HERRAMIENTAS QUE SE EST\u00c1N DESARROLLANDO TANTO DESDE EL \u00c1REA DE COOPERACI\u00d3N INTERNACIONAL DE LA DIPUTACI\u00d3N AS\u00cd COMO DESDE LA CONCEJAL\u00cdA DE POL\u00cdTICAS SOCIALES DEL AYUNTAMIENTO, PARA FOMENTAR LA ACOGIDA DE LOS HIJOS DE CHERNOBYL. OBJETIVO: QUE EL PR\u00d3XIMO 2017 NUESTRO PROGRAMA DE SANACI\u00d3N TOME UNA MAYOR PROYECCI\u00d3N Y QUE SE QUEDEN EL MENOR N\u00daMERO DE NI\u00d1@S POSIBLE SIN TENER POSIBILIDAD DE UN FUTURO MEJOR, LIBRE DE ENFERMEDADES PRODUCIDAS POR LOS RADIONUCLEIDOS QUE ACUMULAN EN SU ORGANISMO A TRAV\u00c9S DE SU CADENA ALIMENTICIA.<br \/>\nANTES DE CONCLUIR ESTA ENTRADA TENGO QUE HACER UNA MENCI\u00d3N ESPECIAL AL T\u00c9CNICO DEL \u00c1REA DE COOPERACI\u00d3N INTERNACIONAL DE LA DIPUTACI\u00d3N DE HUELVA, JAVIER MOYA, RESPONSABLE DE NUESTRO PROYECTO. GRACIAS POR TODO JAVIER!!!<\/span><\/p>\n<div class=\"text_exposed_show\">\n<p style=\"text-align: justify;\">\u00abAY\u00daDANOS A AYUDAR. SI A LA VIDA, ACOGE\u00bb<\/p>\n<p style=\"text-align: justify;\">JUNTOS POR UNA INFANCIA DIGNA <a href=\"http:\/\/l.facebook.com\/l.php?u=http%3A%2F%2Fwww.asnia.es%2F&amp;h=_AQFRU4H4AQGNY09zfka8XYbYfyYC6zJ-HtGrjfC4XgVTnQ&amp;enc=AZNPa6JKtf7H-ju3lo2ZWQItO8P_Z61AtCAi-VB9vry8za46t4R3pXwACB7sESS94hP8BwGpwwttX4WL9UKnYSb9BUcSScG5D1rmG-LnaMFEMpMozQQRaXP6b5Z2ipwmKdeOXNZF3S60bjQynrN8l3nXS7agGThKVIsywtv5EXdgJa-OZknCiIEF1bap_YRjCKdSl7n5uUloRI6MTxIdYpMd&amp;s=1\" target=\"_blank\" rel=\"nofollow\">www.asnia.es<\/a> tlf. 645.43.66.10<\/p>\n<\/div>\n","protected":false},"excerpt":{"rendered":"<p>DESDE ASNIA, EN NOMBRE DE NUESTROS MENORES Y FAMILIAS GUARDADORAS ONUBENSES, APROVECHAMOS LA OCASI\u00d3N PARA AGRADECER A LA ECMA. DIPUTACI\u00d3N, (COFINANCIADOR EN NUESTRO PROYECTO) A SU VICEPRESIDENTA Y RESPONSABLE DEL \u00c1REA DE COOPERACI\u00d3N INTERNACIONAL M\u00aa EUGENIA LIM\u00d3N Y EXCMO. AYUNTAMIENTO DE HUELVA, DESDE SU CONCEJALA DE POL\u00cdTICAS SOCIALES, Alicia Narciso Rufo, POR LAS RECEPCIONES QUE &hellip; <\/p>\n<p><a class=\"more-link btn\" href=\"https:\/\/www.asnia.es\/?p=5200\">Seguir leyendo<\/a><\/p>\n","protected":false},"author":1,"featured_media":0,"comment_status":"open","ping_status":"open","sticky":false,"template":"","format":"standard","meta":{"ngg_post_thumbnail":0,"footnotes":""},"categories":[1,25],"tags":[],"class_list":["post-5200","post","type-post","status-publish","format-standard","hentry","category-general","category-programa-2016","item-wrap"],"_links":{"self":[{"href":"https:\/\/www.asnia.es\/index.php?rest_route=\/wp\/v2\/posts\/5200","targetHints":{"allow":["GET"]}}],"collection":[{"href":"https:\/\/www.asnia.es\/index.php?rest_route=\/wp\/v2\/posts"}],"about":[{"href":"https:\/\/www.asnia.es\/index.php?rest_route=\/wp\/v2\/types\/post"}],"author":[{"embeddable":true,"href":"https:\/\/www.asnia.es\/index.php?rest_route=\/wp\/v2\/users\/1"}],"replies":[{"embeddable":true,"href":"https:\/\/www.asnia.es\/index.php?rest_route=%2Fwp%2Fv2%2Fcomments&post=5200"}],"version-history":[{"count":1,"href":"https:\/\/www.asnia.es\/index.php?rest_route=\/wp\/v2\/posts\/5200\/revisions"}],"predecessor-version":[{"id":5202,"href":"https:\/\/www.asnia.es\/index.php?rest_route=\/wp\/v2\/posts\/5200\/revisions\/5202"}],"wp:attachment":[{"href":"https:\/\/www.asnia.es\/index.php?rest_route=%2Fwp%2Fv2%2Fmedia&parent=5200"}],"wp:term":[{"taxonomy":"category","embeddable":true,"href":"https:\/\/www.asnia.es\/index.php?rest_route=%2Fwp%2Fv2%2Fcategories&post=5200"},{"taxonomy":"post_tag","embeddable":true,"href":"https:\/\/www.asnia.es\/index.php?rest_route=%2Fwp%2Fv2%2Ftags&post=5200"}],"curies":[{"name":"wp","href":"https:\/\/api.w.org\/{rel}","templated":true}]}}