{"id":5198,"date":"2016-06-30T14:37:36","date_gmt":"2016-06-30T12:37:36","guid":{"rendered":"http:\/\/www.asnia.es\/?p=5198"},"modified":"2016-07-10T14:47:33","modified_gmt":"2016-07-10T12:47:33","slug":"medios-de-comunicacion-de-huelva-y-regional","status":"publish","type":"post","link":"https:\/\/www.asnia.es\/?p=5198","title":{"rendered":"Medios de Comunicaci\u00f3n de Huelva y Regional"},"content":{"rendered":"<h5 style=\"text-align: justify;\"><strong>LOS MEDIOS AUDIOVISUALES Y PRENSA ESCRITA DE HUELVA AS\u00cd COMO LA TELEVISI\u00d3N REGIONAL CANAL SUR, SE HACEN ECO DE LA LLEGADA DE ASNIA.HUELVA EN SU PROGRAMA DE SANACI\u00d3N 2016<\/strong><\/h5>\n<p style=\"text-align: justify;\">NOS SENTIMOS MUY SATISFECHOS QUE LOS MEDIOS DE COMUNICACI\u00d3N DEN COBERTURA A NUESTRO PROYECTO. EN LAS RECEPCIONES DE HOY HAN ESTADO PRESENTES TODOS TANTO LOS PRO<span class=\"text_exposed_show\">VINCIALES COMO LOS REGIONALES. AHORA ESPERAMOS QUE LA SOCIEDAD CIVIL DE HUELVA Y PROVINCIA DE SU RESPUESTA Y ENTREN A FORMAR PARTE DE LOS PROGRAMAS DE SANACI\u00d3N PARA LOS HIJOS DE CHERNOBYL QUE VIENE DESARROLLANDO LA ONG ASNIA.HUELVA. PARA MAS INFORMACI\u00d3N <a href=\"http:\/\/www.asnia.es\/\" target=\"_blank\" rel=\"nofollow\">www.asnia.es<\/a>, tlf. 645.43.66.10<\/span><\/p>\n<p>ENLACES DE INTERES:<\/p>\n<p><a href=\"http:\/\/www.diariodehuelva.es\/2016\/06\/30\/24-ninos-bielorrusos-llegan-a-huelva-para-pasar-un-verano-sanador\/\">http:\/\/www.diariodehuelva.es\/2016\/06\/30\/24-ninos-bielorrusos-llegan-a-huelva-para-pasar-un-verano-sanador\/<\/a><\/p>\n<p>&nbsp;<\/p>\n<div class=\"embed-container\">\n<blockquote class=\"wp-embedded-content\" data-secret=\"zDWODnH0BG\"><p><a href=\"https:\/\/huelvaya.es\/2016\/06\/30\/24-ninos-bielorrusos-llegan-a-huelva-para-pasar-sus-vacaciones-de-verano\/\">24 ni\u00f1os bielorrusos llegan a Huelva para pasar sus vacaciones de verano<\/a><\/p><\/blockquote>\n<p><iframe loading=\"lazy\" class=\"wp-embedded-content\" sandbox=\"allow-scripts\" security=\"restricted\" style=\"position: absolute; visibility: hidden;\" title=\"\u00ab24 ni\u00f1os bielorrusos llegan a Huelva para pasar sus vacaciones de verano\u00bb \u2014 \" src=\"https:\/\/huelvaya.es\/2016\/06\/30\/24-ninos-bielorrusos-llegan-a-huelva-para-pasar-sus-vacaciones-de-verano\/embed\/#?secret=l4qCrS9mRK#?secret=zDWODnH0BG\" data-secret=\"zDWODnH0BG\" width=\"600\" height=\"338\" frameborder=\"0\" marginwidth=\"0\" marginheight=\"0\" scrolling=\"no\"><\/iframe><\/div>\n<p><a href=\"http:\/\/huelva24.com\/not\/87043\/la-diputacion-recibe-a-los-24-ninos-bielorrusos-que-pasan-sus-vacaciones-de-verano-en-la-provincia\/\">http:\/\/huelva24.com\/not\/87043\/la-diputacion-recibe-a-los-24-ninos-bielorrusos-que-pasan-sus-vacaciones-de-verano-en-la-provincia\/<\/a><\/p>\n<p><a href=\"http:\/\/huelvabuenasnoticias.com\/2016\/06\/30\/un-total-de-24-ninos-bielorrusos-pasa-sus-vacaciones-de-verano-en-la-provincia\/\">http:\/\/huelvabuenasnoticias.com\/2016\/06\/30\/un-total-de-24-ninos-bielorrusos-pasa-sus-vacaciones-de-verano-en-la-provincia\/<\/a><\/p>\n<p>&nbsp;<\/p>\n","protected":false},"excerpt":{"rendered":"<p>LOS MEDIOS AUDIOVISUALES Y PRENSA ESCRITA DE HUELVA AS\u00cd COMO LA TELEVISI\u00d3N REGIONAL CANAL SUR, SE HACEN ECO DE LA LLEGADA DE ASNIA.HUELVA EN SU PROGRAMA DE SANACI\u00d3N 2016 NOS SENTIMOS MUY SATISFECHOS QUE LOS MEDIOS DE COMUNICACI\u00d3N DEN COBERTURA A NUESTRO PROYECTO. EN LAS RECEPCIONES DE HOY HAN ESTADO PRESENTES TODOS TANTO LOS PROVINCIALES &hellip; <\/p>\n<p><a class=\"more-link btn\" href=\"https:\/\/www.asnia.es\/?p=5198\">Seguir leyendo<\/a><\/p>\n","protected":false},"author":1,"featured_media":0,"comment_status":"open","ping_status":"open","sticky":false,"template":"","format":"standard","meta":{"ngg_post_thumbnail":0,"footnotes":""},"categories":[1,25],"tags":[],"class_list":["post-5198","post","type-post","status-publish","format-standard","hentry","category-general","category-programa-2016","item-wrap"],"_links":{"self":[{"href":"https:\/\/www.asnia.es\/index.php?rest_route=\/wp\/v2\/posts\/5198","targetHints":{"allow":["GET"]}}],"collection":[{"href":"https:\/\/www.asnia.es\/index.php?rest_route=\/wp\/v2\/posts"}],"about":[{"href":"https:\/\/www.asnia.es\/index.php?rest_route=\/wp\/v2\/types\/post"}],"author":[{"embeddable":true,"href":"https:\/\/www.asnia.es\/index.php?rest_route=\/wp\/v2\/users\/1"}],"replies":[{"embeddable":true,"href":"https:\/\/www.asnia.es\/index.php?rest_route=%2Fwp%2Fv2%2Fcomments&post=5198"}],"version-history":[{"count":1,"href":"https:\/\/www.asnia.es\/index.php?rest_route=\/wp\/v2\/posts\/5198\/revisions"}],"predecessor-version":[{"id":5199,"href":"https:\/\/www.asnia.es\/index.php?rest_route=\/wp\/v2\/posts\/5198\/revisions\/5199"}],"wp:attachment":[{"href":"https:\/\/www.asnia.es\/index.php?rest_route=%2Fwp%2Fv2%2Fmedia&parent=5198"}],"wp:term":[{"taxonomy":"category","embeddable":true,"href":"https:\/\/www.asnia.es\/index.php?rest_route=%2Fwp%2Fv2%2Fcategories&post=5198"},{"taxonomy":"post_tag","embeddable":true,"href":"https:\/\/www.asnia.es\/index.php?rest_route=%2Fwp%2Fv2%2Ftags&post=5198"}],"curies":[{"name":"wp","href":"https:\/\/api.w.org\/{rel}","templated":true}]}}