{"id":5095,"date":"2016-05-14T14:27:14","date_gmt":"2016-05-14T12:27:14","guid":{"rendered":"http:\/\/www.asnia.es\/?p=5095"},"modified":"2016-12-06T13:58:25","modified_gmt":"2016-12-06T12:58:25","slug":"raul-morenofoto","status":"publish","type":"post","link":"https:\/\/www.asnia.es\/?p=5095","title":{"rendered":"Raul Moreno@Foto"},"content":{"rendered":"<p style=\"text-align: justify;\"><a href=\"http:\/\/www.asnia.es\/wp-content\/uploads\/2016\/05\/FOTO-RAUL.jpg\"><img loading=\"lazy\" decoding=\"async\" class=\"aligncenter size-full wp-image-5096\" src=\"http:\/\/www.asnia.es\/wp-content\/uploads\/2016\/05\/FOTO-RAUL.jpg\" alt=\"FOTO RAUL\" width=\"1653\" height=\"1644\" srcset=\"https:\/\/www.asnia.es\/wp-content\/uploads\/2016\/05\/FOTO-RAUL.jpg 1653w, https:\/\/www.asnia.es\/wp-content\/uploads\/2016\/05\/FOTO-RAUL-150x150.jpg 150w, https:\/\/www.asnia.es\/wp-content\/uploads\/2016\/05\/FOTO-RAUL-300x298.jpg 300w, https:\/\/www.asnia.es\/wp-content\/uploads\/2016\/05\/FOTO-RAUL-768x764.jpg 768w, https:\/\/www.asnia.es\/wp-content\/uploads\/2016\/05\/FOTO-RAUL-1024x1018.jpg 1024w\" sizes=\"auto, (max-width: 1653px) 100vw, 1653px\" \/><\/a><\/p>\n<p style=\"text-align: justify;\">Gran entrevista de Ra\u00fal Moreno. Enhorabuena querido amigo. Te mereces todo lo bueno que te venga y m\u00e1s. Suerte en tu nuevo viaje y disfr\u00fatalo mucho &#8230;..un fuerte abrazo!!!<\/p>\n<p><a href=\"http:\/\/play.cadenaser.com\/audio\/005RD010000000145013\/\">http:\/\/play.cadenaser.com\/audio\/005RD010000000145013\/<\/a><\/p>\n","protected":false},"excerpt":{"rendered":"<p>Gran entrevista de Ra\u00fal Moreno. Enhorabuena querido amigo. Te mereces todo lo bueno que te venga y m\u00e1s. Suerte en tu nuevo viaje y disfr\u00fatalo mucho &#8230;..un fuerte abrazo!!! http:\/\/play.cadenaser.com\/audio\/005RD010000000145013\/<\/p>\n","protected":false},"author":1,"featured_media":0,"comment_status":"open","ping_status":"open","sticky":false,"template":"","format":"standard","meta":{"ngg_post_thumbnail":0,"footnotes":""},"categories":[1,22,25,23],"tags":[],"class_list":["post-5095","post","type-post","status-publish","format-standard","hentry","category-general","category-noticias-exposiciones-y-documentales","category-programa-2016","category-programas-escolarizacion-menores","item-wrap"],"_links":{"self":[{"href":"https:\/\/www.asnia.es\/index.php?rest_route=\/wp\/v2\/posts\/5095","targetHints":{"allow":["GET"]}}],"collection":[{"href":"https:\/\/www.asnia.es\/index.php?rest_route=\/wp\/v2\/posts"}],"about":[{"href":"https:\/\/www.asnia.es\/index.php?rest_route=\/wp\/v2\/types\/post"}],"author":[{"embeddable":true,"href":"https:\/\/www.asnia.es\/index.php?rest_route=\/wp\/v2\/users\/1"}],"replies":[{"embeddable":true,"href":"https:\/\/www.asnia.es\/index.php?rest_route=%2Fwp%2Fv2%2Fcomments&post=5095"}],"version-history":[{"count":2,"href":"https:\/\/www.asnia.es\/index.php?rest_route=\/wp\/v2\/posts\/5095\/revisions"}],"predecessor-version":[{"id":5402,"href":"https:\/\/www.asnia.es\/index.php?rest_route=\/wp\/v2\/posts\/5095\/revisions\/5402"}],"wp:attachment":[{"href":"https:\/\/www.asnia.es\/index.php?rest_route=%2Fwp%2Fv2%2Fmedia&parent=5095"}],"wp:term":[{"taxonomy":"category","embeddable":true,"href":"https:\/\/www.asnia.es\/index.php?rest_route=%2Fwp%2Fv2%2Fcategories&post=5095"},{"taxonomy":"post_tag","embeddable":true,"href":"https:\/\/www.asnia.es\/index.php?rest_route=%2Fwp%2Fv2%2Ftags&post=5095"}],"curies":[{"name":"wp","href":"https:\/\/api.w.org\/{rel}","templated":true}]}}